{"id":30462,"date":"2014-08-14T10:22:07","date_gmt":"2014-08-14T07:22:07","guid":{"rendered":"https:\/\/www.enerjigazetesi.ist\/?p=30462"},"modified":"2014-08-14T10:22:07","modified_gmt":"2014-08-14T07:22:07","slug":"elektrik-tuketimi-818-milyon-kwh-ile-cumhuriyet-tarihi-rekoru-kirildi","status":"publish","type":"post","link":"https:\/\/www.enerjigazetesi.ist\/en\/elektrik-tuketimi-818-milyon-kwh-ile-cumhuriyet-tarihi-rekoru-kirildi\/","title":{"rendered":"(Turkish) Elektrik T\u00fcketimi 818 Milyon kWh \u0130le Cumhuriyet Tarihi Rekoru K\u0131r\u0131ld\u0131&#8230;"},"content":{"rendered":"<p class=\"qtranxs-available-languages-message qtranxs-available-languages-message-en\">Sorry, this entry is only available in <a href=\"https:\/\/www.enerjigazetesi.ist\/tr\/wp-json\/wp\/v2\/posts\/30462\" class=\"qtranxs-available-language-link qtranxs-available-language-link-tr\" title=\"Turkish\">Turkish<\/a>. For the sake of viewer convenience, the content is shown below in the alternative language. You may click the link to switch the active language.<\/p><p><strong>TE\u0130A\u015e verilerine g\u00f6re, d\u00fcn T\u00fcrkiye genelinde 818 kWh Elektrik t\u00fcketilerek Cumhuriyet tarihi rekoru k\u0131r\u0131ld\u0131. D\u00fcn, anl\u0131k t\u00fcketim ise saat 13:20\u2032de 40 bin MW seviyesini gererek 40,233.1 MW oldu.<\/strong><\/p>\n<p>Ge\u00e7ti\u011fimiz ay, 23 Temmuz\u2019da g\u00fcnl\u00fck t\u00fcketimde 813 milyon kWh ile rekor k\u0131r\u0131lm\u0131\u015ft\u0131.\u00a0<img loading=\"lazy\" class=\"alignright size-medium wp-image-30463\" src=\"https:\/\/www.enerjigazetesi.ist\/wp-content\/uploads\/2014\/08\/elektrik-tuketim-rekoru-2014-yaz-megavat-300x141.png\" alt=\"elektrik-tuketim-rekoru-2014-yaz-megavat\" width=\"300\" height=\"141\" srcset=\"https:\/\/www.enerjigazetesi.ist\/wp-content\/uploads\/2014\/08\/elektrik-tuketim-rekoru-2014-yaz-megavat-300x141.png 300w, https:\/\/www.enerjigazetesi.ist\/wp-content\/uploads\/2014\/08\/elektrik-tuketim-rekoru-2014-yaz-megavat-500x236.png 500w, https:\/\/www.enerjigazetesi.ist\/wp-content\/uploads\/2014\/08\/elektrik-tuketim-rekoru-2014-yaz-megavat-80x37.png 80w, https:\/\/www.enerjigazetesi.ist\/wp-content\/uploads\/2014\/08\/elektrik-tuketim-rekoru-2014-yaz-megavat.png 822w\" sizes=\"(max-width: 300px) 100vw, 300px\" \/><br \/>\n<span id=\"more-66688\"><\/span><\/p>\n<p>Konu hakk\u0131nda a\u00e7\u0131klamalarda bulunan Y\u0131ld\u0131z yapt\u0131\u011f\u0131 a\u00e7\u0131klamada, bu t\u00fcketimin bir\u00e7ok \u00fclkenin 3 ayl\u0131k, 4 ayl\u0131k t\u00fcketimlerine denk gelen bir \u015fey\u201d dedi.<\/p>\n<p>D\u00fcn itibariyle g\u00fcnl\u00fck elektrik t\u00fcketiminin 818 milyon kWh\u2019ya \u00e7\u0131kt\u0131\u011f\u0131n\u0131, bu rakam\u0131n da T\u00fcrkiye Cumhuriyet tarihinin rekoru oldu\u011funu belirten Y\u0131ld\u0131z, \u015f\u00f6yle konu\u015ftu:<\/p>\n<p>\u201cBir g\u00fcnde 818 milyon kWh oldu. Bu, bir\u00e7ok \u00fclkenin 3 ayl\u0131k, 4 ayl\u0131k t\u00fcketimlerine denk gelen bir \u015fey ve \u00e7ok nadirdir 40 Megavat\u0131n \u00fczerine \u00e7\u0131kt\u0131k. Yani T\u00fcrkiye\u2019nin kurulu g\u00fcc\u00fc 66 bin MW\u2019ler civar\u0131nda. Enerji arz\u0131nda 5-6 MW arz fazlam\u0131z var. \u015e\u00fck\u00fcr olsun bir s\u0131k\u0131nt\u0131m\u0131z yok bu manada. Ge\u00e7en Ay irili, ufakl\u0131 25 tane santral devreye alm\u0131\u015f\u0131z. Bu, pazar g\u00fcnlerini hari\u00e7 tutarsak hemen hemen her G\u00fcn bir santral devreye almak anlam\u0131na geliyor. Bu a\u00e7\u0131dan \u00f6zel sekt\u00f6r yat\u0131r\u0131mc\u0131lar\u0131yla i\u015fbirli\u011fimiz devam ediyor.\u201d<\/p>\n<p>Kaynak: Enerji Enstit\u00fcs\u00fc<\/p>","protected":false},"excerpt":{"rendered":"<p>Sorry, this entry is only available in Turkish. For the sake of viewer convenience, the content is shown below in the alternative language. You may click the link to switch the active language.TE\u0130A\u015e verilerine g\u00f6re, d\u00fcn T\u00fcrkiye genelinde 818 kWh Elektrik t\u00fcketilerek Cumhuriyet tarihi rekoru k\u0131r\u0131ld\u0131. D\u00fcn, anl\u0131k t\u00fcketim ise saat 13:20\u2032de 40 bin MW [&hellip;]<\/p>\n","protected":false},"author":1,"featured_media":30463,"comment_status":"open","ping_status":"open","sticky":false,"template":"","format":"standard","meta":[],"categories":[51,53],"tags":[2990,17328,17329,17330,130,16505],"views":576,"_links":{"self":[{"href":"https:\/\/www.enerjigazetesi.ist\/en\/wp-json\/wp\/v2\/posts\/30462"}],"collection":[{"href":"https:\/\/www.enerjigazetesi.ist\/en\/wp-json\/wp\/v2\/posts"}],"about":[{"href":"https:\/\/www.enerjigazetesi.ist\/en\/wp-json\/wp\/v2\/types\/post"}],"author":[{"embeddable":true,"href":"https:\/\/www.enerjigazetesi.ist\/en\/wp-json\/wp\/v2\/users\/1"}],"replies":[{"embeddable":true,"href":"https:\/\/www.enerjigazetesi.ist\/en\/wp-json\/wp\/v2\/comments?post=30462"}],"version-history":[{"count":1,"href":"https:\/\/www.enerjigazetesi.ist\/en\/wp-json\/wp\/v2\/posts\/30462\/revisions"}],"predecessor-version":[{"id":30464,"href":"https:\/\/www.enerjigazetesi.ist\/en\/wp-json\/wp\/v2\/posts\/30462\/revisions\/30464"}],"wp:featuredmedia":[{"embeddable":true,"href":"https:\/\/www.enerjigazetesi.ist\/en\/wp-json\/wp\/v2\/media\/30463"}],"wp:attachment":[{"href":"https:\/\/www.enerjigazetesi.ist\/en\/wp-json\/wp\/v2\/media?parent=30462"}],"wp:term":[{"taxonomy":"category","embeddable":true,"href":"https:\/\/www.enerjigazetesi.ist\/en\/wp-json\/wp\/v2\/categories?post=30462"},{"taxonomy":"post_tag","embeddable":true,"href":"https:\/\/www.enerjigazetesi.ist\/en\/wp-json\/wp\/v2\/tags?post=30462"}],"curies":[{"name":"wp","href":"https:\/\/api.w.org\/{rel}","templated":true}]}}