{"id":30447,"date":"2014-08-14T08:48:12","date_gmt":"2014-08-14T05:48:12","guid":{"rendered":"https:\/\/www.enerjigazetesi.ist\/?p=30447"},"modified":"2014-08-14T09:16:59","modified_gmt":"2014-08-14T06:16:59","slug":"elektrik-dagitim-sirketlerinin-kayip-kacak-hedefleri-yeniden-belirlenecek","status":"publish","type":"post","link":"https:\/\/www.enerjigazetesi.ist\/en\/elektrik-dagitim-sirketlerinin-kayip-kacak-hedefleri-yeniden-belirlenecek\/","title":{"rendered":"(Turkish) Elektrik Da\u011f\u0131t\u0131m \u015eirketlerinin Kay\u0131p Ka\u00e7ak Hedefi Yeniden Belirlenecek"},"content":{"rendered":"<p class=\"qtranxs-available-languages-message qtranxs-available-languages-message-en\">Sorry, this entry is only available in <a href=\"https:\/\/www.enerjigazetesi.ist\/tr\/wp-json\/wp\/v2\/posts\/30447\" class=\"qtranxs-available-language-link qtranxs-available-language-link-tr\" title=\"Turkish\">Turkish<\/a>. For the sake of viewer convenience, the content is shown below in the alternative language. You may click the link to switch the active language.<\/p><p><strong>T\u00fcrkiye Elektrik Da\u011f\u0131t\u0131m A\u015e (TEDA\u015e) Genel M\u00fcd\u00fcr\u00fc M\u00fckremin \u00c7epni, elektrik da\u011f\u0131t\u0131m \u015firketlerinin kay\u0131p ka\u00e7ak hedeflerinin yeniden belirlenece\u011fi yasal d\u00fczenlemenin k\u0131sa s\u00fcre sonra TBMM g\u00fcndemine gelece\u011fini s\u00f6yledi.<a href=\"https:\/\/www.enerjigazetesi.ist\/wp-content\/uploads\/2014\/08\/elektrik-\u00fcretim-da\u011f\u0131t\u0131m-hat.jpg\"><img loading=\"lazy\" class=\"alignright size-medium wp-image-30448\" src=\"https:\/\/www.enerjigazetesi.ist\/wp-content\/uploads\/2014\/08\/elektrik-\u00fcretim-da\u011f\u0131t\u0131m-hat-300x191.jpg\" alt=\"elektrik-\u00fcretim-da\u011f\u0131t\u0131m-hat\" width=\"300\" height=\"191\" srcset=\"https:\/\/www.enerjigazetesi.ist\/wp-content\/uploads\/2014\/08\/elektrik-\u00fcretim-da\u011f\u0131t\u0131m-hat-300x191.jpg 300w, https:\/\/www.enerjigazetesi.ist\/wp-content\/uploads\/2014\/08\/elektrik-\u00fcretim-da\u011f\u0131t\u0131m-hat-500x319.jpg 500w, https:\/\/www.enerjigazetesi.ist\/wp-content\/uploads\/2014\/08\/elektrik-\u00fcretim-da\u011f\u0131t\u0131m-hat-78x50.jpg 78w, https:\/\/www.enerjigazetesi.ist\/wp-content\/uploads\/2014\/08\/elektrik-\u00fcretim-da\u011f\u0131t\u0131m-hat.jpg 870w\" sizes=\"(max-width: 300px) 100vw, 300px\" \/><\/a><\/strong><span id=\"more-66686\"><\/span><\/p>\n<p>\u00c7epni, yapt\u0131\u011f\u0131 a\u00e7\u0131klamada elektrik da\u011f\u0131t\u0131m firmalar\u0131 i\u00e7in Enerji Piyasas\u0131 D\u00fczenleme Kurumunun (EPDK) belirledi\u011fi kay\u0131p ka\u00e7ak hedeflerinin y\u00fckseltilerek, firmalara verilen deste\u011fin art\u0131r\u0131lmas\u0131 gerekti\u011fini belirtti.<\/p>\n<p>Torba yasan\u0131n i\u00e7inde yer alacak d\u00fczenlemenin alt komisyonda g\u00f6r\u00fc\u015f\u00fcld\u00fc\u011f\u00fcn\u00fc, TBMM Sanayi, Ticaret, Enerji ve Tabii Kaynaklar Komisyonundan ge\u00e7erek k\u0131sa s\u00fcrede TBMM Genel Kuruluna gelece\u011fini anlatan \u00c7epni, bunun Do\u011fu ve G\u00fcneydo\u011fu Anadolu b\u00f6lgesindeki elektrik da\u011f\u0131t\u0131m \u015firketlerini ayakta tutmak a\u00e7\u0131s\u0131ndan \u00f6nemli oldu\u011funu kaydetti.<\/p>\n<p>\u00c7epni, \u201d \u00dc\u00e7 \u015firketimiz Dicle, Van G\u00f6l\u00fc ve Aras, kay\u0131p ka\u00e7ak oran\u0131n\u0131n y\u00fcksekli\u011finden dolay\u0131 maddi s\u0131k\u0131nt\u0131ya d\u00fc\u015ft\u00fc. \u015eirketlerimize destek vermek amac\u0131yla torba yasa kapsam\u0131nda kanun g\u00f6r\u00fc\u015fmesi devam ediyor\u201d dedi.<\/p>\n<p>Elektrik da\u011f\u0131t\u0131m \u015firketleri i\u00e7in EPDK\u2019n\u0131n belirledi\u011fi hedeflere ili\u015fkin olarak da \u00c7epni, \u015funlar\u0131 s\u00f6yledi:<\/p>\n<p>\u201cB\u00f6lgede Dicle\u2019yi ele al\u0131rsak, 2014 i\u00e7in kay\u0131p ka\u00e7ak hedefi y\u00fczde 59 olarak belirlenmi\u015f ama \u015fu an oradaki kay\u0131p ka\u00e7ak fiili olarak y\u00fczde 75\u2032ler mertebesinde. Arada 16 puanl\u0131k bir fark var. Bu fark da\u011f\u0131t\u0131m \u015firketinin cebinden \u00e7\u0131kmak durumunda. Buna ne kadar dayan\u0131rs\u0131n\u0131z. Bunlar\u0131n d\u00fczeltilmesi gerekiyor. Bunu i\u00e7in d\u00fczenlemeyle EPDK\u2019ya yasal yetki verilmesi g\u00fcndemde.\u201d<\/p>\n<p>Elektrik da\u011f\u0131t\u0131m\u0131nda \u00f6zelle\u015ftirme s\u00fcrecinin ba\u015far\u0131yla tamamlanmas\u0131 i\u00e7in bu d\u00fczenlemelerin yap\u0131lmas\u0131 gerekti\u011fini ifade eden \u00c7epni, \u201cTEDA\u015e olarak bu da\u011f\u0131t\u0131m \u015firketlerini \u00f6zelle\u015ftirdikten sonra kendimize edindi\u011fimiz yeni misyon \u00e7er\u00e7evesinde elektri\u011fin kesintisiz, kaliteli ve s\u00fcrd\u00fcr\u00fclebilir bir \u015fekilde vatanda\u015fa ula\u015fmas\u0131 i\u00e7in elimizden geleni yap\u0131yoruz\u201d diye konu\u015ftu.<\/p>\n<p>Bu arada, EPDK, 2014 kay\u0131p ka\u00e7ak hedeflerini Vang\u00f6l\u00fc EDA\u015e i\u00e7in y\u00fczde 43, Aras EDA\u015e i\u00e7in de y\u00fczde 21 olarak belirlemi\u015fti.<\/p>\n<p>Kaynak: <a href=\"http:\/\/haberciniz.biz\/kacak-elektrikte-hedefler-yeniden-belirlenecek-3094532h.htm\" target=\"_blank\" rel=\"nofollow\">haberciniz<\/a><\/p>","protected":false},"excerpt":{"rendered":"<p>Sorry, this entry is only available in Turkish. For the sake of viewer convenience, the content is shown below in the alternative language. You may click the link to switch the active language.T\u00fcrkiye Elektrik Da\u011f\u0131t\u0131m A\u015e (TEDA\u015e) Genel M\u00fcd\u00fcr\u00fc M\u00fckremin \u00c7epni, elektrik da\u011f\u0131t\u0131m \u015firketlerinin kay\u0131p ka\u00e7ak hedeflerinin yeniden belirlenece\u011fi yasal d\u00fczenlemenin k\u0131sa s\u00fcre sonra TBMM [&hellip;]<\/p>\n","protected":false},"author":1,"featured_media":30448,"comment_status":"open","ping_status":"open","sticky":false,"template":"","format":"standard","meta":[],"categories":[51,53],"tags":[7705,1079,1046,750,1215,17319,1216,16931,8640],"views":665,"_links":{"self":[{"href":"https:\/\/www.enerjigazetesi.ist\/en\/wp-json\/wp\/v2\/posts\/30447"}],"collection":[{"href":"https:\/\/www.enerjigazetesi.ist\/en\/wp-json\/wp\/v2\/posts"}],"about":[{"href":"https:\/\/www.enerjigazetesi.ist\/en\/wp-json\/wp\/v2\/types\/post"}],"author":[{"embeddable":true,"href":"https:\/\/www.enerjigazetesi.ist\/en\/wp-json\/wp\/v2\/users\/1"}],"replies":[{"embeddable":true,"href":"https:\/\/www.enerjigazetesi.ist\/en\/wp-json\/wp\/v2\/comments?post=30447"}],"version-history":[{"count":4,"href":"https:\/\/www.enerjigazetesi.ist\/en\/wp-json\/wp\/v2\/posts\/30447\/revisions"}],"predecessor-version":[{"id":30453,"href":"https:\/\/www.enerjigazetesi.ist\/en\/wp-json\/wp\/v2\/posts\/30447\/revisions\/30453"}],"wp:featuredmedia":[{"embeddable":true,"href":"https:\/\/www.enerjigazetesi.ist\/en\/wp-json\/wp\/v2\/media\/30448"}],"wp:attachment":[{"href":"https:\/\/www.enerjigazetesi.ist\/en\/wp-json\/wp\/v2\/media?parent=30447"}],"wp:term":[{"taxonomy":"category","embeddable":true,"href":"https:\/\/www.enerjigazetesi.ist\/en\/wp-json\/wp\/v2\/categories?post=30447"},{"taxonomy":"post_tag","embeddable":true,"href":"https:\/\/www.enerjigazetesi.ist\/en\/wp-json\/wp\/v2\/tags?post=30447"}],"curies":[{"name":"wp","href":"https:\/\/api.w.org\/{rel}","templated":true}]}}