{"id":30430,"date":"2014-08-13T13:56:25","date_gmt":"2014-08-13T10:56:25","guid":{"rendered":"https:\/\/www.enerjigazetesi.ist\/?p=30430"},"modified":"2014-08-13T13:56:25","modified_gmt":"2014-08-13T10:56:25","slug":"ikby-bolgesindeki-7-uluslararasi-petrol-sirketi-faaliyetlerini-askiya-aldi","status":"publish","type":"post","link":"https:\/\/www.enerjigazetesi.ist\/en\/ikby-bolgesindeki-7-uluslararasi-petrol-sirketi-faaliyetlerini-askiya-aldi\/","title":{"rendered":"(Turkish) IKBY B\u00f6lgesindeki 7 Uluslararas\u0131 Petrol \u015eirketi Faaliyetlerini Ask\u0131ya Ald\u0131!"},"content":{"rendered":"<p class=\"qtranxs-available-languages-message qtranxs-available-languages-message-en\">Sorry, this entry is only available in <a href=\"https:\/\/www.enerjigazetesi.ist\/tr\/wp-json\/wp\/v2\/posts\/30430\" class=\"qtranxs-available-language-link qtranxs-available-language-link-tr\" title=\"Turkish\">Turkish<\/a>. For the sake of viewer convenience, the content is shown below in the alternative language. You may click the link to switch the active language.<\/p><p><strong>IKBY b\u00f6lgesindeki 7 uluslararas\u0131 petrol \u015firketi, I\u015e\u0130D\u2019le devam eden \u00e7at\u0131\u015fmalar sebebiyle g\u00fcvenlik sorunlar\u0131n\u0131 gerek\u00e7e g\u00f6stererek buradaki faaliyetlerini ask\u0131ya alma karar\u0131 ald\u0131.<\/strong><span id=\"more-66676\"><\/span><\/p>\n<p>Irak K\u00fcrt B\u00f6lgesel Y\u00f6netimi\u2019nde (IKBY) faaliyet g\u00f6steren 7 uluslararas\u0131 petrol \u015firketi, Erbil kenti yak\u0131nlar\u0131nda Irak <a href=\"https:\/\/www.enerjigazetesi.ist\/wp-content\/uploads\/2014\/08\/kerk\u00fck-petrol\u00fc.jpg\"><img loading=\"lazy\" class=\"alignright size-medium wp-image-30431\" src=\"https:\/\/www.enerjigazetesi.ist\/wp-content\/uploads\/2014\/08\/kerk\u00fck-petrol\u00fc-300x196.jpg\" alt=\"kerk\u00fck-petrol\u00fc\" width=\"300\" height=\"196\" srcset=\"https:\/\/www.enerjigazetesi.ist\/wp-content\/uploads\/2014\/08\/kerk\u00fck-petrol\u00fc-300x196.jpg 300w, https:\/\/www.enerjigazetesi.ist\/wp-content\/uploads\/2014\/08\/kerk\u00fck-petrol\u00fc-500x327.jpg 500w, https:\/\/www.enerjigazetesi.ist\/wp-content\/uploads\/2014\/08\/kerk\u00fck-petrol\u00fc-76x50.jpg 76w, https:\/\/www.enerjigazetesi.ist\/wp-content\/uploads\/2014\/08\/kerk\u00fck-petrol\u00fc.jpg 870w\" sizes=\"(max-width: 300px) 100vw, 300px\" \/><\/a>\u015eam \u0130slam Devleti (I\u015e\u0130D) ile pe\u015fmerge g\u00fc\u00e7leri aras\u0131ndaki \u00e7at\u0131\u015fmalar ve ABD\u2019nin I\u015e\u0130D\u2019e y\u00f6nelik hava operasyonlar\u0131 nedeniyle faaliyetlerini ask\u0131ya alma ve \u00e7al\u0131\u015fanlar\u0131n\u0131 tahliye etme karar\u0131 ald\u0131.<\/p>\n<p>Abu Dabi Emirli\u011fi Ulusal Enerji \u015eirketi TAQA, Chevron, Exxon, Oryx, Genel Enerji, Afren ve Hess Corporation, IKBY\u2019deki sorunlu b\u00f6lgelerde \u00fcretimi durdurduklar\u0131n\u0131 ve \u00e7al\u0131\u015fanlar\u0131n\u0131 tahliye etmeye ba\u015flad\u0131klar\u0131n\u0131 duyurdu.<\/p>\n<p>IKBY Do\u011fal Kaynaklar Bakanl\u0131\u011f\u0131 M\u00fcste\u015far\u0131 H\u00fcseyin Ali Belu, petrol \u00fcretimi yapan uluslararas\u0131 \u015firketlerin \u00fclke i\u00e7i \u00fcretim ve gelirlerden pay almaya devam edece\u011fini, s\u00f6z konusu \u015firketlerin ihracat i\u00e7in ayr\u0131lan \u00fcretimden de pay almalar\u0131n\u0131 sa\u011flamak i\u00e7in h\u00fck\u00fcmetin incelemelerde bulundu\u011funu s\u00f6yledi.<\/p>\n<p>IKBY\u2019de petrol sahalar\u0131n\u0131 i\u015fleten \u015firketler ve petrol saha hizmetlerini yapan \u015firketlerin bakanl\u0131kla koordinasyon kurmadan herhangi bir ad\u0131m atmamalar\u0131 \u00e7a\u011fr\u0131s\u0131nda bulunan Belu, \u201dB\u00f6yle bir durumun \u015fu anda gereksiz bir karma\u015faya yol a\u00e7abilece\u011fi\u201d uyar\u0131s\u0131n\u0131 yapt\u0131.<\/p>\n<p>Belu, Bakanl\u0131\u011f\u0131n Ceyhan Liman\u0131 \u00fczerinden ihracata devam edece\u011fini ve b\u00f6lgedeki petrol \u015firketlerinin yat\u0131r\u0131m ve desteklerini memnuniyetle kar\u015f\u0131layaca\u011f\u0131n\u0131 vurgulad\u0131.<\/p>\n<p>IKYB Do\u011fal Kaynaklar Bakanl\u0131\u011f\u0131, I\u015e\u0130D\u2019\u0131n petrol \u00e7\u0131kar\u0131lan b\u00f6lgelere ula\u015famad\u0131\u011f\u0131n\u0131, T\u00fcrkiye\u2019nin Ceyhan Liman\u0131\u2019na sevkiyat\u0131n\u0131 devam etti\u011fini bildirmi\u015fti.<\/p>\n<p>Kaynak: <a href=\"http:\/\/www.aljazeera.com.tr\/haber\/savas-kurt-petrolunu-vurdu\" target=\"_blank\" rel=\"nofollow\">aljazeera<\/a><\/p>","protected":false},"excerpt":{"rendered":"<p>Sorry, this entry is only available in Turkish. For the sake of viewer convenience, the content is shown below in the alternative language. You may click the link to switch the active language.IKBY b\u00f6lgesindeki 7 uluslararas\u0131 petrol \u015firketi, I\u015e\u0130D\u2019le devam eden \u00e7at\u0131\u015fmalar sebebiyle g\u00fcvenlik sorunlar\u0131n\u0131 gerek\u00e7e g\u00f6stererek buradaki faaliyetlerini ask\u0131ya alma karar\u0131 ald\u0131. Irak K\u00fcrt [&hellip;]<\/p>\n","protected":false},"author":1,"featured_media":30431,"comment_status":"open","ping_status":"open","sticky":false,"template":"","format":"standard","meta":[],"categories":[53,44],"tags":[17192,15263,1542,2086,389,17308,17309,4332,13970,17310,8122,3721,17311],"views":598,"_links":{"self":[{"href":"https:\/\/www.enerjigazetesi.ist\/en\/wp-json\/wp\/v2\/posts\/30430"}],"collection":[{"href":"https:\/\/www.enerjigazetesi.ist\/en\/wp-json\/wp\/v2\/posts"}],"about":[{"href":"https:\/\/www.enerjigazetesi.ist\/en\/wp-json\/wp\/v2\/types\/post"}],"author":[{"embeddable":true,"href":"https:\/\/www.enerjigazetesi.ist\/en\/wp-json\/wp\/v2\/users\/1"}],"replies":[{"embeddable":true,"href":"https:\/\/www.enerjigazetesi.ist\/en\/wp-json\/wp\/v2\/comments?post=30430"}],"version-history":[{"count":1,"href":"https:\/\/www.enerjigazetesi.ist\/en\/wp-json\/wp\/v2\/posts\/30430\/revisions"}],"predecessor-version":[{"id":30432,"href":"https:\/\/www.enerjigazetesi.ist\/en\/wp-json\/wp\/v2\/posts\/30430\/revisions\/30432"}],"wp:featuredmedia":[{"embeddable":true,"href":"https:\/\/www.enerjigazetesi.ist\/en\/wp-json\/wp\/v2\/media\/30431"}],"wp:attachment":[{"href":"https:\/\/www.enerjigazetesi.ist\/en\/wp-json\/wp\/v2\/media?parent=30430"}],"wp:term":[{"taxonomy":"category","embeddable":true,"href":"https:\/\/www.enerjigazetesi.ist\/en\/wp-json\/wp\/v2\/categories?post=30430"},{"taxonomy":"post_tag","embeddable":true,"href":"https:\/\/www.enerjigazetesi.ist\/en\/wp-json\/wp\/v2\/tags?post=30430"}],"curies":[{"name":"wp","href":"https:\/\/api.w.org\/{rel}","templated":true}]}}