{"id":3041,"date":"2012-10-30T10:14:53","date_gmt":"2012-10-30T07:14:53","guid":{"rendered":"https:\/\/www.enerjigazetesi.ist\/?p=3041"},"modified":"2012-10-30T10:14:53","modified_gmt":"2012-10-30T07:14:53","slug":"isi-yalitimi-yuzde-70-enerji-tasarrufu-sagliyor","status":"publish","type":"post","link":"https:\/\/www.enerjigazetesi.ist\/en\/isi-yalitimi-yuzde-70-enerji-tasarrufu-sagliyor\/","title":{"rendered":"(Turkish) Is\u0131 Yal\u0131t\u0131m\u0131 Y\u00fczde 70 Enerji Tasarrufu Sa\u011fl\u0131yor"},"content":{"rendered":"<p class=\"qtranxs-available-languages-message qtranxs-available-languages-message-en\">Sorry, this entry is only available in <a href=\"https:\/\/www.enerjigazetesi.ist\/tr\/wp-json\/wp\/v2\/posts\/3041\" class=\"qtranxs-available-language-link qtranxs-available-language-link-tr\" title=\"Turkish\">Turkish<\/a>. For the sake of viewer convenience, the content is shown below in the alternative language. You may click the link to switch the active language.<\/p><p><\/p>\n<div><strong>Adana \u0130n\u015faat M\u00fchendisleri Odas\u0131 \u015eube Ba\u015fkan\u0131 Abdullah Bak\u0131r, bina yal\u0131t\u0131m\u0131 ile \u0131s\u0131nma ve so\u011futma giderlerinde y\u00fczde 70 enerji tasarrufu yap\u0131labildi\u011fini ancak \u00fclke genelindeki binalar\u0131n y\u00fczde 90&#8217;\u0131nda yal\u0131t\u0131m olmad\u0131\u011f\u0131n\u0131 s\u00f6yledi.<\/strong><\/div>\n<div>\n<div id=\"news_content\">\n<p><img loading=\"lazy\" class=\"alignleft size-medium wp-image-3042\" title=\"isi-yalitimi-ve-enerji-verimliligi\" src=\"https:\/\/www.enerjigazetesi.ist\/wp-content\/uploads\/2012\/10\/isi-yalitimi-mantolama-300x209.jpg\" alt=\"\" width=\"300\" height=\"209\" srcset=\"https:\/\/www.enerjigazetesi.ist\/wp-content\/uploads\/2012\/10\/isi-yalitimi-mantolama-300x209.jpg 300w, https:\/\/www.enerjigazetesi.ist\/wp-content\/uploads\/2012\/10\/isi-yalitimi-mantolama-71x50.jpg 71w, https:\/\/www.enerjigazetesi.ist\/wp-content\/uploads\/2012\/10\/isi-yalitimi-mantolama.jpg 480w\" sizes=\"(max-width: 300px) 100vw, 300px\" \/>Adana \u0130n\u015faat M\u00fchendisleri Odas\u0131 \u015eube Ba\u015fkan\u0131 Abdullah Bak\u0131r, bina yal\u0131t\u0131m\u0131 ile \u0131s\u0131nma ve so\u011futma giderlerinde y\u00fczde 70 enerji tasarrufu yap\u0131labildi\u011fini ancak \u00fclke genelindeki binalar\u0131n y\u00fczde 90&#8217;\u0131nda yal\u0131t\u0131m olmad\u0131\u011f\u0131n\u0131 s\u00f6yledi.<\/p>\n<p>Binalar\u0131n yal\u0131t\u0131m ile \u00f6mr\u00fcn\u00fcn uzat\u0131ld\u0131\u011f\u0131n\u0131 belirten \u015eube Ba\u015fkan\u0131 Abdullah Bak\u0131r, ekonomiye de katk\u0131s\u0131n\u0131n tart\u0131\u015f\u0131lmaz oldu\u011funu kaydetti. Enerji alan\u0131ndaki sorunlar g\u00f6z \u00f6n\u00fcne al\u0131nd\u0131\u011f\u0131nda tasarrufun \u00f6n plana \u00e7\u0131kt\u0131\u011f\u0131n\u0131 ifade eden Bak\u0131r, &#8220;Enerji tasarrufu sa\u011flamak, hem b\u00fct\u00e7e dengesi a\u00e7\u0131s\u0131ndan sonu\u00e7 al\u0131c\u0131d\u0131r, hem de do\u011fal hayat\u0131 tahrip eden unsurlar\u0131n etkisi azaltmas\u0131 a\u00e7\u0131s\u0131ndan \u00f6nemlidir. Ayr\u0131ca enerji tasarrufunun \u00fclke ekonomisine katk\u0131s\u0131 tart\u0131\u015f\u0131lmazd\u0131r&#8221; dedi.<\/p>\n<p>T\u00fcrkiye&#8217;deki binalar\u0131n y\u00fczde 90&#8217;\u0131nda \u0131s\u0131 yal\u0131t\u0131m\u0131 olmad\u0131\u011f\u0131n\u0131 vurgulayan Bak\u0131r, &#8220;Ancak, bu olumsuz tabloyu ortadan kald\u0131racak uygulamalar ba\u015flam\u0131\u015f, bu do\u011frultuda mevzuat de\u011fi\u015fikliklerinin ger\u00e7ekle\u015ftirilmi\u015ftir. AB&#8217;ye uyum s\u00fcrecinde binalarda 5 Aral\u0131k 2009&#8217;da kabul edilen &#8216;Enerji Performans\u0131 Y\u00f6netmeli\u011fi&#8217; kapsam\u0131nda konutlar i\u00e7in getirilen, &#8216;Enerji Kimlik Belgesi&#8217; alma zorunlulu\u011fu y\u00fcr\u00fcrl\u00fc\u011fe girmi\u015ftir. Binalara enerji kimli\u011fi belgesini zorunlu hale getiren y\u00f6netmelik \u00e7evrenin korunmas\u0131na y\u00f6nelik olarak, asgari olarak binan\u0131n enerji ihtiyac\u0131 ve enerji t\u00fcketim s\u0131n\u0131fland\u0131rmas\u0131, yal\u0131t\u0131m \u00f6zelliklerinin verimi ile ilgili bilgileri i\u00e7ermektedir. Y\u00f6netmelik, enerji kimlik belgesini 2 bin metrekare alan \u00fczerindeki binalar i\u00e7in zorunlu hale getirirken, binalarda enerji kaynaklar\u0131n\u0131n etkin ve verimli kullan\u0131lmas\u0131 ama\u00e7lamaktad\u0131r&#8221;diye konu\u015ftu.<\/p>\n<p><strong>Yeni in\u015fa edilen binalar i\u00e7in &#8216;Enerji Kimlik Belgesi&#8217; alman\u0131n zorunlu hale getirildi\u011fini belirten Bak\u0131r \u015f\u00f6yle devam etti:<\/strong><\/p>\n<p>&#8220;Yeni in\u015fa edilen binalar i\u00e7in s\u00f6z konusu tarihten itibaren bu belgeleri almak zorunlu hale gelirken mevcutlar i\u00e7in 2017&#8217;ye kadar s\u00fcre tan\u0131nm\u0131\u015ft\u0131r. Enerji Kimlik Belgesi, d\u00fczenleme tarihinden itibaren 10 y\u0131l ge\u00e7erli olacak ve bu s\u00fcrenin sonunda kimlik belgesi haz\u0131rlanacak raporla yeniden d\u00fczenlenecektir. B\u00fct\u00fcn bu yasal d\u00fczenlemeler bir yandan, enerji tasarrufu sa\u011flarken di\u011fer taraftan nitelikli, sa\u011fl\u0131kl\u0131 bina \u00fcretiminin ger\u00e7ekle\u015fmesine yol a\u00e7acak olumsuzluklar sona erecektir. Bina yal\u0131t\u0131m\u0131 sayesinde y\u00fczde 70 enerji tasarrufu sa\u011flanaca\u011f\u0131 d\u00fc\u015f\u00fcn\u00fcl\u00fcrse, \u00fclkemizin bu d\u00f6n\u00fc\u015f\u00fcm\u00fc ne kadar \u00f6nemsenmesi gerekti\u011fi kendili\u011finden a\u00e7\u0131\u011fa \u00e7\u0131kacakt\u0131r.<\/p>\n<p>Kaynak: <a href=\"http:\/\/www.adanamedya.com\/news_detail.php?id=39003\" target=\"_blank\">AdanaMedya<\/a><\/p>\n<\/div>\n<p><script type=\"text\/javascript\"><\/script><\/div>\n<p><\/p>","protected":false},"excerpt":{"rendered":"<p>Sorry, this entry is only available in Turkish. For the sake of viewer convenience, the content is shown below in the alternative language. You may click the link to switch the active language. Adana \u0130n\u015faat M\u00fchendisleri Odas\u0131 \u015eube Ba\u015fkan\u0131 Abdullah Bak\u0131r, bina yal\u0131t\u0131m\u0131 ile \u0131s\u0131nma ve so\u011futma giderlerinde y\u00fczde 70 enerji tasarrufu yap\u0131labildi\u011fini ancak \u00fclke [&hellip;]<\/p>\n","protected":false},"author":1,"featured_media":3042,"comment_status":"open","ping_status":"open","sticky":false,"template":"","format":"standard","meta":[],"categories":[53,52],"tags":[67,103,12,380],"views":850,"_links":{"self":[{"href":"https:\/\/www.enerjigazetesi.ist\/en\/wp-json\/wp\/v2\/posts\/3041"}],"collection":[{"href":"https:\/\/www.enerjigazetesi.ist\/en\/wp-json\/wp\/v2\/posts"}],"about":[{"href":"https:\/\/www.enerjigazetesi.ist\/en\/wp-json\/wp\/v2\/types\/post"}],"author":[{"embeddable":true,"href":"https:\/\/www.enerjigazetesi.ist\/en\/wp-json\/wp\/v2\/users\/1"}],"replies":[{"embeddable":true,"href":"https:\/\/www.enerjigazetesi.ist\/en\/wp-json\/wp\/v2\/comments?post=3041"}],"version-history":[{"count":1,"href":"https:\/\/www.enerjigazetesi.ist\/en\/wp-json\/wp\/v2\/posts\/3041\/revisions"}],"predecessor-version":[{"id":3043,"href":"https:\/\/www.enerjigazetesi.ist\/en\/wp-json\/wp\/v2\/posts\/3041\/revisions\/3043"}],"wp:featuredmedia":[{"embeddable":true,"href":"https:\/\/www.enerjigazetesi.ist\/en\/wp-json\/wp\/v2\/media\/3042"}],"wp:attachment":[{"href":"https:\/\/www.enerjigazetesi.ist\/en\/wp-json\/wp\/v2\/media?parent=3041"}],"wp:term":[{"taxonomy":"category","embeddable":true,"href":"https:\/\/www.enerjigazetesi.ist\/en\/wp-json\/wp\/v2\/categories?post=3041"},{"taxonomy":"post_tag","embeddable":true,"href":"https:\/\/www.enerjigazetesi.ist\/en\/wp-json\/wp\/v2\/tags?post=3041"}],"curies":[{"name":"wp","href":"https:\/\/api.w.org\/{rel}","templated":true}]}}