{"id":30409,"date":"2014-08-12T20:26:23","date_gmt":"2014-08-12T17:26:23","guid":{"rendered":"https:\/\/www.enerjigazetesi.ist\/?p=30409"},"modified":"2014-08-12T20:26:23","modified_gmt":"2014-08-12T17:26:23","slug":"sicak-hava-araclarda-yakit-tuketimini-artiriyor-2","status":"publish","type":"post","link":"https:\/\/www.enerjigazetesi.ist\/en\/sicak-hava-araclarda-yakit-tuketimini-artiriyor-2\/","title":{"rendered":"(Turkish) S\u0131cak Hava, Ara\u00e7larda Yak\u0131t T\u00fcketimini Art\u0131r\u0131yor&#8230;"},"content":{"rendered":"<p class=\"qtranxs-available-languages-message qtranxs-available-languages-message-en\">Sorry, this entry is only available in <a href=\"https:\/\/www.enerjigazetesi.ist\/tr\/wp-json\/wp\/v2\/posts\/30409\" class=\"qtranxs-available-language-link qtranxs-available-language-link-tr\" title=\"Turkish\">Turkish<\/a>. For the sake of viewer convenience, the content is shown below in the alternative language. You may click the link to switch the active language.<\/p><p><strong>Ara\u00e7lar\u0131n yak\u0131t sarfiyat\u0131n\u0131n, so\u011fuk k\u0131\u015f g\u00fcnlerinde oldu\u011fu gibi s\u0131cak havalarda da artt\u0131\u011f\u0131 bildirildi. Baz\u0131 otomobil markalar\u0131n\u0131n \u00f6zel servisli\u011fini yapan firman\u0131n sahibi Erkan Karatay, yaz aylar\u0131nda ara\u00e7lar\u0131n daha fazla ar\u0131zaland\u0131\u011f\u0131n\u0131 belirtti.<\/strong><\/p>\n<p>So\u011fuk havalarda motor \u0131s\u0131nana kadar yak\u0131t sarfiyat\u0131n\u0131n fazla oldu\u011funu ifade eden Karatay, a\u015f\u0131r\u0131 s\u0131cak havalarda da motorun zorlanmas\u0131 nedeniyle yak\u0131t t\u00fcketiminin artt\u0131\u011f\u0131na dikkati \u00e7ekti.<\/p>\n<p>S\u0131cak havalarda motor hararetinin y\u00fckseldi\u011fini, bu nedenle baz\u0131 ar\u0131zalar\u0131n meydana geldi\u011fini ifade eden Karatay, \u2018Bak\u0131m\u0131 yap\u0131lmam\u0131\u015f ara\u00e7lar, s\u0131cakta hararet<a href=\"https:\/\/www.enerjigazetesi.ist\/wp-content\/uploads\/2014\/08\/sicak-hava-araclarda-yakit-tuketimini-artiriyor-2.jpg\"><img loading=\"lazy\" class=\"alignleft size-medium wp-image-30410\" src=\"https:\/\/www.enerjigazetesi.ist\/wp-content\/uploads\/2014\/08\/sicak-hava-araclarda-yakit-tuketimini-artiriyor-2-300x199.jpg\" alt=\"sicak-hava-araclarda-yakit-tuketimini-artiriyor-2\" width=\"300\" height=\"199\" srcset=\"https:\/\/www.enerjigazetesi.ist\/wp-content\/uploads\/2014\/08\/sicak-hava-araclarda-yakit-tuketimini-artiriyor-2-300x199.jpg 300w, https:\/\/www.enerjigazetesi.ist\/wp-content\/uploads\/2014\/08\/sicak-hava-araclarda-yakit-tuketimini-artiriyor-2-500x332.jpg 500w, https:\/\/www.enerjigazetesi.ist\/wp-content\/uploads\/2014\/08\/sicak-hava-araclarda-yakit-tuketimini-artiriyor-2-75x50.jpg 75w, https:\/\/www.enerjigazetesi.ist\/wp-content\/uploads\/2014\/08\/sicak-hava-araclarda-yakit-tuketimini-artiriyor-2.jpg 820w\" sizes=\"(max-width: 300px) 100vw, 300px\" \/><\/a> yapar. Bu durumda su radyat\u00f6r\u00fc peteklerinin a\u00e7\u0131k olmas\u0131, herhangi bir nedenle t\u0131kan\u0131kl\u0131k olmamas\u0131 gerekir. Radyat\u00f6rden hava giri\u015fi ne kadar rahat olursa, motorun \u0131s\u0131nmas\u0131 da o kadar az olur. Ancak yaz aylar\u0131nda bu m\u00fcmk\u00fcn olmuyor. S\u0131cak hava \u00e7eken motorun g\u00fcc\u00fc y\u00fczde 5-10 aras\u0131nda d\u00fc\u015f\u00fcyor. Arac\u0131n motoru zorland\u0131\u011f\u0131 i\u00e7in de yak\u0131t t\u00fcketimi art\u0131yor\u2019 diye konu\u015ftu.<\/p>\n<p>Karatay, benzin ve mazot fiyat\u0131n\u0131n y\u00fcksekli\u011fi nedeniyle bir\u00e7ok ki\u015finin daha az yakan ara\u00e7lar\u0131 tercih etti\u011fine i\u015faret etti.<br \/>\nS\u0131cak havalarda ara\u00e7lar\u0131n daha fazla yak\u0131t harcad\u0131klar\u0131n\u0131 anlatan Karatay, baz\u0131 s\u00fcr\u00fcc\u00fclerin \u00e7e\u015fitli y\u00f6ntemler kullanarak yak\u0131t maliyetini d\u00fc\u015f\u00fcrmeye \u00e7al\u0131\u015ft\u0131\u011f\u0131n\u0131 kaydetti.<\/p>\n<p>Yaz aylar\u0131nda ara\u00e7larda fazla yak\u0131t t\u00fcketiminin \u00e7e\u015fitli nedenlere ba\u011fl\u0131 oldu\u011funu aktaran Karatay, \u2018S\u0131cak, klima, uygun ya\u011f kullan\u0131m\u0131 ve lastikler y\u00fcz\u00fcnden yaz aylar\u0131nda yak\u0131t maliyeti yakla\u015f\u0131k y\u00fczde 10 y\u00fckseliyor. Bu nedenle s\u00fcr\u00fcc\u00fclerin ara\u00e7lar\u0131na uygun ya\u011f ve uygun lastik kullanmas\u0131 gerekiyor. Klima kullan\u0131m\u0131na ba\u011fl\u0131 olarak da yak\u0131t maliyeti y\u00fckseliyor\u2019 dedi.<\/p>\n<p>Karatay, s\u0131cak havalarda otomobili fazla yak\u0131t yakan vatanda\u015flar\u0131n tamircilere veya yetkili servislere giderek herhangi bir ar\u0131za olup olmad\u0131\u011f\u0131n\u0131 \u00f6\u011frenmeye \u00e7al\u0131\u015ft\u0131\u011f\u0131n\u0131, yaz aylar\u0131nda ara\u00e7lar\u0131n daha fazla yak\u0131t t\u00fcketmesinin normal oldu\u011funu s\u00f6zlerine ekledi.<\/p>\n<p><strong>Haberin Devam\u0131 i\u00e7in <a href=\"http:\/\/www.timeturk.com\/tr\/2014\/08\/11\/sicak-hava-araclarda-yakit-tuketimini-artiriyor.html#.U-ngDPl_vwk\" target=\"_blank\" rel=\"nofollow\">t\u0131klay\u0131n\u0131z&gt;&gt;&gt;<\/a><\/strong><\/p>","protected":false},"excerpt":{"rendered":"<p>Sorry, this entry is only available in Turkish. For the sake of viewer convenience, the content is shown below in the alternative language. You may click the link to switch the active language.Ara\u00e7lar\u0131n yak\u0131t sarfiyat\u0131n\u0131n, so\u011fuk k\u0131\u015f g\u00fcnlerinde oldu\u011fu gibi s\u0131cak havalarda da artt\u0131\u011f\u0131 bildirildi. Baz\u0131 otomobil markalar\u0131n\u0131n \u00f6zel servisli\u011fini yapan firman\u0131n sahibi Erkan Karatay, [&hellip;]<\/p>\n","protected":false},"author":1,"featured_media":30410,"comment_status":"open","ping_status":"open","sticky":false,"template":"","format":"standard","meta":[],"categories":[53],"tags":[5666,17288,63,67,1009,17289,17290,1293,17291],"views":696,"_links":{"self":[{"href":"https:\/\/www.enerjigazetesi.ist\/en\/wp-json\/wp\/v2\/posts\/30409"}],"collection":[{"href":"https:\/\/www.enerjigazetesi.ist\/en\/wp-json\/wp\/v2\/posts"}],"about":[{"href":"https:\/\/www.enerjigazetesi.ist\/en\/wp-json\/wp\/v2\/types\/post"}],"author":[{"embeddable":true,"href":"https:\/\/www.enerjigazetesi.ist\/en\/wp-json\/wp\/v2\/users\/1"}],"replies":[{"embeddable":true,"href":"https:\/\/www.enerjigazetesi.ist\/en\/wp-json\/wp\/v2\/comments?post=30409"}],"version-history":[{"count":1,"href":"https:\/\/www.enerjigazetesi.ist\/en\/wp-json\/wp\/v2\/posts\/30409\/revisions"}],"predecessor-version":[{"id":30411,"href":"https:\/\/www.enerjigazetesi.ist\/en\/wp-json\/wp\/v2\/posts\/30409\/revisions\/30411"}],"wp:featuredmedia":[{"embeddable":true,"href":"https:\/\/www.enerjigazetesi.ist\/en\/wp-json\/wp\/v2\/media\/30410"}],"wp:attachment":[{"href":"https:\/\/www.enerjigazetesi.ist\/en\/wp-json\/wp\/v2\/media?parent=30409"}],"wp:term":[{"taxonomy":"category","embeddable":true,"href":"https:\/\/www.enerjigazetesi.ist\/en\/wp-json\/wp\/v2\/categories?post=30409"},{"taxonomy":"post_tag","embeddable":true,"href":"https:\/\/www.enerjigazetesi.ist\/en\/wp-json\/wp\/v2\/tags?post=30409"}],"curies":[{"name":"wp","href":"https:\/\/api.w.org\/{rel}","templated":true}]}}