{"id":30362,"date":"2014-08-11T15:18:37","date_gmt":"2014-08-11T12:18:37","guid":{"rendered":"https:\/\/www.enerjigazetesi.ist\/?p=30362"},"modified":"2014-08-11T15:18:37","modified_gmt":"2014-08-11T12:18:37","slug":"saatte-110-kilometre-hiza-ulasabilen-yerli-gunes-enerjili-otomobil","status":"publish","type":"post","link":"https:\/\/www.enerjigazetesi.ist\/en\/saatte-110-kilometre-hiza-ulasabilen-yerli-gunes-enerjili-otomobil\/","title":{"rendered":"(Turkish) Saatte 110 Kilometre H\u0131za Ula\u015fabilen Yerli G\u00fcne\u015f Enerjili Otomobil!"},"content":{"rendered":"<p class=\"qtranxs-available-languages-message qtranxs-available-languages-message-en\">Sorry, this entry is only available in <a href=\"https:\/\/www.enerjigazetesi.ist\/tr\/wp-json\/wp\/v2\/posts\/30362\" class=\"qtranxs-available-language-link qtranxs-available-language-link-tr\" title=\"Turkish\">Turkish<\/a>. For the sake of viewer convenience, the content is shown below in the alternative language. You may click the link to switch the active language.<\/p><p><strong>Trakya \u00dcniversitesi \u00f6\u011frencileri saatte azami olarak 110 kilometre h\u0131za ula\u015fabilen g\u00fcne\u015f enerjili otomobil \u00fcretti.<\/strong><span id=\"more-66646\"><\/span><\/p>\n<p>Bilgisayar, Makine, Elektrik ve Elektronik M\u00fchendisli\u011fi\u2019nde okuyan 16 \u00f6\u011frenci 4 akademik dan\u0131\u015fmanla birlikte 8 ay \u00f6nce proje \u00e7al\u0131\u015fmas\u0131na ba\u015flad\u0131.<a href=\"https:\/\/www.enerjigazetesi.ist\/wp-content\/uploads\/2014\/08\/trakya-\u00fcni-pehlivan-2-g\u00fcne\u015f-arabas\u0131.jpg\"><img loading=\"lazy\" class=\"alignright size-medium wp-image-30364\" src=\"https:\/\/www.enerjigazetesi.ist\/wp-content\/uploads\/2014\/08\/trakya-\u00fcni-pehlivan-2-g\u00fcne\u015f-arabas\u0131-300x169.jpg\" alt=\"trakya-\u00fcni-pehlivan-2-g\u00fcne\u015f-arabas\u0131\" width=\"300\" height=\"169\" srcset=\"https:\/\/www.enerjigazetesi.ist\/wp-content\/uploads\/2014\/08\/trakya-\u00fcni-pehlivan-2-g\u00fcne\u015f-arabas\u0131-300x169.jpg 300w, https:\/\/www.enerjigazetesi.ist\/wp-content\/uploads\/2014\/08\/trakya-\u00fcni-pehlivan-2-g\u00fcne\u015f-arabas\u0131-500x282.jpg 500w, https:\/\/www.enerjigazetesi.ist\/wp-content\/uploads\/2014\/08\/trakya-\u00fcni-pehlivan-2-g\u00fcne\u015f-arabas\u0131-80x45.jpg 80w, https:\/\/www.enerjigazetesi.ist\/wp-content\/uploads\/2014\/08\/trakya-\u00fcni-pehlivan-2-g\u00fcne\u015f-arabas\u0131.jpg 800w\" sizes=\"(max-width: 300px) 100vw, 300px\" \/><\/a><\/p>\n<p>\u00dcniversitenin Tasar\u0131m Proje Toplu\u011fu b\u00fcnyesinde faaliyet g\u00f6steren \u00f6\u011frenciler, ba\u015flang\u0131\u00e7ta ya\u015fad\u0131klar\u0131 ekonomik s\u0131k\u0131nt\u0131lar\u0131 rekt\u00f6r\u00fcn yard\u0131m\u0131 ve sponsorlar\u0131n katk\u0131s\u0131yla a\u015ft\u0131. Proje haz\u0131rl\u0131klar\u0131n\u0131 tamamlayan \u00f6\u011frenciler son \u00fc\u00e7 ay i\u00e7erisinde otomobilin \u00fcretimine ba\u015flad\u0131.<\/p>\n<p>Tarihi K\u0131rkp\u0131nar Ya\u011fl\u0131 G\u00fcre\u015fleri\u2019nden esinlenen \u00f6\u011frenciler \u00fcrettikleri arac\u0131n ismini \u201cPehlivan\u201d koydu. Motor, panel ve batarya d\u0131\u015f\u0131nda t\u00fcm \u00fcretimi \u00f6\u011frenciler taraf\u0131ndan yap\u0131lan 190 kilogram a\u011f\u0131rl\u0131\u011f\u0131ndaki arac\u0131n elektronik donan\u0131m\u0131 at\u00f6lyede test edildi. Ard\u0131ndan ara\u00e7 \u00fcniversite kamp\u00fcs\u00fcndeki alanda test edildi. B\u00fct\u00fcn a\u015famalar\u0131 ba\u015far\u0131 ile ge\u00e7en pehlivan otomobil, T\u00fcrkiye Bilimsel ve Teknolojik Ara\u015ft\u0131rma Kurumu (T\u00dcB\u0130TAK) taraf\u0131ndan d\u00fczenlenecek olan Alternatif Enerjili Ara\u00e7lar Yar\u0131\u015f\u0131 Formula G\u2019ye kat\u0131lmak \u00fczere Edirne\u2019den yola \u00e7\u0131kt\u0131. Trakya \u00dcniversitesi Pehlivan Solar Team Kaptan\u0131 ve pilotu Ali Daro\u011flu, yo\u011fun ge\u00e7en proje ve \u00fcretim a\u015famas\u0131n\u0131n sonucunda iddial\u0131 bir otomobil \u00fcrettiklerini belirtti. Motor, panel ve batarya d\u0131\u015f\u0131nda arac\u0131n t\u00fcm \u00fcretiminin kendilerine ait oldu\u011funu belirten Darao\u011flu, otomobilin 20 ki\u015filik bir ekibin emekleriyle \u00fcretildi\u011fini anlatt\u0131. Edirne\u2019ye yak\u0131\u015f\u0131r ve onu simgeleyen pehlivan ismini ara\u00e7lar\u0131na verdiklerini dile getiren Daro\u011flu, \u201cRakiplerimize bu korkuyu hissettirmeye ba\u015flad\u0131k. \u00c7\u00fcnk\u00fc iddial\u0131 bir ara\u00e7 haz\u0131rlad\u0131k.\u201d dedi.<\/p>\n<p><a href=\"https:\/\/www.enerjigazetesi.ist\/wp-content\/uploads\/2014\/08\/pehlivan-2-g\u00fcne\u015f-arabas\u0131jpg.jpg\"><img loading=\"lazy\" class=\"aligncenter size-medium wp-image-30363\" src=\"https:\/\/www.enerjigazetesi.ist\/wp-content\/uploads\/2014\/08\/pehlivan-2-g\u00fcne\u015f-arabas\u0131jpg-300x199.jpg\" alt=\"pehlivan-2-g\u00fcne\u015f-arabas\u0131jpg\" width=\"300\" height=\"199\" srcset=\"https:\/\/www.enerjigazetesi.ist\/wp-content\/uploads\/2014\/08\/pehlivan-2-g\u00fcne\u015f-arabas\u0131jpg-300x199.jpg 300w, https:\/\/www.enerjigazetesi.ist\/wp-content\/uploads\/2014\/08\/pehlivan-2-g\u00fcne\u015f-arabas\u0131jpg-500x333.jpg 500w, https:\/\/www.enerjigazetesi.ist\/wp-content\/uploads\/2014\/08\/pehlivan-2-g\u00fcne\u015f-arabas\u0131jpg-75x50.jpg 75w, https:\/\/www.enerjigazetesi.ist\/wp-content\/uploads\/2014\/08\/pehlivan-2-g\u00fcne\u015f-arabas\u0131jpg.jpg 800w\" sizes=\"(max-width: 300px) 100vw, 300px\" \/><\/a><\/p>\n<p>Pehlivan Solar Team\u2019in iki bayan \u00fcyesinden biri olan Mehtap Din\u00e7, burada \u00e7ok g\u00fczel bir \u00e7al\u0131\u015fma s\u00fcreci ge\u00e7irdiklerini s\u00f6yledi. Ekibin i\u00e7erisinde iki k\u0131z arkada\u015f olarak \u00e7al\u0131\u015ft\u0131klar\u0131n\u0131 belirten Din\u00e7, \u201cB\u00f6l\u00fcmdeki erkek arkada\u015flar\u0131m\u0131z\u0131n k\u0131zlara bak\u0131\u015f a\u00e7\u0131lar\u0131 genellikle k\u0131zlar yapam\u0131yormu\u015f gibi g\u00f6r\u00fcnse de hi\u00e7 \u00f6yle bir hissi uyand\u0131rmad\u0131lar. Sabahlamalar oldu. Bize pozitif bir ayr\u0131cal\u0131k tan\u0131nd\u0131. Uzun u\u011fra\u015flar sonucu arac\u0131m\u0131z\u0131 ortaya \u00e7\u0131kard\u0131k. Hedefimiz dereceye girmek. \u0130lk olarak yapt\u0131\u011f\u0131m\u0131z i\u00e7in hedefimiz ilk 5 aras\u0131nda yer almakt\u0131r.\u201d diye konu\u015ftu.<\/p>\n<p>Kaynak: <a href=\"http:\/\/haberciniz.biz\/saatte-110-kilometre-hiza-ulasabilen-yerli-otomobil-3089724h.htm\" target=\"_blank\" rel=\"nofollow\">haberciniz<\/a><\/p>\n<p>&nbsp;<\/p>","protected":false},"excerpt":{"rendered":"<p>Sorry, this entry is only available in Turkish. For the sake of viewer convenience, the content is shown below in the alternative language. You may click the link to switch the active language.Trakya \u00dcniversitesi \u00f6\u011frencileri saatte azami olarak 110 kilometre h\u0131za ula\u015fabilen g\u00fcne\u015f enerjili otomobil \u00fcretti. Bilgisayar, Makine, Elektrik ve Elektronik M\u00fchendisli\u011fi\u2019nde okuyan 16 \u00f6\u011frenci [&hellip;]<\/p>\n","protected":false},"author":1,"featured_media":30364,"comment_status":"open","ping_status":"open","sticky":false,"template":"","format":"standard","meta":[],"categories":[53,49],"tags":[17252,17253,17254,17255,17256,17257,17258,1971,7744],"views":529,"_links":{"self":[{"href":"https:\/\/www.enerjigazetesi.ist\/en\/wp-json\/wp\/v2\/posts\/30362"}],"collection":[{"href":"https:\/\/www.enerjigazetesi.ist\/en\/wp-json\/wp\/v2\/posts"}],"about":[{"href":"https:\/\/www.enerjigazetesi.ist\/en\/wp-json\/wp\/v2\/types\/post"}],"author":[{"embeddable":true,"href":"https:\/\/www.enerjigazetesi.ist\/en\/wp-json\/wp\/v2\/users\/1"}],"replies":[{"embeddable":true,"href":"https:\/\/www.enerjigazetesi.ist\/en\/wp-json\/wp\/v2\/comments?post=30362"}],"version-history":[{"count":1,"href":"https:\/\/www.enerjigazetesi.ist\/en\/wp-json\/wp\/v2\/posts\/30362\/revisions"}],"predecessor-version":[{"id":30365,"href":"https:\/\/www.enerjigazetesi.ist\/en\/wp-json\/wp\/v2\/posts\/30362\/revisions\/30365"}],"wp:featuredmedia":[{"embeddable":true,"href":"https:\/\/www.enerjigazetesi.ist\/en\/wp-json\/wp\/v2\/media\/30364"}],"wp:attachment":[{"href":"https:\/\/www.enerjigazetesi.ist\/en\/wp-json\/wp\/v2\/media?parent=30362"}],"wp:term":[{"taxonomy":"category","embeddable":true,"href":"https:\/\/www.enerjigazetesi.ist\/en\/wp-json\/wp\/v2\/categories?post=30362"},{"taxonomy":"post_tag","embeddable":true,"href":"https:\/\/www.enerjigazetesi.ist\/en\/wp-json\/wp\/v2\/tags?post=30362"}],"curies":[{"name":"wp","href":"https:\/\/api.w.org\/{rel}","templated":true}]}}