{"id":30325,"date":"2014-08-10T21:04:32","date_gmt":"2014-08-10T18:04:32","guid":{"rendered":"https:\/\/www.enerjigazetesi.ist\/?p=30325"},"modified":"2014-08-10T21:04:32","modified_gmt":"2014-08-10T18:04:32","slug":"aterenerji-gunesin-maliyetleri-dusuyor","status":"publish","type":"post","link":"https:\/\/www.enerjigazetesi.ist\/en\/aterenerji-gunesin-maliyetleri-dusuyor\/","title":{"rendered":"(Turkish) Aterenerji: G\u00fcne\u015fin Maliyetleri D\u00fc\u015f\u00fcyor&#8230;"},"content":{"rendered":"<p class=\"qtranxs-available-languages-message qtranxs-available-languages-message-en\">Sorry, this entry is only available in <a href=\"https:\/\/www.enerjigazetesi.ist\/tr\/wp-json\/wp\/v2\/posts\/30325\" class=\"qtranxs-available-language-link qtranxs-available-language-link-tr\" title=\"Turkish\">Turkish<\/a>. For the sake of viewer convenience, the content is shown below in the alternative language. You may click the link to switch the active language.<\/p><p><strong>Aterenerji Genel M\u00fcd\u00fcr\u00fc Serkan G\u00fcm\u00fc\u015f, g\u00fcne\u015fe dayal\u0131 elektrik \u00fcretimi uygulamalar\u0131n\u0131n yayg\u0131nla\u015fmas\u0131yla, bu alandaki yat\u0131r\u0131m maliyetlerinin d\u00fc\u015ft\u00fc\u011f\u00fcn\u00fc s\u00f6yledi.<\/strong><\/p>\n<p>Aysel Alp`in D\u00dcNYA`da yer alan haberine g\u00f6re, in\u015faat sekt\u00f6r\u00fcnde taahh\u00fct, uygulama, toptan ve perakende sat\u0131\u015f konular\u0131nda faaliyet g\u00f6steren Atergrup, g\u00fcne\u015f enerjisi sekt\u00f6r\u00fcnde de b\u00fcy\u00fcme karar\u0131 ald\u0131. Schmid&amp;Pekinta\u015f Enerji`nin \u00e7\u00f6z\u00fcm orta\u011f\u0131 olan Atergrup \u015firketlerinden Aterenerji, \u00f6zellikle end\u00fcstriyel tesislere fokusland\u0131.<a href=\"https:\/\/www.enerjigazetesi.ist\/wp-content\/uploads\/2014\/08\/aserenerji-gunesin-maliyetleri-dusuyor.jpg\"><img loading=\"lazy\" class=\"alignright size-medium wp-image-30326\" src=\"https:\/\/www.enerjigazetesi.ist\/wp-content\/uploads\/2014\/08\/aserenerji-gunesin-maliyetleri-dusuyor-300x214.jpg\" alt=\"aserenerji-gunesin-maliyetleri-dusuyor\" width=\"300\" height=\"214\" srcset=\"https:\/\/www.enerjigazetesi.ist\/wp-content\/uploads\/2014\/08\/aserenerji-gunesin-maliyetleri-dusuyor-300x214.jpg 300w, https:\/\/www.enerjigazetesi.ist\/wp-content\/uploads\/2014\/08\/aserenerji-gunesin-maliyetleri-dusuyor-69x50.jpg 69w, https:\/\/www.enerjigazetesi.ist\/wp-content\/uploads\/2014\/08\/aserenerji-gunesin-maliyetleri-dusuyor.jpg 448w\" sizes=\"(max-width: 300px) 100vw, 300px\" \/><\/a><\/p>\n<p>\u00d6n\u00fcm\u00fczdeki d\u00f6nemde fotovoltaik yat\u0131r\u0131mlara a\u011f\u0131rl\u0131k vereceklerini belirten Aterenerji Genel M\u00fcd\u00fcr\u00fc Serkan G\u00fcm\u00fc\u015f, &#8220;150 y\u0131l\u0131 a\u015fk\u0131n bir ge\u00e7mi\u015fi ile g\u00fcne\u015f enerjisi sekt\u00f6r\u00fcnde lider ekipman \u00fcreticisi Schmid firmas\u0131 ile 1959`dan beri in\u015faat sekt\u00f6r\u00fcnde faaliyet g\u00f6steren Pekinta\u015f, D\u00fczce`de ortakla\u015fa 100 milyon Euro`luk panel fabrikas\u0131 kurdu. Biz de bu i\u015fbirli\u011finin \u00e7\u00f6z\u00fcm orta\u011f\u0131y\u0131z. Panellerin uygulanmas\u0131 ile ilgili Ortado\u011fu ve Afrika`y\u0131 kapsayan b\u00f6lgede \u00e7ok \u00f6nemli bir sorumluluk \u00fcstlendik&#8221; diye konu\u015ftu.<\/p>\n<p><em><strong>UYGULAMA YAYGINLA\u015eTI F\u0130YATLAR D\u00dc\u015e\u00dcYOR<\/strong><\/em><\/p>\n<p>Ge\u00e7en y\u0131l sonunda g\u00fcne\u015f enerjisinde te\u015fvik ve devlet katk\u0131s\u0131 ile ilgili yeni d\u00fczenlemeler yap\u0131ld\u0131\u011f\u0131n\u0131 hat\u0131rlatan G\u00fcm\u00fc\u015f, &#8220;Bu nedenle T\u00fcrkiye piyasas\u0131n\u0131n 2014 i\u00e7in y\u0131ld\u0131z \u00fclke olaca\u011f\u0131 konu\u015fuluyordu fakat \u015fu anda d\u00fcnyan\u0131n y\u0131ld\u0131z \u00fclkesi \u0130ngiltere. Burada son kullan\u0131c\u0131lar \u00f6zellikle evlerinin \u00e7at\u0131s\u0131na kurma konusunda b\u00fcy\u00fck ilgi g\u00f6sterdiler. Uygulama yayg\u0131nla\u015ft\u0131k\u00e7a da fiyatlar d\u00fc\u015ft\u00fc. 2016`ya kadar fiyatlarda y\u00fczde 15 d\u00fc\u015f\u00fc\u015f bekleniyor. Sistem ucuzlay\u0131nca maliyetin geri d\u00f6n\u00fc\u015f\u00fc de k\u0131salm\u0131\u015f oluyor. T\u00fcrkiye`de son kullan\u0131c\u0131lar\u0131n artmas\u0131 i\u00e7in izinlerin kolayla\u015ft\u0131r\u0131lmas\u0131 ve te\u015fviklerin art\u0131r\u0131lmas\u0131 laz\u0131m&#8221; diye konu\u015ftu.<\/p>\n<p><strong>Haberin <a href=\"http:\/\/enerjigunlugu.net\/aserenerji:-gunesin-maliyetleri-dusuyor_9650.html\" target=\"_blank\" rel=\"nofollow\">Devam\u0131 \u0130\u00e7in TIKLAYINIZ&gt;&gt;&gt;<\/a><\/strong><\/p>\n<p>Kaynak: Enerji G\u00fcnl\u00fc\u011f\u00fc<\/p>","protected":false},"excerpt":{"rendered":"<p>Sorry, this entry is only available in Turkish. For the sake of viewer convenience, the content is shown below in the alternative language. You may click the link to switch the active language.Aterenerji Genel M\u00fcd\u00fcr\u00fc Serkan G\u00fcm\u00fc\u015f, g\u00fcne\u015fe dayal\u0131 elektrik \u00fcretimi uygulamalar\u0131n\u0131n yayg\u0131nla\u015fmas\u0131yla, bu alandaki yat\u0131r\u0131m maliyetlerinin d\u00fc\u015ft\u00fc\u011f\u00fcn\u00fc s\u00f6yledi. Aysel Alp`in D\u00dcNYA`da yer alan haberine [&hellip;]<\/p>\n","protected":false},"author":1,"featured_media":30326,"comment_status":"open","ping_status":"open","sticky":false,"template":"","format":"standard","meta":[],"categories":[53,49],"tags":[17226,17228,63,67,1009,165,227,13,1405,17227,803],"views":819,"_links":{"self":[{"href":"https:\/\/www.enerjigazetesi.ist\/en\/wp-json\/wp\/v2\/posts\/30325"}],"collection":[{"href":"https:\/\/www.enerjigazetesi.ist\/en\/wp-json\/wp\/v2\/posts"}],"about":[{"href":"https:\/\/www.enerjigazetesi.ist\/en\/wp-json\/wp\/v2\/types\/post"}],"author":[{"embeddable":true,"href":"https:\/\/www.enerjigazetesi.ist\/en\/wp-json\/wp\/v2\/users\/1"}],"replies":[{"embeddable":true,"href":"https:\/\/www.enerjigazetesi.ist\/en\/wp-json\/wp\/v2\/comments?post=30325"}],"version-history":[{"count":1,"href":"https:\/\/www.enerjigazetesi.ist\/en\/wp-json\/wp\/v2\/posts\/30325\/revisions"}],"predecessor-version":[{"id":30327,"href":"https:\/\/www.enerjigazetesi.ist\/en\/wp-json\/wp\/v2\/posts\/30325\/revisions\/30327"}],"wp:featuredmedia":[{"embeddable":true,"href":"https:\/\/www.enerjigazetesi.ist\/en\/wp-json\/wp\/v2\/media\/30326"}],"wp:attachment":[{"href":"https:\/\/www.enerjigazetesi.ist\/en\/wp-json\/wp\/v2\/media?parent=30325"}],"wp:term":[{"taxonomy":"category","embeddable":true,"href":"https:\/\/www.enerjigazetesi.ist\/en\/wp-json\/wp\/v2\/categories?post=30325"},{"taxonomy":"post_tag","embeddable":true,"href":"https:\/\/www.enerjigazetesi.ist\/en\/wp-json\/wp\/v2\/tags?post=30325"}],"curies":[{"name":"wp","href":"https:\/\/api.w.org\/{rel}","templated":true}]}}