{"id":30322,"date":"2014-08-10T20:59:35","date_gmt":"2014-08-10T17:59:35","guid":{"rendered":"https:\/\/www.enerjigazetesi.ist\/?p=30322"},"modified":"2014-08-10T20:59:35","modified_gmt":"2014-08-10T17:59:35","slug":"enerji-senden-bedasa-suclama-olume-davetiye","status":"publish","type":"post","link":"https:\/\/www.enerjigazetesi.ist\/en\/enerji-senden-bedasa-suclama-olume-davetiye\/","title":{"rendered":"(Turkish) Enerji-Sen`den BEDA\u015e`a Su\u00e7lama: \u00d6l\u00fcme Davetiye!"},"content":{"rendered":"<p class=\"qtranxs-available-languages-message qtranxs-available-languages-message-en\">Sorry, this entry is only available in <a href=\"https:\/\/www.enerjigazetesi.ist\/tr\/wp-json\/wp\/v2\/posts\/30322\" class=\"qtranxs-available-language-link qtranxs-available-language-link-tr\" title=\"Turkish\">Turkish<\/a>. For the sake of viewer convenience, the content is shown below in the alternative language. You may click the link to switch the active language.<\/p><p><strong>Enerji-Sen, &#8220;i\u015f g\u00fcvenli\u011fi yok&#8221; gerek\u00e7esiyle \u00e7al\u0131\u015fmaktan ka\u00e7\u0131nma haklar\u0131n\u0131 kullanmak isteyen kesma-a\u00e7ma servisi i\u015f\u00e7ilerinin talebini hukuka ayk\u0131r\u0131 bulan BEDA\u015e y\u00f6netimini &#8220;i\u015f\u00e7i \u00f6l\u00fcmlerine davetiye \u00e7\u0131karmakla&#8221; su\u00e7lad\u0131.<\/strong><\/p>\n<p>Enerji-Sen`den yap\u0131lan a\u00e7\u0131klamada, enerji i\u015fkolunun \u0130\u015fyeri Tehlike S\u0131n\u0131flar\u0131 Tebli\u011fi\u2019ine g\u00f6re \u00e7ok tehlikeli s\u0131n\u0131fta yer ald\u0131\u011f\u0131, en fazla i\u015f kazas\u0131 oran\u0131na sahip i\u015fkollar\u0131ndan biri oldu\u011fu belirtildi. Sendika, bu i\u015fyerlerinden birinin de BEDA\u015e\/BEDA oldu\u011fu hat\u0131rlat\u0131ld\u0131. BEDA\u015e y\u00f6netimine defalarca kat\u0131l\u0131mc\u0131 ve etkili bir \u0130\u015f\u00e7i Sa\u011fl\u0131\u011f\u0131 ve G\u00fcvenli\u011fi (\u0130SG) politikas\u0131 olu\u015fturulmas\u0131 konusunda uyar\u0131larda bulundu\u011funu belirten E<a href=\"https:\/\/www.enerjigazetesi.ist\/wp-content\/uploads\/2014\/08\/enerji-senden-bedasa-suclama-olume-davetiye.jpg\"><img loading=\"lazy\" class=\"alignleft size-medium wp-image-30323\" src=\"https:\/\/www.enerjigazetesi.ist\/wp-content\/uploads\/2014\/08\/enerji-senden-bedasa-suclama-olume-davetiye-300x186.jpg\" alt=\"enerji-senden-bedasa-suclama-olume-davetiye\" width=\"300\" height=\"186\" srcset=\"https:\/\/www.enerjigazetesi.ist\/wp-content\/uploads\/2014\/08\/enerji-senden-bedasa-suclama-olume-davetiye-300x186.jpg 300w, https:\/\/www.enerjigazetesi.ist\/wp-content\/uploads\/2014\/08\/enerji-senden-bedasa-suclama-olume-davetiye-80x50.jpg 80w, https:\/\/www.enerjigazetesi.ist\/wp-content\/uploads\/2014\/08\/enerji-senden-bedasa-suclama-olume-davetiye.jpg 448w\" sizes=\"(max-width: 300px) 100vw, 300px\" \/><\/a>nerji-Sen, bu konuda olumlu cevaplar alamad\u0131\u011f\u0131n\u0131 iddia etti.<\/p>\n<p>BEDA\u015e\/BEDA i\u015fyerlerinde ba\u015fta 6331 say\u0131l\u0131 kanun olmak \u00fczere i\u015f\u00e7i sa\u011fl\u0131\u011f\u0131 ve g\u00fcvenli\u011fi konusundaki asgari gerekliliklerin dahi yerine getirilmedi\u011fini ileri s\u00fcren Enerji-Sen`in a\u00e7\u0131klamas\u0131nda, &#8220;\u00d6zelle\u015ftirmenin \u00fczerinden bir y\u0131ldan fazla zaman ge\u00e7mesine ra\u011fmen yasal zorunluluk olan \u0130SG e\u011fitimleri ya hi\u00e7 verilmemi\u015f ya da olmas\u0131 gerekenin \u00e7ok alt\u0131nda bir s\u00fcrede verilmi\u015ftir. Risk De\u011ferlendirmeleri tamamlanmam\u0131\u015f, ayda bir toplanmas\u0131 gereken \u0130SG kurulu ilk toplant\u0131s\u0131n\u0131 k\u0131sa bir s\u00fcre \u00f6nce yapm\u0131\u015ft\u0131r. \u0130\u015f\u00e7ilerin kullanmas\u0131 gereken ki\u015fisel koruyucu donan\u0131mlar ya verilmemekte ya da i\u015fin ihtiya\u00e7lar\u0131na uygun \u00f6zellik ve kalitede olmamaktad\u0131rlar&#8221; denildi.<\/p>\n<p>Uyar\u0131lar\u0131n sonu\u00e7suz kalmas\u0131 \u00fczerine 300\u2019den fazla BEDA\u015e\/BEDA i\u015f\u00e7isinin 21 Temmuz 2014 tarihinde i\u015fyerinde can g\u00fcvenlikleri olmad\u0131klar\u0131 gerek\u00e7esiyle &#8220;\u00e7al\u0131\u015fmaktan ka\u00e7\u0131nma haklar\u0131n\u0131&#8221; kulland\u0131klar\u0131n\u0131 belirten Enerji-Sen`in a\u00e7\u0131klamas\u0131nda \u015f\u00f6yle denildi:<\/p>\n<p>&#8220;\u0130\u015f\u00e7iler \u00f6nce s\u00f6zl\u00fc olarak \u00f6\u011fleden sonra da yaz\u0131l\u0131 olarak neden i\u015fba\u015f\u0131 yapmad\u0131klar\u0131na dair dilek\u00e7eleri BEDA\u015e Genel M\u00fcd\u00fcrl\u00fc\u011f\u00fc\u2019ne verdiler. BEDA\u015e Genel M\u00fcd\u00fcrl\u00fc\u011f\u00fc k\u0131sa bir s\u00fcre \u00f6nce bu dilek\u00e7elere 22 Temmuz 2014 tarihinde toplanan \u0130SG Kurulu toplant\u0131 tutana\u011f\u0131 ile cevap verdi. Asl\u0131nda verilen cevap de\u011fil su\u00e7lamayd\u0131. Dilek\u00e7ede belirtilen hi\u00e7bir talebin cevab\u0131 tutanakta yoktu. Y\u00fczlerce BEDA\u015e\/BEDA i\u015f\u00e7isinin yaz\u0131l\u0131 talebiyle toplanan \u0130SG Kurul`unun yay\u0131nlad\u0131\u011f\u0131 Tutanakta i\u015f\u00e7ilerin taleplerine cevap vermek yerine, i\u015f\u00e7ilerin su\u00e7lu g\u00f6sterilmesi i\u00e7in zemin olu\u015fturmak istedi\u011fi a\u00e7\u0131kt\u0131r. Ancak can g\u00fcvenli\u011fimiz hi\u00e7e say\u0131larak \u00e7al\u0131\u015ft\u0131r\u0131lan bizler buna izin vermeyece\u011fiz.&#8221;<\/p>\n<p>\u0130SG Kurulu\u2019nun 22 Temmuz 2014 &#8211; 04 nolu tutana\u011f\u0131nda, Kurul`un i\u015f\u00e7iler taraf\u0131ndan verilen dilek\u00e7eler \u00fczerine topland\u0131\u011f\u0131 belirtiliyor ve \u00e7al\u0131\u015fmaktan ka\u00e7\u0131nma talebi hukuksuzluk gerek\u00e7e\u00e7esiyle reddediliyor. \u00c7al\u0131\u015fanlar\u0131n talebi ve eylemi &#8220;hukuka ayk\u0131r\u0131&#8221; olarak nitelendiriliyor.<\/p>\n<p>Sendika`n\u0131n a\u00e7\u0131klamas\u0131nda, BEDA\u015e i\u015f\u00e7ilerinin verdikleri dilek\u00e7elerde can g\u00fcvenliklerinin sa\u011flanmas\u0131n\u0131 talep ettikleri vurgulan\u0131rken &#8220;Can g\u00fcvenli\u011fi talebini hukuka ayk\u0131r\u0131 g\u00f6ren zihniyetin nerelere vard\u0131\u011f\u0131n\u0131 \u00e7ok k\u0131sa bir s\u00fcre \u00f6nce SOMA`da g\u00f6rd\u00fck. Anla\u015f\u0131lan o ki bu tutana\u011fa imza atanlar BEDA\u015e i\u015f\u00e7ilerine SOMA katliam\u0131n\u0131 reva g\u00f6rmektedirler. Ya\u011fma yok. G\u00fcvenli \u00e7al\u0131\u015fma hakk\u0131 ba\u015fta uluslararas\u0131 anla\u015fmalar ve ulusal mevzuatla g\u00fcvence alt\u0131na al\u0131nm\u0131\u015ft\u0131r. BEDA\u015e i\u015fverenleri ve yardak\u00e7\u0131lar\u0131 b\u00f6yle istiyor diye bu hakk\u0131m\u0131zdan vaz ge\u00e7ecek de\u011filiz&#8221; denildi.<\/p>\n<p>Tutanakta yer alban &#8220;i\u015f\u00e7ilerin i\u015fyerini terk ettikleri&#8221; ifadelerine de tepki g\u00f6steren Sendika y\u00f6netimi \u015fu a\u00e7\u0131klamalarda bulundu:<br \/>\n&#8220;\u0130\u015f\u00e7ileri su\u00e7lamak tutana\u011f\u0131n ne kadar ciddiyetsiz ve art niyetli oldu\u011funu g\u00f6stermektedir. Kendilerinin de \u00e7ok iyi bildikleri gibi i\u015f\u00e7iler \u00f6\u011flene kadar i\u015fyerlerinde kalm\u0131\u015flar, i\u015fverene s\u00f6zl\u00fc olarak taleplerini iletmi\u015fler daha sonra da s\u00f6zl\u00fc taleplerinin dikkate al\u0131nmad\u0131\u011f\u0131n\u0131 g\u00f6rd\u00fckten sonra da BEDA\u015e Genel M\u00fcd\u00fcrl\u00fc\u011f\u00fc`ne yaz\u0131l\u0131 dilek\u00e7elerini vermek \u00fczere gitmi\u015flerdir.&#8221;<\/p>\n<p>Tutana\u011fa imza atanlar\u0131n BEDA\u015e i\u015f\u00e7ilerinin ya\u015fayacaklar\u0131 her i\u015f kazas\u0131ndan sorumlu olacaklar\u0131 uyar\u0131s\u0131na yer verilen Enerji Sen`in a\u00e7\u0131klamas\u0131nda &#8220;Sendikam\u0131z i\u015f\u00e7ilerin taleplerini tehdit, \u00e7arp\u0131tma ve karalama ile yok sayan bu imzac\u0131lardan her me\u015fru zeminde hesap soracakt\u0131r&#8221; denildi.<\/p>\n<p><strong><i>ENERJ\u0130-SEN`\u0130N TALEPLER\u0130<\/i><\/strong><\/p>\n<p>&#8211; Tutanak geri \u00e7ekilmeli, i\u015f\u00e7ilere zorla tebli\u011f edilmesinden vaz ge\u00e7ilmelidir.<br \/>\n&#8211; Tutanakta imzas\u0131 olan s\u00f6zde i\u015f\u00e7i temsilcilerinin me\u015frulu\u011fu kalmam\u0131\u015ft\u0131r. \u0130\u015f\u00e7ilerin se\u00e7ti\u011fi temsilciler kurulda i\u015fveren vekili say\u0131s\u0131ndan az olmamak \u00fczere g\u00f6revlendirilmelidir.<br \/>\n&#8211; \u0130\u015f G\u00fcvenli\u011fi Uzman\u0131 ve \u0130\u015fyeri Hekiminin g\u00f6revi i\u015fveren yardak\u00e7\u0131l\u0131\u011f\u0131 de\u011fildir. Bu durum taraf\u0131m\u0131zca kabul edilemez. Konuyla ilgili olarak bu ki\u015filerin ba\u011fl\u0131 olduklar\u0131 meslek odalar\u0131 ve \u00c7al\u0131\u015fma Bakanl\u0131\u011f\u0131 \u0130\u015f Sa\u011fl\u0131\u011f\u0131 ve G\u00fcvenli\u011fi Genel M\u00fcd\u00fcrl\u00fc\u011f\u00fc\u2019ne (\u0130SGGM) hukuki giri\u015fimler taraf\u0131m\u0131zca en k\u0131sa zamanda yap\u0131lacakt\u0131r.<br \/>\nS\u00f6z konusu hukuki giri\u015fimler sonu\u00e7lanana kadar bu ki\u015filer g\u00f6revden al\u0131nmal\u0131d\u0131r.<br \/>\n&#8211; 6331 say\u0131l\u0131 kanun ve ba\u011fl\u0131 mevzuatta yer alan \u0130SG uygulamalar\u0131 derhal tamamlanmal\u0131d\u0131r. \u0130\u015f\u00e7ilere i\u015fe uygun KKD`ler tedarik edilmelidir. \u0130\u015f G\u00fcvenli\u011fi e\u011fitimleri yasaya uygun \u015fekilde yap\u0131lmal\u0131d\u0131r.<br \/>\n&#8211; A\u00e7ma-Kesme servislerinde saha g\u00f6revlendirmeleri en az 2 ki\u015filik ekipler \u015feklinde yap\u0131lmal\u0131, bu konuda referans kaynak olan TEDA\u015e \u0130\u015f G\u00fcvenli\u011fi Y\u00f6nergesine uyulmal\u0131d\u0131r. Hayati risk olu\u015fturan a\u00e7ma-kesme servislerinde tek ki\u015fi \u00e7al\u0131\u015ft\u0131rma uygulamas\u0131ndan vaz ge\u00e7ilmelidir.<\/p>\n<p><strong><i>BEDA\u015e\/BEDA \u0130SG KURUL \u00dcYELER\u0130<\/i><\/strong><\/p>\n<p>Ergin \u00d6nder &#8211; Kurul Ba\u015fkan\u0131- \u0130\u015fveren Vekili<br \/>\nMurat Ko\u015far &#8211; Kurul Sekreteri &#8211; \u0130SG Uzman\u0131<br \/>\n\u0130smail \u00d6z &#8211; Kurul \u00dcyesi &#8211; \u0130\u015fveren Vekili<br \/>\nFatih Aydemir &#8211; Kurul \u00dcyesi &#8211; \u0130\u015fveren Vekili<br \/>\nDr. Sami Taylak &#8211; Kurul \u00dcyesi &#8211; \u0130\u015fyeri Hekimi<br \/>\nOrhan Korkmaz &#8211; Kurul \u00dcyesi &#8211; \u00c7al\u0131\u015fan temsilcisi<br \/>\nSerkan Uluta\u015f &#8211; Kurul \u00dcyesi &#8211; \u00c7al\u0131\u015fan temsilcisi<\/p>\n<p>Kaynak: <a href=\"http:\/\/enerjigunlugu.net\/enerji-senden-bedasa-suclama:-olume-davetiye_9637.html\" target=\"_blank\" rel=\"nofollow\">Enerji G\u00fcnl\u00fc\u011f\u00fc<\/a><\/p>\n<p>&nbsp;<\/p>","protected":false},"excerpt":{"rendered":"<p>Sorry, this entry is only available in Turkish. For the sake of viewer convenience, the content is shown below in the alternative language. You may click the link to switch the active language.Enerji-Sen, &#8220;i\u015f g\u00fcvenli\u011fi yok&#8221; gerek\u00e7esiyle \u00e7al\u0131\u015fmaktan ka\u00e7\u0131nma haklar\u0131n\u0131 kullanmak isteyen kesma-a\u00e7ma servisi i\u015f\u00e7ilerinin talebini hukuka ayk\u0131r\u0131 bulan BEDA\u015e y\u00f6netimini &#8220;i\u015f\u00e7i \u00f6l\u00fcmlerine davetiye \u00e7\u0131karmakla&#8221; [&hellip;]<\/p>\n","protected":false},"author":1,"featured_media":30323,"comment_status":"open","ping_status":"open","sticky":false,"template":"","format":"standard","meta":[],"categories":[51,53],"tags":[1506,17225,17224,68,61,63,67,1009,165,17222,17223],"views":847,"_links":{"self":[{"href":"https:\/\/www.enerjigazetesi.ist\/en\/wp-json\/wp\/v2\/posts\/30322"}],"collection":[{"href":"https:\/\/www.enerjigazetesi.ist\/en\/wp-json\/wp\/v2\/posts"}],"about":[{"href":"https:\/\/www.enerjigazetesi.ist\/en\/wp-json\/wp\/v2\/types\/post"}],"author":[{"embeddable":true,"href":"https:\/\/www.enerjigazetesi.ist\/en\/wp-json\/wp\/v2\/users\/1"}],"replies":[{"embeddable":true,"href":"https:\/\/www.enerjigazetesi.ist\/en\/wp-json\/wp\/v2\/comments?post=30322"}],"version-history":[{"count":1,"href":"https:\/\/www.enerjigazetesi.ist\/en\/wp-json\/wp\/v2\/posts\/30322\/revisions"}],"predecessor-version":[{"id":30324,"href":"https:\/\/www.enerjigazetesi.ist\/en\/wp-json\/wp\/v2\/posts\/30322\/revisions\/30324"}],"wp:featuredmedia":[{"embeddable":true,"href":"https:\/\/www.enerjigazetesi.ist\/en\/wp-json\/wp\/v2\/media\/30323"}],"wp:attachment":[{"href":"https:\/\/www.enerjigazetesi.ist\/en\/wp-json\/wp\/v2\/media?parent=30322"}],"wp:term":[{"taxonomy":"category","embeddable":true,"href":"https:\/\/www.enerjigazetesi.ist\/en\/wp-json\/wp\/v2\/categories?post=30322"},{"taxonomy":"post_tag","embeddable":true,"href":"https:\/\/www.enerjigazetesi.ist\/en\/wp-json\/wp\/v2\/tags?post=30322"}],"curies":[{"name":"wp","href":"https:\/\/api.w.org\/{rel}","templated":true}]}}