{"id":30305,"date":"2014-08-09T18:57:23","date_gmt":"2014-08-09T15:57:23","guid":{"rendered":"https:\/\/www.enerjigazetesi.ist\/?p=30305"},"modified":"2014-08-09T18:57:39","modified_gmt":"2014-08-09T15:57:39","slug":"cin-2014-gunes-elektrigi-hedeflerini-yukseltti","status":"publish","type":"post","link":"https:\/\/www.enerjigazetesi.ist\/en\/cin-2014-gunes-elektrigi-hedeflerini-yukseltti\/","title":{"rendered":"(Turkish) \u00c7in 2014 G\u00fcne\u015f Elektri\u011fi Hedeflerini Y\u00fckseltti!"},"content":{"rendered":"<p class=\"qtranxs-available-languages-message qtranxs-available-languages-message-en\">Sorry, this entry is only available in <a href=\"https:\/\/www.enerjigazetesi.ist\/tr\/wp-json\/wp\/v2\/posts\/30305\" class=\"qtranxs-available-language-link qtranxs-available-language-link-tr\" title=\"Turkish\">Turkish<\/a>. For the sake of viewer convenience, the content is shown below in the alternative language. You may click the link to switch the active language.<\/p><p><strong>\u00c7in\u2019in 2014 y\u0131l\u0131 g\u00fcne\u015f elektri\u011fi hedeflerini y\u00fckseltti\u011fi bildirildi. Haziran ay\u0131nda\u00fclkesinin 2014 y\u0131l\u0131 i\u00e7in g\u00fcne\u015f elektri\u011fi hedefinin, 6 GW\u2019l\u0131k b\u00f6l\u00fcm\u00fcn\u00fcn \u00e7at\u0131 \u00fcst\u00fc sistemler olmak \u00fczere 10 GW oldu\u011funu bildiren\u00a0 \u00c7in Ulusal Enerji \u0130daresi Ba\u015fkan\u0131 Wu Xinxiong,\u00a0 \u00c7in\u2019in resmi haber ajans\u0131 \u015einhua\u2019ya bu hafta yapt\u0131\u011f\u0131 a\u00e7\u0131klama ile bu hedefin 13 GW\u2019a y\u00fckseltildi\u011fini s\u00f6yledi.<\/strong><\/p>\n<p>\u00c7in h\u00fck\u00fcmeti taraf\u0131ndan y\u0131l ba\u015f\u0131nda yap\u0131lan a\u00e7\u0131klamada ise bu hedef, 8 GW\u2019l\u0131k b\u00f6l\u00fcm\u00fc k\u00fc\u00e7\u00fck \u00f6l\u00e7ekli da\u011f\u0131t\u0131k sistemler olmak \u00fczere 14 GW olarak belirtilmi\u015fti.<a href=\"https:\/\/www.enerjigazetesi.ist\/wp-content\/uploads\/2014\/08\/cin-2014-gunes-elektrigi-hedeflerini-yukseltti.jpg\"><img loading=\"lazy\" class=\"alignright size-medium wp-image-30306\" src=\"https:\/\/www.enerjigazetesi.ist\/wp-content\/uploads\/2014\/08\/cin-2014-gunes-elektrigi-hedeflerini-yukseltti-300x192.jpg\" alt=\"cin-2014-gunes-elektrigi-hedeflerini-yukseltti\" width=\"300\" height=\"192\" srcset=\"https:\/\/www.enerjigazetesi.ist\/wp-content\/uploads\/2014\/08\/cin-2014-gunes-elektrigi-hedeflerini-yukseltti-300x192.jpg 300w, https:\/\/www.enerjigazetesi.ist\/wp-content\/uploads\/2014\/08\/cin-2014-gunes-elektrigi-hedeflerini-yukseltti-78x50.jpg 78w, https:\/\/www.enerjigazetesi.ist\/wp-content\/uploads\/2014\/08\/cin-2014-gunes-elektrigi-hedeflerini-yukseltti.jpg 390w\" sizes=\"(max-width: 300px) 100vw, 300px\" \/><\/a><\/p>\n<p>Bununla birlikte bu hedeflere kar\u015f\u0131n 2014\u2019\u00fcn ilk \u00e7eyre\u011findeki \u00e7at\u0131 tipi kurulumlar\u0131n yaln\u0131zca 188 MW seviyesinde kalmas\u0131 \u00c7in\u2019in bu hedefinin ger\u00e7ekle\u015febilirli\u011fi konusunda \u015f\u00fcpheleri art\u0131rm\u0131\u015ft\u0131.<\/p>\n<p>Ara\u015ft\u0131rma kurulu\u015fu IHS \u00fclkenin 2014 y\u0131l\u0131 i\u00e7in bu alandaki kurulu g\u00fc\u00e7 art\u0131\u015f\u0131n\u0131n 4 GW\u2019da kalaca\u011f\u0131n\u0131 tahmin etti\u011fini a\u00e7\u0131klam\u0131\u015f, \u00c7in Yenilenebilir Enerji Birli\u011fi ise bu rakam\u0131n 4,8 GW olarak ger\u00e7ekle\u015febilece\u011fini bildirmi\u015fti.<\/p>\n<p>Analistlere g\u00f6re k\u00fc\u00e7\u00fck \u00f6l\u00e7ekli yat\u0131r\u0131mlara y\u00f6nelik te\u015fvik politikas\u0131ndaki belirsizlikler ve b\u00fcrokratik sorunlar \u00c7in\u2019in bu hedefe ula\u015famayacak olmas\u0131n\u0131n ana etkenleri olacak.<\/p>\n<p>K\u00fcresel \u00f6l\u00e7ekte g\u00fcne\u015f elektri\u011fi kurulu g\u00fcc\u00fc 2013\u2019e 37 GW artm\u0131\u015f iken, \u00c7in bu art\u0131\u015f\u0131n 11,3 GW\u2019l\u0131k k\u0131sm\u0131n\u0131 tek ba\u015f\u0131na ger\u00e7ekle\u015ftirmi\u015fti.<\/p>\n<p>Kurulu g\u00fcne\u015f elektri\u011fi g\u00fcc\u00fc 2013 sonunda 18,1 GW\u2019a ula\u015fan \u00c7in 2015 sonunda bu alanda 35 GW, 2017 sonunda ise 70 GW\u2019l\u0131k kurulu g\u00fcce ula\u015fmay\u0131 hedefliyor.<\/p>\n<p>Kaynak: <a href=\"http:\/\/www.yesilekonomi.com\/yenilenebilir-enerji\/cin-2014-gunes-elektrigi-hedeflerini-yukseltti\" target=\"_blank\" rel=\"nofollow\">Ye\u015fil Ekonomi<\/a><\/p>","protected":false},"excerpt":{"rendered":"<p>Sorry, this entry is only available in Turkish. For the sake of viewer convenience, the content is shown below in the alternative language. You may click the link to switch the active language.\u00c7in\u2019in 2014 y\u0131l\u0131 g\u00fcne\u015f elektri\u011fi hedeflerini y\u00fckseltti\u011fi bildirildi. Haziran ay\u0131nda\u00fclkesinin 2014 y\u0131l\u0131 i\u00e7in g\u00fcne\u015f elektri\u011fi hedefinin, 6 GW\u2019l\u0131k b\u00f6l\u00fcm\u00fcn\u00fcn \u00e7at\u0131 \u00fcst\u00fc sistemler olmak [&hellip;]<\/p>\n","protected":false},"author":1,"featured_media":30306,"comment_status":"open","ping_status":"open","sticky":false,"template":"","format":"standard","meta":[],"categories":[53,49],"tags":[886,63,67,1009,165,227,13],"views":598,"_links":{"self":[{"href":"https:\/\/www.enerjigazetesi.ist\/en\/wp-json\/wp\/v2\/posts\/30305"}],"collection":[{"href":"https:\/\/www.enerjigazetesi.ist\/en\/wp-json\/wp\/v2\/posts"}],"about":[{"href":"https:\/\/www.enerjigazetesi.ist\/en\/wp-json\/wp\/v2\/types\/post"}],"author":[{"embeddable":true,"href":"https:\/\/www.enerjigazetesi.ist\/en\/wp-json\/wp\/v2\/users\/1"}],"replies":[{"embeddable":true,"href":"https:\/\/www.enerjigazetesi.ist\/en\/wp-json\/wp\/v2\/comments?post=30305"}],"version-history":[{"count":1,"href":"https:\/\/www.enerjigazetesi.ist\/en\/wp-json\/wp\/v2\/posts\/30305\/revisions"}],"predecessor-version":[{"id":30307,"href":"https:\/\/www.enerjigazetesi.ist\/en\/wp-json\/wp\/v2\/posts\/30305\/revisions\/30307"}],"wp:featuredmedia":[{"embeddable":true,"href":"https:\/\/www.enerjigazetesi.ist\/en\/wp-json\/wp\/v2\/media\/30306"}],"wp:attachment":[{"href":"https:\/\/www.enerjigazetesi.ist\/en\/wp-json\/wp\/v2\/media?parent=30305"}],"wp:term":[{"taxonomy":"category","embeddable":true,"href":"https:\/\/www.enerjigazetesi.ist\/en\/wp-json\/wp\/v2\/categories?post=30305"},{"taxonomy":"post_tag","embeddable":true,"href":"https:\/\/www.enerjigazetesi.ist\/en\/wp-json\/wp\/v2\/tags?post=30305"}],"curies":[{"name":"wp","href":"https:\/\/api.w.org\/{rel}","templated":true}]}}