{"id":30228,"date":"2014-08-07T14:51:49","date_gmt":"2014-08-07T11:51:49","guid":{"rendered":"https:\/\/www.enerjigazetesi.ist\/?p=30228"},"modified":"2014-08-07T14:51:49","modified_gmt":"2014-08-07T11:51:49","slug":"afsin-elbistan-termik-santrali-icin-12-milyar-dolarlik-pazarlik","status":"publish","type":"post","link":"https:\/\/www.enerjigazetesi.ist\/en\/afsin-elbistan-termik-santrali-icin-12-milyar-dolarlik-pazarlik\/","title":{"rendered":"(Turkish) Af\u015fin-Elbistan Termik Santrali \u0130\u00e7in 12 Milyar Dolarl\u0131k Pazarl\u0131k&#8230;"},"content":{"rendered":"<p class=\"qtranxs-available-languages-message qtranxs-available-languages-message-en\">Sorry, this entry is only available in <a href=\"https:\/\/www.enerjigazetesi.ist\/tr\/wp-json\/wp\/v2\/posts\/30228\" class=\"qtranxs-available-language-link qtranxs-available-language-link-tr\" title=\"Turkish\">Turkish<\/a>. For the sake of viewer convenience, the content is shown below in the alternative language. You may click the link to switch the active language.<\/p><p><strong>Uluslararas\u0131 yat\u0131r\u0131mc\u0131lar Af\u015fin-Elbistan termik santralinde in\u015fa edilecek ilave \u00fcnitelerin i\u015fletmesini alabilmek i\u00e7in birbirleriyle k\u0131yas\u0131ya yar\u0131\u015f\u0131yor.<\/strong><span id=\"more-66604\"><\/span><\/p>\n<p>Yakla\u015f\u0131k 12 milyar dolarl\u0131k yat\u0131r\u0131m\u0131n beklendi\u011fi b\u00f6lgede, ba\u015fta Katarl\u0131 \u015firket olmak \u00fczere, G\u00fcney Koreli ve \u00c7inli <a href=\"https:\/\/www.enerjigazetesi.ist\/wp-content\/uploads\/2014\/08\/af\u015fin-elbistan-linyit-k\u00f6m\u00fcr.jpg\"><img loading=\"lazy\" class=\"alignright size-medium wp-image-30229\" src=\"https:\/\/www.enerjigazetesi.ist\/wp-content\/uploads\/2014\/08\/af\u015fin-elbistan-linyit-k\u00f6m\u00fcr-300x199.jpg\" alt=\"af\u015fin-elbistan-linyit-k\u00f6m\u00fcr\" width=\"300\" height=\"199\" srcset=\"https:\/\/www.enerjigazetesi.ist\/wp-content\/uploads\/2014\/08\/af\u015fin-elbistan-linyit-k\u00f6m\u00fcr-300x199.jpg 300w, https:\/\/www.enerjigazetesi.ist\/wp-content\/uploads\/2014\/08\/af\u015fin-elbistan-linyit-k\u00f6m\u00fcr-500x332.jpg 500w, https:\/\/www.enerjigazetesi.ist\/wp-content\/uploads\/2014\/08\/af\u015fin-elbistan-linyit-k\u00f6m\u00fcr-75x50.jpg 75w, https:\/\/www.enerjigazetesi.ist\/wp-content\/uploads\/2014\/08\/af\u015fin-elbistan-linyit-k\u00f6m\u00fcr.jpg 870w\" sizes=\"(max-width: 300px) 100vw, 300px\" \/><\/a>\u015firketler de i\u015fletmede pay sahibi olmak i\u00e7in yo\u011fun \u00e7aba sarf ediyor.<\/p>\n<p>Af\u015fin-Elbistan\u2019da in\u015fa edilecek C, D ve E \u00fcniteleri i\u00e7in Katarl\u0131, G\u00fcney Koreli ve \u00c7inli firmalar birbirleriyle k\u0131yas\u0131ya rekabete girdi. G\u00fcney Koreli \u015firket pazartesi g\u00fcn\u00fc Af\u015fin Elbistan Linyitleri (AEL) \u0130\u015fletmesinde incelemelerde bulundu ve yetkililerden santralle ilgili bilgi ald\u0131. Ayn\u0131 g\u00fcn, \u00c7inli firman\u0131n yetkilileri de Enerji ve Tabii Kaynaklar Bakanl\u0131\u011f\u0131nda g\u00f6r\u00fc\u015fmeler ger\u00e7ekle\u015ftirdi. Ancak Katarl\u0131 firman\u0131n ise i\u015fletmeyi alabilmek i\u00e7in gerekli \u015fartlar\u0131 yerine getirdi\u011fi ve pazarl\u0131kta rakiplerine g\u00f6re bir ad\u0131m daha \u00f6nde oldu\u011fu \u00f6\u011frenildi.<\/p>\n<p>\u015eirketler, Af\u015fin-Elbistan i\u015fletmesi i\u00e7in uluslararas\u0131 anla\u015fma imzalamak amac\u0131yla yakla\u015f\u0131k 1 y\u0131ld\u0131r T\u00fcrkiye ile g\u00f6r\u00fc\u015fmelerini s\u00fcrd\u00fcr\u00fcyor. Af\u015fin-Elbistan i\u00e7in G\u00fcney Koreli firma ile ilk g\u00f6r\u00fc\u015fme 3 y\u0131l \u00f6nce ger\u00e7ekle\u015fmi\u015f fakat daha sonra proje Birle\u015fik Arap Emirlikleri \u015firketi TAQA ile devam etmi\u015fti. Ge\u00e7en y\u0131l M\u0131s\u0131r\u2019da ya\u015fanan geli\u015fmeler nedeniyle T\u00fcrkiye\u2019ye yat\u0131r\u0131m yapmaktan vazge\u00e7en TAQA projeden \u00e7ekildi\u011fini a\u00e7\u0131klam\u0131\u015ft\u0131.<\/p>\n<h3>3 Bin Ki\u015fiye \u0130\u015f \u0130mkan\u0131<\/h3>\n<p>Yap\u0131lacak uluslararas\u0131 anla\u015fman\u0131n ard\u0131ndan b\u00f6lgede yakla\u015f\u0131k 3 bin ki\u015filik istihdam\u0131n olu\u015fmas\u0131 bekleniyor. Santralin in\u015faat\u0131 i\u00e7in E\u00dcA\u015e ile anla\u015fmay\u0131 imzalayan taraf yeni bir proje \u015firketi kuracak. Santralden ise 8 bin megavat elektrik \u00fcretimi planlan\u0131yor. Santrallerin in\u015faat\u0131nda kullan\u0131lacak malzemenin yar\u0131dan fazlas\u0131 yerli \u015firketlerden temin edilecek. B\u00f6ylece yerli sanayicilerin 6 milyar dolar gelir elde etmesi \u00f6ng\u00f6r\u00fcl\u00fcyor.<\/p>\n<p>E\u00dcA\u015e\u2019\u0131n yakla\u015f\u0131k y\u00fczde 35 ortak olmas\u0131 beklenen projenin bir ka\u00e7 ay i\u00e7erisinde tamamlanmas\u0131 planlan\u0131yor. Herhangi bir \u015firketle uzla\u015fma sa\u011flanamaz ise y\u0131l sonuna kadar santralin kamu yat\u0131r\u0131m\u0131yla in\u015fa edilece\u011fi belirtiliyor.<\/p>\n<p>Kaynak: <a href=\"http:\/\/haberciniz.biz\/komurde-12-milyar-dolarlik-pazarlik-3079450h.htm\" target=\"_blank\" rel=\"nofollow\">haberciniz<\/a><\/p>","protected":false},"excerpt":{"rendered":"<p>Sorry, this entry is only available in Turkish. For the sake of viewer convenience, the content is shown below in the alternative language. You may click the link to switch the active language.Uluslararas\u0131 yat\u0131r\u0131mc\u0131lar Af\u015fin-Elbistan termik santralinde in\u015fa edilecek ilave \u00fcnitelerin i\u015fletmesini alabilmek i\u00e7in birbirleriyle k\u0131yas\u0131ya yar\u0131\u015f\u0131yor. Yakla\u015f\u0131k 12 milyar dolarl\u0131k yat\u0131r\u0131m\u0131n beklendi\u011fi b\u00f6lgede, ba\u015fta [&hellip;]<\/p>\n","protected":false},"author":1,"featured_media":30229,"comment_status":"open","ping_status":"open","sticky":false,"template":"","format":"standard","meta":[],"categories":[53],"tags":[17157,4972,19,1033,17158,17159,17160,3721],"views":493,"_links":{"self":[{"href":"https:\/\/www.enerjigazetesi.ist\/en\/wp-json\/wp\/v2\/posts\/30228"}],"collection":[{"href":"https:\/\/www.enerjigazetesi.ist\/en\/wp-json\/wp\/v2\/posts"}],"about":[{"href":"https:\/\/www.enerjigazetesi.ist\/en\/wp-json\/wp\/v2\/types\/post"}],"author":[{"embeddable":true,"href":"https:\/\/www.enerjigazetesi.ist\/en\/wp-json\/wp\/v2\/users\/1"}],"replies":[{"embeddable":true,"href":"https:\/\/www.enerjigazetesi.ist\/en\/wp-json\/wp\/v2\/comments?post=30228"}],"version-history":[{"count":1,"href":"https:\/\/www.enerjigazetesi.ist\/en\/wp-json\/wp\/v2\/posts\/30228\/revisions"}],"predecessor-version":[{"id":30230,"href":"https:\/\/www.enerjigazetesi.ist\/en\/wp-json\/wp\/v2\/posts\/30228\/revisions\/30230"}],"wp:featuredmedia":[{"embeddable":true,"href":"https:\/\/www.enerjigazetesi.ist\/en\/wp-json\/wp\/v2\/media\/30229"}],"wp:attachment":[{"href":"https:\/\/www.enerjigazetesi.ist\/en\/wp-json\/wp\/v2\/media?parent=30228"}],"wp:term":[{"taxonomy":"category","embeddable":true,"href":"https:\/\/www.enerjigazetesi.ist\/en\/wp-json\/wp\/v2\/categories?post=30228"},{"taxonomy":"post_tag","embeddable":true,"href":"https:\/\/www.enerjigazetesi.ist\/en\/wp-json\/wp\/v2\/tags?post=30228"}],"curies":[{"name":"wp","href":"https:\/\/api.w.org\/{rel}","templated":true}]}}