{"id":30219,"date":"2014-08-07T13:45:17","date_gmt":"2014-08-07T10:45:17","guid":{"rendered":"https:\/\/www.enerjigazetesi.ist\/?p=30219"},"modified":"2014-08-07T13:45:17","modified_gmt":"2014-08-07T10:45:17","slug":"sanliurfada-elektrik-kesintisi-gerginligi","status":"publish","type":"post","link":"https:\/\/www.enerjigazetesi.ist\/en\/sanliurfada-elektrik-kesintisi-gerginligi\/","title":{"rendered":"(Turkish) \u015eanl\u0131urfa\u2019da Elektrik Kesintisi Gerginli\u011fi!"},"content":{"rendered":"<p class=\"qtranxs-available-languages-message qtranxs-available-languages-message-en\">Sorry, this entry is only available in <a href=\"https:\/\/www.enerjigazetesi.ist\/tr\/wp-json\/wp\/v2\/posts\/30219\" class=\"qtranxs-available-language-link qtranxs-available-language-link-tr\" title=\"Turkish\">Turkish<\/a>. For the sake of viewer convenience, the content is shown below in the alternative language. You may click the link to switch the active language.<\/p><p><strong>\u015eanl\u0131urfa\u2019n\u0131n Ak\u00e7akale \u0130l\u00e7esi\u2019nde, s\u0131k ya\u015fanan kesintileri ve bor\u00e7lar\u0131n\u0131 \u00f6dememeleri halinde elektriklerinin kesilece\u011fi y\u00f6n\u00fcnde tebligat g\u00f6nderilen \u00e7ok say\u0131da ki\u015fi, \u015eanl\u0131urfa-Ak\u00e7akale karayolunu ula\u015f\u0131ma kapatt\u0131.<a href=\"https:\/\/www.enerjigazetesi.ist\/wp-content\/uploads\/2014\/08\/elektrik-hat.jpg\"><img loading=\"lazy\" class=\"alignright size-medium wp-image-30220\" src=\"https:\/\/www.enerjigazetesi.ist\/wp-content\/uploads\/2014\/08\/elektrik-hat-300x152.jpg\" alt=\"elektrik-hat\" width=\"300\" height=\"152\" srcset=\"https:\/\/www.enerjigazetesi.ist\/wp-content\/uploads\/2014\/08\/elektrik-hat-300x152.jpg 300w, https:\/\/www.enerjigazetesi.ist\/wp-content\/uploads\/2014\/08\/elektrik-hat-500x254.jpg 500w, https:\/\/www.enerjigazetesi.ist\/wp-content\/uploads\/2014\/08\/elektrik-hat-80x40.jpg 80w, https:\/\/www.enerjigazetesi.ist\/wp-content\/uploads\/2014\/08\/elektrik-hat.jpg 870w\" sizes=\"(max-width: 300px) 100vw, 300px\" \/><\/a><\/strong><span id=\"more-66598\"><\/span><\/p>\n<p>\u0130l\u00e7edeki trafo binas\u0131na sald\u0131rma giri\u015fimi engellenen ve yakla\u015f\u0131k 1 saat boyunca yolu ula\u015f\u0131ma kapatan kalabal\u0131k, da\u011f\u0131lmalar\u0131 y\u00f6n\u00fcndeki uyar\u0131da bulunan g\u00fcvenlik g\u00fc\u00e7lerine ta\u015flarla sald\u0131rd\u0131.<\/p>\n<p>Sald\u0131r\u0131ya b\u00f6lgede z\u0131rhl\u0131 ara\u00e7larla \u00f6nlem alan polisler de gaz bombalar\u0131yla kar\u015f\u0131l\u0131k verdi. Ortal\u0131\u011f\u0131n sava\u015f alan\u0131na d\u00f6nd\u00fc\u011f\u00fc ve kent merkezinden takviye polis ekiplerinin g\u00f6nderildi\u011fi il\u00e7ede gerginlik s\u00fcr\u00fcyor.<\/p>\n<p>Ak\u00e7akale\u2019de, s\u0131k ya\u015fanan elektrik kesintilerini protesto etmek i\u00e7in toplanan bir grup, \u015eanl\u0131urfa-Ak\u00e7akale karayolunu ta\u015flarla ve barikat kurarak kapatt\u0131.<\/p>\n<p>Uyar\u0131lara ra\u011fmen yolu trafi\u011fe a\u00e7mayan gruba, polisler biber gaz\u0131 ve gaz bombalar\u0131yla m\u00fcdahale etti. M\u00fcdahalenin ard\u0131ndan da\u011f\u0131lan ve \u0130l\u00e7e Emniyet M\u00fcd\u00fcr\u00fc Mahmut \u00c7etin ile AK Parti \u0130l\u00e7e ba\u015fkan\u0131 \u0130brahim Y\u0131ld\u0131k\u2019\u0131n konu\u015ftu\u011fu grup, daha sonra trafo merkezinin camlar\u0131n\u0131 ta\u015flarla k\u0131rd\u0131.<\/p>\n<p>Gruptakiler ara sokaklara da\u011f\u0131l\u0131rken, gerginli\u011fin sona erdi\u011fi il\u00e7ede polisler \u00f6nlemlerini s\u00fcrd\u00fcr\u00fcyor.<\/p>\n<p>Kaynak: <a href=\"http:\/\/www.cnnturk.com\/haber\/turkiye\/elektrik-kesintisi-gerginligi\" target=\"_blank\" rel=\"nofollow\">CNN T\u00fcrk<\/a><\/p>","protected":false},"excerpt":{"rendered":"<p>Sorry, this entry is only available in Turkish. For the sake of viewer convenience, the content is shown below in the alternative language. You may click the link to switch the active language.\u015eanl\u0131urfa\u2019n\u0131n Ak\u00e7akale \u0130l\u00e7esi\u2019nde, s\u0131k ya\u015fanan kesintileri ve bor\u00e7lar\u0131n\u0131 \u00f6dememeleri halinde elektriklerinin kesilece\u011fi y\u00f6n\u00fcnde tebligat g\u00f6nderilen \u00e7ok say\u0131da ki\u015fi, \u015eanl\u0131urfa-Ak\u00e7akale karayolunu ula\u015f\u0131ma kapatt\u0131. \u0130l\u00e7edeki [&hellip;]<\/p>\n","protected":false},"author":1,"featured_media":30220,"comment_status":"open","ping_status":"open","sticky":false,"template":"","format":"standard","meta":[],"categories":[51,53],"tags":[11276,140,3312,2097,17143,17144],"views":426,"_links":{"self":[{"href":"https:\/\/www.enerjigazetesi.ist\/en\/wp-json\/wp\/v2\/posts\/30219"}],"collection":[{"href":"https:\/\/www.enerjigazetesi.ist\/en\/wp-json\/wp\/v2\/posts"}],"about":[{"href":"https:\/\/www.enerjigazetesi.ist\/en\/wp-json\/wp\/v2\/types\/post"}],"author":[{"embeddable":true,"href":"https:\/\/www.enerjigazetesi.ist\/en\/wp-json\/wp\/v2\/users\/1"}],"replies":[{"embeddable":true,"href":"https:\/\/www.enerjigazetesi.ist\/en\/wp-json\/wp\/v2\/comments?post=30219"}],"version-history":[{"count":1,"href":"https:\/\/www.enerjigazetesi.ist\/en\/wp-json\/wp\/v2\/posts\/30219\/revisions"}],"predecessor-version":[{"id":30221,"href":"https:\/\/www.enerjigazetesi.ist\/en\/wp-json\/wp\/v2\/posts\/30219\/revisions\/30221"}],"wp:featuredmedia":[{"embeddable":true,"href":"https:\/\/www.enerjigazetesi.ist\/en\/wp-json\/wp\/v2\/media\/30220"}],"wp:attachment":[{"href":"https:\/\/www.enerjigazetesi.ist\/en\/wp-json\/wp\/v2\/media?parent=30219"}],"wp:term":[{"taxonomy":"category","embeddable":true,"href":"https:\/\/www.enerjigazetesi.ist\/en\/wp-json\/wp\/v2\/categories?post=30219"},{"taxonomy":"post_tag","embeddable":true,"href":"https:\/\/www.enerjigazetesi.ist\/en\/wp-json\/wp\/v2\/tags?post=30219"}],"curies":[{"name":"wp","href":"https:\/\/api.w.org\/{rel}","templated":true}]}}