{"id":29931,"date":"2014-08-01T03:14:04","date_gmt":"2014-08-01T00:14:04","guid":{"rendered":"https:\/\/www.enerjigazetesi.ist\/?p=29931"},"modified":"2014-08-01T03:14:04","modified_gmt":"2014-08-01T00:14:04","slug":"kosbi-gunes-enerji-santrali-kurdu","status":"publish","type":"post","link":"https:\/\/www.enerjigazetesi.ist\/en\/kosbi-gunes-enerji-santrali-kurdu\/","title":{"rendered":"(Turkish) KOSB\u0130 G\u00fcne\u015f Enerji Santrali Kurdu&#8230;"},"content":{"rendered":"<p class=\"qtranxs-available-languages-message qtranxs-available-languages-message-en\">Sorry, this entry is only available in <a href=\"https:\/\/www.enerjigazetesi.ist\/tr\/wp-json\/wp\/v2\/posts\/29931\" class=\"qtranxs-available-language-link qtranxs-available-language-link-tr\" title=\"Turkish\">Turkish<\/a>. For the sake of viewer convenience, the content is shown below in the alternative language. You may click the link to switch the active language.<\/p><p><strong>Kemalpa\u015fa Organize Sanayi B\u00f6lgesi, (KOSB\u0130) ar\u0131tma tesisinin elektrik enerjisi ihtiyac\u0131n\u0131n yar\u0131s\u0131n\u0131 kurdu\u011fu g\u00fcne\u015f enerjisi santralinden kar\u015f\u0131layacak. KOSB\u0130,Ar\u0131tma Tesisi yan\u0131nda 8 bin metrekarelik alan \u00fczerine yap\u0131m\u0131n\u0131 tamamlad\u0131\u011f\u0131 2 bin adet g\u00fcne\u015f paneli sayesinde ar\u0131tma tesisinin elektrik enerjisi ihtiyac\u0131n\u0131n yar\u0131s\u0131n\u0131 kar\u015f\u0131layacak. Ayr\u0131ca, yap\u0131m\u0131 tamamlanan santral ile y\u0131lda \u00e7evreye 700 ton karbon sal\u0131n\u0131m\u0131n\u0131n da \u00f6n\u00fcne ge\u00e7ilecek.<\/strong><\/p>\n<p>25 bine yak\u0131n ki\u015fiye istihdam sa\u011flayan Kemalpa\u015fa Organize Sanayi B\u00f6lgesi, (KOSB\u0130) g\u00fcne\u015f enerji santraller<a href=\"https:\/\/www.enerjigazetesi.ist\/wp-content\/uploads\/2014\/08\/kosbi-gunes-enerji-santrali-kurdu.jpg\"><img loading=\"lazy\" class=\"alignright size-medium wp-image-29932\" src=\"https:\/\/www.enerjigazetesi.ist\/wp-content\/uploads\/2014\/08\/kosbi-gunes-enerji-santrali-kurdu-300x192.jpg\" alt=\"kosbi-gunes-enerji-santrali-kurdu\" width=\"300\" height=\"192\" srcset=\"https:\/\/www.enerjigazetesi.ist\/wp-content\/uploads\/2014\/08\/kosbi-gunes-enerji-santrali-kurdu-300x192.jpg 300w, https:\/\/www.enerjigazetesi.ist\/wp-content\/uploads\/2014\/08\/kosbi-gunes-enerji-santrali-kurdu-500x320.jpg 500w, https:\/\/www.enerjigazetesi.ist\/wp-content\/uploads\/2014\/08\/kosbi-gunes-enerji-santrali-kurdu-78x50.jpg 78w, https:\/\/www.enerjigazetesi.ist\/wp-content\/uploads\/2014\/08\/kosbi-gunes-enerji-santrali-kurdu.jpg 576w\" sizes=\"(max-width: 300px) 100vw, 300px\" \/><\/a>inin kurulumunda \u0130zmir Kalk\u0131nma Ajans\u0131\u2019n\u0131n (\u0130ZKA) \u201cYenilenebilir Enerji ve \u00c7evre Teknolojileri\u201d destek program\u0131 deste\u011fi ald\u0131. Toplam maliyeti 1 milyon 623 bin TL. olan projenin yakla\u015f\u0131k 1 milyon TL\u2019lik k\u0131sm\u0131 \u0130ZKA\u2019dan hibe destek olarak al\u0131nd\u0131.<\/p>\n<p><strong>FARKINDALIK OLU\u015eTURMAK \u0130STED\u0130K<\/strong><\/p>\n<p>B\u00f6lgelerinde \u00e7evreci \u00fcretim i\u00e7in bug\u00fcne kadar bir\u00e7ok projeyi hayata ge\u00e7irdiklerini ifade eden KOSB\u0130 Y\u00f6netim Kurulu Ba\u015fkan\u0131 Kamil Porsuk, g\u00fcne\u015f enerji sistemi ile B\u00f6lgedeki sanayi kurulu\u015flar\u0131na yenilenebilir enerji yat\u0131r\u0131mlar\u0131 hakk\u0131nda fark\u0131ndal\u0131k olu\u015fturmak istediklerini belirtti.<\/p>\n<p>G\u00fcne\u015f enerji sistemi y\u0131lda 755 bin kilowatt saat net \u00fcretim yapaca\u011f\u0131n\u0131 ve ar\u0131tma sistemlerinin de y\u0131ll\u0131k ortalama enerji ihtiyac\u0131n\u0131n 1 milyon 713 bin kilowatt saat oldu\u011funu kaydeden Porsuk, ar\u0131tma tesisinin yar\u0131ya yak\u0131n enerji ihtiyac\u0131n\u0131n bu sayede kar\u015f\u0131lanaca\u011f\u0131n\u0131 aktard\u0131. G\u00fcne\u015f enerji yat\u0131r\u0131mlar\u0131 ile sistemden \u00e7ekilmeyerek tasarruf edilecek bedelin y\u0131ll\u0131k 223 bin 417 bin TL olaca\u011f\u0131na dikkat \u00e7eken Porsuk, enerji \u00fcretildi\u011fi yerde t\u00fcketilece\u011fi i\u00e7in de y\u0131ll\u0131k 8 bin 243 TL`lik enerji kayb\u0131n\u0131n da \u00f6nlenece\u011fini belirtti.<\/p>\n<p>Kaynak: <a href=\"http:\/\/enerjigunlugu.net\/kosbi-gunes-enerji-santrali-kurdu_9531.html\" target=\"_blank\" rel=\"nofollow\">Enerji G\u00fcnl\u00fc\u011f\u00fc<\/a><\/p>","protected":false},"excerpt":{"rendered":"<p>Sorry, this entry is only available in Turkish. For the sake of viewer convenience, the content is shown below in the alternative language. You may click the link to switch the active language.Kemalpa\u015fa Organize Sanayi B\u00f6lgesi, (KOSB\u0130) ar\u0131tma tesisinin elektrik enerjisi ihtiyac\u0131n\u0131n yar\u0131s\u0131n\u0131 kurdu\u011fu g\u00fcne\u015f enerjisi santralinden kar\u015f\u0131layacak. KOSB\u0130,Ar\u0131tma Tesisi yan\u0131nda 8 bin metrekarelik alan [&hellip;]<\/p>\n","protected":false},"author":1,"featured_media":29932,"comment_status":"open","ping_status":"open","sticky":false,"template":"","format":"standard","meta":[],"categories":[53,49],"tags":[17022,4898,68,63,67,1009,165,2326,227,13,2569,5411,17023,17021],"views":820,"_links":{"self":[{"href":"https:\/\/www.enerjigazetesi.ist\/en\/wp-json\/wp\/v2\/posts\/29931"}],"collection":[{"href":"https:\/\/www.enerjigazetesi.ist\/en\/wp-json\/wp\/v2\/posts"}],"about":[{"href":"https:\/\/www.enerjigazetesi.ist\/en\/wp-json\/wp\/v2\/types\/post"}],"author":[{"embeddable":true,"href":"https:\/\/www.enerjigazetesi.ist\/en\/wp-json\/wp\/v2\/users\/1"}],"replies":[{"embeddable":true,"href":"https:\/\/www.enerjigazetesi.ist\/en\/wp-json\/wp\/v2\/comments?post=29931"}],"version-history":[{"count":1,"href":"https:\/\/www.enerjigazetesi.ist\/en\/wp-json\/wp\/v2\/posts\/29931\/revisions"}],"predecessor-version":[{"id":29933,"href":"https:\/\/www.enerjigazetesi.ist\/en\/wp-json\/wp\/v2\/posts\/29931\/revisions\/29933"}],"wp:featuredmedia":[{"embeddable":true,"href":"https:\/\/www.enerjigazetesi.ist\/en\/wp-json\/wp\/v2\/media\/29932"}],"wp:attachment":[{"href":"https:\/\/www.enerjigazetesi.ist\/en\/wp-json\/wp\/v2\/media?parent=29931"}],"wp:term":[{"taxonomy":"category","embeddable":true,"href":"https:\/\/www.enerjigazetesi.ist\/en\/wp-json\/wp\/v2\/categories?post=29931"},{"taxonomy":"post_tag","embeddable":true,"href":"https:\/\/www.enerjigazetesi.ist\/en\/wp-json\/wp\/v2\/tags?post=29931"}],"curies":[{"name":"wp","href":"https:\/\/api.w.org\/{rel}","templated":true}]}}