{"id":29918,"date":"2014-08-01T02:51:18","date_gmt":"2014-07-31T23:51:18","guid":{"rendered":"https:\/\/www.enerjigazetesi.ist\/?p=29918"},"modified":"2014-08-01T02:51:18","modified_gmt":"2014-07-31T23:51:18","slug":"adana-ceyhan-enerji-ihtisas-bolgesi-petrokimya-yatirimlari","status":"publish","type":"post","link":"https:\/\/www.enerjigazetesi.ist\/en\/adana-ceyhan-enerji-ihtisas-bolgesi-petrokimya-yatirimlari\/","title":{"rendered":"(Turkish) Adana Ceyhan Enerji \u0130htisas B\u00f6lgesi Petrokimya Yat\u0131r\u0131mlar\u0131&#8230;"},"content":{"rendered":"<p class=\"qtranxs-available-languages-message qtranxs-available-languages-message-en\">Sorry, this entry is only available in <a href=\"https:\/\/www.enerjigazetesi.ist\/tr\/wp-json\/wp\/v2\/posts\/29918\" class=\"qtranxs-available-language-link qtranxs-available-language-link-tr\" title=\"Turkish\">Turkish<\/a>. For the sake of viewer convenience, the content is shown below in the alternative language. You may click the link to switch the active language.<\/p><p><strong>Adana, b\u00fcy\u00fck bir ata\u011fa haz\u0131rlan\u0131yor. Y\u0131ll\u0131k 201 milyon ton petrol\u00fcn akaca\u011f\u0131 Ceyhan\u2019da kurulacak, \u2018Enerji \u0130htisas B\u00f6lgesi\u2019 petrokimya yat\u0131r\u0131mlar\u0131na haz\u0131rlan\u0131yor. Kamula\u015ft\u0131rmada son a\u015famaya gelindi, tahsisler yak\u0131nda ba\u015flayacak.<\/strong><span id=\"more-66511\"><\/span><\/p>\n<p>Adana, tar\u0131m ve sanayideki g\u00fcc\u00fcn\u00fc muhafaza ediyor. Turizmde ise devam eden otel yat\u0131r\u0131mlar\u0131yla yatak kapasitesini art\u0131r\u0131yor. Adana\u2019n\u0131n en b\u00fcy\u00fck projes<a href=\"https:\/\/www.enerjigazetesi.ist\/wp-content\/uploads\/2014\/08\/adana-ceyhan-enerji-ihtisas-bolgesi-petrokimya-yatirimlari.jpg\"><img loading=\"lazy\" class=\"alignleft size-medium wp-image-29919\" src=\"https:\/\/www.enerjigazetesi.ist\/wp-content\/uploads\/2014\/08\/adana-ceyhan-enerji-ihtisas-bolgesi-petrokimya-yatirimlari-300x209.jpg\" alt=\"General view of oil tanks at Turkey's Mediterranean port of Ceyhan\" width=\"300\" height=\"209\" srcset=\"https:\/\/www.enerjigazetesi.ist\/wp-content\/uploads\/2014\/08\/adana-ceyhan-enerji-ihtisas-bolgesi-petrokimya-yatirimlari-300x209.jpg 300w, https:\/\/www.enerjigazetesi.ist\/wp-content\/uploads\/2014\/08\/adana-ceyhan-enerji-ihtisas-bolgesi-petrokimya-yatirimlari-500x348.jpg 500w, https:\/\/www.enerjigazetesi.ist\/wp-content\/uploads\/2014\/08\/adana-ceyhan-enerji-ihtisas-bolgesi-petrokimya-yatirimlari-71x50.jpg 71w, https:\/\/www.enerjigazetesi.ist\/wp-content\/uploads\/2014\/08\/adana-ceyhan-enerji-ihtisas-bolgesi-petrokimya-yatirimlari.jpg 542w\" sizes=\"(max-width: 300px) 100vw, 300px\" \/><\/a>i ise Ceyhan\u2019a inecek petrol i\u00e7in geli\u015ftirilen Enerji \u0130htisas B\u00f6lgesi. Bu proje, kamula\u015ft\u0131rmada \u00e7\u0131kan sorunlar nedeniyle yat\u0131r\u0131ma a\u00e7\u0131lamad\u0131. Ancak, ge\u00e7ti\u011fimiz g\u00fcnlerde Enerji ve Tabii Kaynaklar Bakan\u0131 ile biraraya gelen Adanal\u0131 sanayiciler, gelecek hafta da Bilim Sanayi ve Teknoloji Bakan\u0131 ile toplant\u0131 yapacak. Projenin \u00e7ok yak\u0131nda yat\u0131r\u0131mc\u0131lara a\u00e7\u0131laca\u011f\u0131 ve petro kimya alan\u0131nda ba\u015fta rafineri olmak \u00fczere dev yat\u0131r\u0131mlar\u0131n ba\u015flayaca\u011f\u0131 belirtiliyor.<\/p>\n<p>Adana Sanayi Odas\u0131 Ba\u015fkan\u0131 Zeki K\u0131van\u00e7, \u015f\u00f6yle konu\u015fuyor: \u201cEnerji Bakan\u0131m\u0131zla ge\u00e7en hafta bulu\u015ftuk. Bayramdan sonra hem onunla hem de sanayi bakan\u0131m\u0131zla tekrar toplant\u0131m\u0131z var. 2007\u2019den beri b\u00fcrokratik engeller nedeniyle yat\u0131r\u0131mlar ba\u015flayamad\u0131. M\u00fclkiyet (kamula\u015ftt\u0131rma) sorunlar\u0131 \u00e7\u00f6z\u00fcl\u00fcyor. Biz de yat\u0131r\u0131m yapmak isteyen uluslararas\u0131 firmalarla g\u00f6r\u00fc\u015f\u00fcp buran\u0131n porjeksiyonunu yeniden haz\u0131rl\u0131yoruz. Firmalarla konu\u015fmaya ba\u015flad\u0131k bakanl\u0131klara sunaca\u011f\u0131z. Enerji \u0130htisas B\u00f6glesi\u2019nin bir an \u00f6nce faaliyete ge\u00e7mesini istiyoruz. \u00c7\u00fcnk\u00fc buras\u0131 sadece Adana i\u00e7in de\u011fil T\u00fcrkiye i\u00e7in de \u00e7ok \u00f6nemli. Bak\u00fc Ceyhan, Samsun Ceyhan ak\u0131m\u0131, Musul-Kerk\u00fck petrol\u00fc ile y\u0131lda 100 milyon ton petrol hacmi olu\u015facak.\u201d<\/p>\n<p>Haberin Devam\u0131 i\u00e7in <a href=\"http:\/\/www.hurriyet.com.tr\/ekonomi\/26914543.asp\" target=\"_blank\" rel=\"nofollow\">t\u0131klay\u0131n\u0131z&gt;&gt;&gt;<\/a><\/p>\n<p>Kaynak: H\u00fcrriyet<\/p>","protected":false},"excerpt":{"rendered":"<p>Sorry, this entry is only available in Turkish. For the sake of viewer convenience, the content is shown below in the alternative language. You may click the link to switch the active language.Adana, b\u00fcy\u00fck bir ata\u011fa haz\u0131rlan\u0131yor. Y\u0131ll\u0131k 201 milyon ton petrol\u00fcn akaca\u011f\u0131 Ceyhan\u2019da kurulacak, \u2018Enerji \u0130htisas B\u00f6lgesi\u2019 petrokimya yat\u0131r\u0131mlar\u0131na haz\u0131rlan\u0131yor. Kamula\u015ft\u0131rmada son a\u015famaya gelindi, [&hellip;]<\/p>\n","protected":false},"author":1,"featured_media":29919,"comment_status":"open","ping_status":"open","sticky":false,"template":"","format":"standard","meta":[],"categories":[53,44],"tags":[3272,17011,17012,63,114,67,1009,165,17013,17014],"views":1592,"_links":{"self":[{"href":"https:\/\/www.enerjigazetesi.ist\/en\/wp-json\/wp\/v2\/posts\/29918"}],"collection":[{"href":"https:\/\/www.enerjigazetesi.ist\/en\/wp-json\/wp\/v2\/posts"}],"about":[{"href":"https:\/\/www.enerjigazetesi.ist\/en\/wp-json\/wp\/v2\/types\/post"}],"author":[{"embeddable":true,"href":"https:\/\/www.enerjigazetesi.ist\/en\/wp-json\/wp\/v2\/users\/1"}],"replies":[{"embeddable":true,"href":"https:\/\/www.enerjigazetesi.ist\/en\/wp-json\/wp\/v2\/comments?post=29918"}],"version-history":[{"count":1,"href":"https:\/\/www.enerjigazetesi.ist\/en\/wp-json\/wp\/v2\/posts\/29918\/revisions"}],"predecessor-version":[{"id":29920,"href":"https:\/\/www.enerjigazetesi.ist\/en\/wp-json\/wp\/v2\/posts\/29918\/revisions\/29920"}],"wp:featuredmedia":[{"embeddable":true,"href":"https:\/\/www.enerjigazetesi.ist\/en\/wp-json\/wp\/v2\/media\/29919"}],"wp:attachment":[{"href":"https:\/\/www.enerjigazetesi.ist\/en\/wp-json\/wp\/v2\/media?parent=29918"}],"wp:term":[{"taxonomy":"category","embeddable":true,"href":"https:\/\/www.enerjigazetesi.ist\/en\/wp-json\/wp\/v2\/categories?post=29918"},{"taxonomy":"post_tag","embeddable":true,"href":"https:\/\/www.enerjigazetesi.ist\/en\/wp-json\/wp\/v2\/tags?post=29918"}],"curies":[{"name":"wp","href":"https:\/\/api.w.org\/{rel}","templated":true}]}}