{"id":29846,"date":"2014-07-30T15:32:32","date_gmt":"2014-07-30T12:32:32","guid":{"rendered":"https:\/\/www.enerjigazetesi.ist\/?p=29846"},"modified":"2014-07-30T15:32:32","modified_gmt":"2014-07-30T12:32:32","slug":"bakan-yildiz-isidden-petrol-almiyoruz","status":"publish","type":"post","link":"https:\/\/www.enerjigazetesi.ist\/en\/bakan-yildiz-isidden-petrol-almiyoruz\/","title":{"rendered":"(Turkish) Bakan Y\u0131ld\u0131z: \u201cI\u015e\u0130D\u2019den Petrol Alm\u0131yoruz&#8230;\u201d"},"content":{"rendered":"<p class=\"qtranxs-available-languages-message qtranxs-available-languages-message-en\">Sorry, this entry is only available in <a href=\"https:\/\/www.enerjigazetesi.ist\/tr\/wp-json\/wp\/v2\/posts\/29846\" class=\"qtranxs-available-language-link qtranxs-available-language-link-tr\" title=\"Turkish\">Turkish<\/a>. For the sake of viewer convenience, the content is shown below in the alternative language. You may click the link to switch the active language.<\/p><p><strong>Enerji Bakan\u0131 Taner Y\u0131ld\u0131z, \u201cBizim I\u015e\u0130D\u2019den petrol ald\u0131\u011f\u0131m\u0131z\u0131 iddia edenler oldu. Bu iddia tamamen as\u0131ls\u0131z, hatta yaland\u0131r, bir iftirad\u0131r\u201d dedi. Enerji ve Tabii Kaynaklar Bakan\u0131 Taner Y\u0131ld\u0131z, \u201dT\u00fcrkiye b\u00f6lgesinde g\u00fc\u00e7lenmeye \u00e7al\u0131\u015f\u0131rken, 2023 y\u0131l\u0131 hedeflerini ortaya koymu\u015fken, bizim I\u015e\u0130D\u2019den Irak\u2019tan, El-Nusra cephesi Suriye\u2019den petrol ald\u0131\u011f\u0131m\u0131z\u0131 iddia edenler oldu. Bu iddia tamamen as\u0131ls\u0131z, hatta yaland\u0131r, bir iftirad\u0131r. T\u00fcrkiye\u2019nin itibars\u0131zla\u015ft\u0131r\u0131lmas\u0131yla alakal\u0131 bir \u00e7\u0131k\u0131\u015ft\u0131r\u201d dedi<\/strong>.<\/p>\n<p>Bir tak\u0131m \u00e7evrelerin son g\u00fcnlerde yine T\u00fcrkiye\u2019nin I\u015e\u0130D\u2019in kontrol\u00fcnde olan b\u00f6lgelerden petrol ald\u0131\u011f\u0131na dair iddialar\u0131n g\u00fcndeme getirildi\u011fini an\u0131msatan Y\u0131ld\u0131z, \u015funlar\u0131 s\u00f6yledi:<a href=\"https:\/\/www.enerjigazetesi.ist\/wp-content\/uploads\/2014\/02\/bakan-yildiz-dogalgaz-fiyatlariyla-ilgili-karar-subat-ayi-sonunda.jpg\"><img loading=\"lazy\" class=\"alignright size-medium wp-image-22227\" src=\"https:\/\/www.enerjigazetesi.ist\/wp-content\/uploads\/2014\/02\/bakan-yildiz-dogalgaz-fiyatlariyla-ilgili-karar-subat-ayi-sonunda-300x224.jpg\" alt=\"bakan-yildiz\" width=\"300\" height=\"224\" srcset=\"https:\/\/www.enerjigazetesi.ist\/wp-content\/uploads\/2014\/02\/bakan-yildiz-dogalgaz-fiyatlariyla-ilgili-karar-subat-ayi-sonunda-300x224.jpg 300w, https:\/\/www.enerjigazetesi.ist\/wp-content\/uploads\/2014\/02\/bakan-yildiz-dogalgaz-fiyatlariyla-ilgili-karar-subat-ayi-sonunda-66x50.jpg 66w, https:\/\/www.enerjigazetesi.ist\/wp-content\/uploads\/2014\/02\/bakan-yildiz-dogalgaz-fiyatlariyla-ilgili-karar-subat-ayi-sonunda.jpg 454w\" sizes=\"(max-width: 300px) 100vw, 300px\" \/><\/a><\/p>\n<p>\u201dT\u00fcrkiye b\u00f6lgesinde g\u00fc\u00e7lenmeye \u00e7al\u0131\u015f\u0131rken, 2023 y\u0131l\u0131 hedeflerini ortaya koymu\u015fken, bizim I\u015e\u0130D\u2019den Irak\u2019tan, El-Nusra cephesi Suriye\u2019den petrol ald\u0131\u011f\u0131m\u0131z\u0131 iddia edenler oldu. Bu iddia tatmemen as\u0131ls\u0131z, hatta yaland\u0131r, bir iftirad\u0131r. T\u00fcrkiye\u2019nin itibars\u0131zla\u015ft\u0131r\u0131lmas\u0131yla alakal\u0131 bir \u00e7\u0131k\u0131\u015ft\u0131r. Bunlara kesinlikle tevess\u00fcl etmeyece\u011fimizi, T\u00fcrkiye Cumhuriyeti h\u00fck\u00fcmeti olarak kesinlikle herkes bilir. Bununla alakal\u0131 bizim ter\u00f6r \u00f6rg\u00fct\u00fcn\u00fcn i\u00e7erisindeymiy\u00e7esine bir propaganda yap\u0131lmas\u0131n\u0131 kesinlikle do\u011fru bulmuyoruz. O y\u00fczden kesin ve net bir dille bunlar\u0131 yalanlarken, T\u00fcrkiye\u2019nin kendi i\u00e7inden de zay\u0131flat\u0131lmas\u0131yla alakal\u0131 \u00e7al\u0131\u015fmalar\u0131n oldu\u011funu hep beraber g\u00f6r\u00fcyoruz.<\/p>\n<p>Daha k\u0131sa bir s\u00fcre \u00f6nce polisin i\u00e7erisinde, emniyet mensuplar\u0131m\u0131z\u0131n i\u00e7erisinde kesinlikle sahiplenmedikleri bir yap\u0131ya paralel sahip \u00e7\u0131kt\u0131. Hani ayr\u0131s\u0131 gayr\u0131s\u0131 yoktu bunun? Hani emniyet g\u00fc\u00e7lerimiz aras\u0131nda ayr\u0131 gayr\u0131 yoktu? Nereden \u00e7\u0131kt\u0131 bu? Bizler, hi\u00e7bir \u015fekilde T\u00fcrkiye\u2019nin istikrar\u0131n\u0131n bozulmas\u0131na, hangi gerek\u00e7e ile olursa olsun vesayetin konmas\u0131na taraf de\u011filiz. Tam tersi kar\u015f\u0131s\u0131nday\u0131z. Bug\u00fcn farkl\u0131 gayelerle beraber T\u00fcrkiye\u2019nin b\u00f6l\u00fcnerek zay\u0131flamas\u0131na yol a\u00e7mak isteyenlerin, buna muvaffak olamayacaklar\u0131n\u0131 buradan bir kez daha belirtmek isterim.\u201d<\/p>\n<p>Kaynak: <a href=\"http:\/\/ekonomi.haber7.com\/gundem-veriler\/haber\/1185874-bakan-yildiz-isidden-petrol-almiyoruz\" target=\"_blank\" rel=\"nofollow\">haber7<\/a><\/p>","protected":false},"excerpt":{"rendered":"<p>Sorry, this entry is only available in Turkish. For the sake of viewer convenience, the content is shown below in the alternative language. You may click the link to switch the active language.Enerji Bakan\u0131 Taner Y\u0131ld\u0131z, \u201cBizim I\u015e\u0130D\u2019den petrol ald\u0131\u011f\u0131m\u0131z\u0131 iddia edenler oldu. Bu iddia tamamen as\u0131ls\u0131z, hatta yaland\u0131r, bir iftirad\u0131r\u201d dedi. Enerji ve Tabii [&hellip;]<\/p>\n","protected":false},"author":1,"featured_media":22227,"comment_status":"open","ping_status":"open","sticky":false,"template":"","format":"standard","meta":[],"categories":[53,44],"tags":[710,16974,63,114,67,1009,165,16975,59,79,667],"views":498,"_links":{"self":[{"href":"https:\/\/www.enerjigazetesi.ist\/en\/wp-json\/wp\/v2\/posts\/29846"}],"collection":[{"href":"https:\/\/www.enerjigazetesi.ist\/en\/wp-json\/wp\/v2\/posts"}],"about":[{"href":"https:\/\/www.enerjigazetesi.ist\/en\/wp-json\/wp\/v2\/types\/post"}],"author":[{"embeddable":true,"href":"https:\/\/www.enerjigazetesi.ist\/en\/wp-json\/wp\/v2\/users\/1"}],"replies":[{"embeddable":true,"href":"https:\/\/www.enerjigazetesi.ist\/en\/wp-json\/wp\/v2\/comments?post=29846"}],"version-history":[{"count":1,"href":"https:\/\/www.enerjigazetesi.ist\/en\/wp-json\/wp\/v2\/posts\/29846\/revisions"}],"predecessor-version":[{"id":29847,"href":"https:\/\/www.enerjigazetesi.ist\/en\/wp-json\/wp\/v2\/posts\/29846\/revisions\/29847"}],"wp:featuredmedia":[{"embeddable":true,"href":"https:\/\/www.enerjigazetesi.ist\/en\/wp-json\/wp\/v2\/media\/22227"}],"wp:attachment":[{"href":"https:\/\/www.enerjigazetesi.ist\/en\/wp-json\/wp\/v2\/media?parent=29846"}],"wp:term":[{"taxonomy":"category","embeddable":true,"href":"https:\/\/www.enerjigazetesi.ist\/en\/wp-json\/wp\/v2\/categories?post=29846"},{"taxonomy":"post_tag","embeddable":true,"href":"https:\/\/www.enerjigazetesi.ist\/en\/wp-json\/wp\/v2\/tags?post=29846"}],"curies":[{"name":"wp","href":"https:\/\/api.w.org\/{rel}","templated":true}]}}