{"id":29788,"date":"2014-07-27T15:31:21","date_gmt":"2014-07-27T12:31:21","guid":{"rendered":"https:\/\/www.enerjigazetesi.ist\/?p=29788"},"modified":"2014-07-27T15:31:21","modified_gmt":"2014-07-27T12:31:21","slug":"polat-enerji-3-gwlik-gunes-enerjisi-yatirimina-hazirlaniyor","status":"publish","type":"post","link":"https:\/\/www.enerjigazetesi.ist\/en\/polat-enerji-3-gwlik-gunes-enerjisi-yatirimina-hazirlaniyor\/","title":{"rendered":"(Turkish) Polat Enerji 3 GW&#8217;l\u0131k G\u00fcne\u015f Enerjisi Yat\u0131r\u0131m\u0131na Haz\u0131rlan\u0131yor!"},"content":{"rendered":"<p class=\"qtranxs-available-languages-message qtranxs-available-languages-message-en\">Sorry, this entry is only available in <a href=\"https:\/\/www.enerjigazetesi.ist\/tr\/wp-json\/wp\/v2\/posts\/29788\" class=\"qtranxs-available-language-link qtranxs-available-language-link-tr\" title=\"Turkish\">Turkish<\/a>. For the sake of viewer convenience, the content is shown below in the alternative language. You may click the link to switch the active language.<\/p><p><strong>Polat Holding Y\u00f6netim Kurulu Ba\u015fkan\u0131 Adnan Polat 3 GW&#8217;l\u0131k bir g\u00fcne\u015f enerjisi yat\u0131r\u0131m\u0131n\u0131n haz\u0131rl\u0131\u011f\u0131 i\u00e7inde olduklar\u0131n\u0131 a\u00e7\u0131klad\u0131. Adnan Polat, CNBC-E\u2019de yay\u0131nlanan \u0130\u015f D\u00fcnyas\u0131ndan program\u0131nda yapt\u0131\u011f\u0131 a\u00e7\u0131klamada Polat Enerji&#8217;nin son 3 y\u0131lda r\u00fczg\u00e2r enerjisinde 1 milyar dolar\u0131n \u00fczerinde yat\u0131r\u0131m yapt\u0131\u011f\u0131n\u0131, gelecek 5 y\u0131l i\u00e7inde de ger\u00e7ekle\u015ftirece\u011fi 1 milyar dolarl\u0131k yat\u0131r\u0131m ile r\u00fczg\u00e2r enerjisinde kurulu g\u00fcc\u00fcn\u00fc 1.200 MW seviyesine \u00e7\u0131karmay\u0131 hedefledi\u011fini s\u00f6yledi.<\/strong><\/p>\n<p>G\u00fcne\u015f enerjisi alan\u0131nda da \u00e7al\u0131\u015fmalar\u0131 oldu\u011funu kaydeden Polat, ufak tefek projeler yerine b\u00fcy\u00fck \u00f6l\u00e7ekli yat\u0131r\u0131mlar ile ilgilendiklerini ifade ederken, halihaz\u0131rda 3 bin megavat civar\u0131nda kurulu g\u00fcc\u00fc olacak bir yat\u0131r\u0131m\u0131n haz\u0131rl\u0131\u011f\u0131 i\u00e7inde olduklar\u0131 bilgisini verdi.<a href=\"https:\/\/www.enerjigazetesi.ist\/wp-content\/uploads\/2014\/07\/polat-enerji-3-gwlik-gunes-enerjisi-yatirimina-hazirlaniyor.jpg\"><img loading=\"lazy\" class=\"alignright size-medium wp-image-29789\" src=\"https:\/\/www.enerjigazetesi.ist\/wp-content\/uploads\/2014\/07\/polat-enerji-3-gwlik-gunes-enerjisi-yatirimina-hazirlaniyor-300x192.jpg\" alt=\"polat-enerji-3-gwlik-gunes-enerjisi-yatirimina-hazirlaniyor\" width=\"300\" height=\"192\" srcset=\"https:\/\/www.enerjigazetesi.ist\/wp-content\/uploads\/2014\/07\/polat-enerji-3-gwlik-gunes-enerjisi-yatirimina-hazirlaniyor-300x192.jpg 300w, https:\/\/www.enerjigazetesi.ist\/wp-content\/uploads\/2014\/07\/polat-enerji-3-gwlik-gunes-enerjisi-yatirimina-hazirlaniyor-78x50.jpg 78w, https:\/\/www.enerjigazetesi.ist\/wp-content\/uploads\/2014\/07\/polat-enerji-3-gwlik-gunes-enerjisi-yatirimina-hazirlaniyor.jpg 390w\" sizes=\"(max-width: 300px) 100vw, 300px\" \/><\/a><\/p>\n<p>Adnan Polat 6 milyar dolarl\u0131k yat\u0131r\u0131m ile ger\u00e7ekle\u015ftirmeyi \u00f6ng\u00f6rd\u00fckleri proje i\u00e7in h\u00fck\u00fcmete\u00a0 teklif g\u00f6t\u00fcreceklerini, kabul edildi\u011fi takdirde ise t\u00fcm g\u00fc\u00e7leri ile bu \u00e7al\u0131\u015fmaya ba\u015flayacaklar\u0131n\u0131 ayr\u0131ca g\u00fcne\u015f paneli \u00fcretim fabrikas\u0131 da kuracaklar\u0131n\u0131 ifade etti.<\/p>\n<p>Adnan Polat konu hakk\u0131ndaki s\u00f6zlerini ise \u015fu \u015fekilde s\u00fcrd\u00fcrd\u00fc;<\/p>\n<p>&#8220;S\u0327u anda Tu\u0308rkiye bir sec\u0327im su\u0308reci yas\u0327\u0131yor. Sec\u0327im su\u0308recinden sonra biz de bir karar ve hareket plan\u0131 yapacag\u0306\u0131z. Sec\u0327im su\u0308recinden sonraki duruma go\u0308re mu\u0308racaat\u0131m\u0131z\u0131 yapmay\u0131 du\u0308s\u0327u\u0308nu\u0308yoruz. Eg\u0306er kabul go\u0308ru\u0308rse bunun anlas\u0327malar\u0131 6 ay su\u0308rer. Ondan sonra da bir 5 sene yat\u0131r\u0131m su\u0308reci su\u0308rer ama bu 5 sene ic\u0327inde bu santraller kademe kademe devreye girer. 3 bin megavatla biz Tu\u0308rkiye\u2019ye y\u0131lda 500 milyon dolar dog\u0306al gaz tasarrufu yapt\u0131r\u0131r\u0131z&#8221;<\/p>\n<p>T\u00fcrkiye R\u00fczg\u00e2r Enerjisi Birli\u011fi verilerine g\u00f6re Polat Enerji T\u00fcrkiye&#8217;nin en y\u00fcksek \u00fcretim kapasitesine sahip r\u00fczg\u00e2r yat\u0131r\u0131mc\u0131s\u0131 durumda. T\u00dcREB verilerine g\u00f6re \u015firketin r\u00fczgar enerjisindeki kurulu g\u00fcc\u00fc 400 MW&#8217;\u0131n \u00fczerinde iken, halihaz\u0131rda T\u00fcrkiye&#8217;nin en b\u00fcy\u00fck r\u00fczg\u00e2r enerjisi projesi olan 150 MW g\u00fcce sahip Geycek RES projesi de Polat Enerji&#8217;ye ait.<\/p>\n<p>Kaynak: <a href=\"http:\/\/www.yesilekonomi.com\/yenilenebilir-enerji\/polat-enerji-3-gwlik-gunes-enerjisi-yatirimina-hazirlaniyor\" target=\"_blank\" rel=\"nofollow\">Ye\u015fil Ekonomi<\/a><\/p>","protected":false},"excerpt":{"rendered":"<p>Sorry, this entry is only available in Turkish. For the sake of viewer convenience, the content is shown below in the alternative language. You may click the link to switch the active language.Polat Holding Y\u00f6netim Kurulu Ba\u015fkan\u0131 Adnan Polat 3 GW&#8217;l\u0131k bir g\u00fcne\u015f enerjisi yat\u0131r\u0131m\u0131n\u0131n haz\u0131rl\u0131\u011f\u0131 i\u00e7inde olduklar\u0131n\u0131 a\u00e7\u0131klad\u0131. Adnan Polat, CNBC-E\u2019de yay\u0131nlanan \u0130\u015f D\u00fcnyas\u0131ndan [&hellip;]<\/p>\n","protected":false},"author":1,"featured_media":29789,"comment_status":"open","ping_status":"open","sticky":false,"template":"","format":"standard","meta":[],"categories":[53,49],"tags":[63,67,1009,165,227,13,431,4487],"views":824,"_links":{"self":[{"href":"https:\/\/www.enerjigazetesi.ist\/en\/wp-json\/wp\/v2\/posts\/29788"}],"collection":[{"href":"https:\/\/www.enerjigazetesi.ist\/en\/wp-json\/wp\/v2\/posts"}],"about":[{"href":"https:\/\/www.enerjigazetesi.ist\/en\/wp-json\/wp\/v2\/types\/post"}],"author":[{"embeddable":true,"href":"https:\/\/www.enerjigazetesi.ist\/en\/wp-json\/wp\/v2\/users\/1"}],"replies":[{"embeddable":true,"href":"https:\/\/www.enerjigazetesi.ist\/en\/wp-json\/wp\/v2\/comments?post=29788"}],"version-history":[{"count":1,"href":"https:\/\/www.enerjigazetesi.ist\/en\/wp-json\/wp\/v2\/posts\/29788\/revisions"}],"predecessor-version":[{"id":29790,"href":"https:\/\/www.enerjigazetesi.ist\/en\/wp-json\/wp\/v2\/posts\/29788\/revisions\/29790"}],"wp:featuredmedia":[{"embeddable":true,"href":"https:\/\/www.enerjigazetesi.ist\/en\/wp-json\/wp\/v2\/media\/29789"}],"wp:attachment":[{"href":"https:\/\/www.enerjigazetesi.ist\/en\/wp-json\/wp\/v2\/media?parent=29788"}],"wp:term":[{"taxonomy":"category","embeddable":true,"href":"https:\/\/www.enerjigazetesi.ist\/en\/wp-json\/wp\/v2\/categories?post=29788"},{"taxonomy":"post_tag","embeddable":true,"href":"https:\/\/www.enerjigazetesi.ist\/en\/wp-json\/wp\/v2\/tags?post=29788"}],"curies":[{"name":"wp","href":"https:\/\/api.w.org\/{rel}","templated":true}]}}