{"id":29768,"date":"2014-07-26T20:21:49","date_gmt":"2014-07-26T17:21:49","guid":{"rendered":"https:\/\/www.enerjigazetesi.ist\/?p=29768"},"modified":"2014-07-26T20:21:49","modified_gmt":"2014-07-26T17:21:49","slug":"avrupada-ruzgar-enerjisinde-beklenti-buyuk","status":"publish","type":"post","link":"https:\/\/www.enerjigazetesi.ist\/en\/avrupada-ruzgar-enerjisinde-beklenti-buyuk\/","title":{"rendered":"(Turkish) Avrupa`da R\u00fczgar Enerjisinde Beklenti B\u00fcy\u00fck&#8230;"},"content":{"rendered":"<p class=\"qtranxs-available-languages-message qtranxs-available-languages-message-en\">Sorry, this entry is only available in <a href=\"https:\/\/www.enerjigazetesi.ist\/tr\/wp-json\/wp\/v2\/posts\/29768\" class=\"qtranxs-available-language-link qtranxs-available-language-link-tr\" title=\"Turkish\">Turkish<\/a>. For the sake of viewer convenience, the content is shown below in the alternative language. You may click the link to switch the active language.<\/p><p><strong>Avrupa`da r\u00fczgardan elektrik enerjisi \u00fcretim kapasitesinin 2020 y\u0131l\u0131 sonuna kadar 2013 y\u0131l\u0131na g\u00f6re y\u00fczde 64 art\u0131\u015f g\u00f6stermesini bekleniyor.<a href=\"https:\/\/www.enerjigazetesi.ist\/wp-content\/uploads\/2014\/07\/avrupada-ruzgar-enerjisinde-beklenti-buyuk.jpg\"><img loading=\"lazy\" class=\"alignright size-medium wp-image-29769\" src=\"https:\/\/www.enerjigazetesi.ist\/wp-content\/uploads\/2014\/07\/avrupada-ruzgar-enerjisinde-beklenti-buyuk-300x197.jpg\" alt=\"avrupada-ruzgar-enerjisinde-beklenti-buyuk\" width=\"300\" height=\"197\" srcset=\"https:\/\/www.enerjigazetesi.ist\/wp-content\/uploads\/2014\/07\/avrupada-ruzgar-enerjisinde-beklenti-buyuk-300x197.jpg 300w, https:\/\/www.enerjigazetesi.ist\/wp-content\/uploads\/2014\/07\/avrupada-ruzgar-enerjisinde-beklenti-buyuk-75x50.jpg 75w, https:\/\/www.enerjigazetesi.ist\/wp-content\/uploads\/2014\/07\/avrupada-ruzgar-enerjisinde-beklenti-buyuk.jpg 448w\" sizes=\"(max-width: 300px) 100vw, 300px\" \/><\/a><\/strong><\/p>\n<p>Avrupa R\u00fczgar Enerjisi Birli\u011fi (EWEA) Avrupa`da r\u00fczgardan elektrik enerjisi \u00fcretim kapasitesinin 2020 y\u0131l\u0131 sonuna kadar 2013 y\u0131l\u0131na g\u00f6re y\u00fczde 64 art\u0131\u015f g\u00f6stermesini bekledi\u011fini bildirdi.<\/p>\n<p>EWEA, 7 y\u0131ll\u0131k s\u00fcre\u00e7te Avrupa`da toplam 75 GW g\u00fcc\u00fcnde r\u00fczgar t\u00fcrbinlerinin devreye al\u0131nmas\u0131 ve enerji \u00fcretim kapasitesinin 192,4 GW seviyesine ula\u015fmas\u0131n\u0131 bekledi\u011fini vurgulad\u0131.<\/p>\n<p>2020 y\u0131l\u0131na kadar kurulacak yeni t\u00fcrbinlerin 23.5 GW`lik b\u00f6l\u00fcm\u00fc denizde faaliyet g\u00f6sterecek ve r\u00fczgar \u00e7iftliklerine 124 milyar Euro yat\u0131r\u0131m yap\u0131lacak.<\/p>\n<p>EWEA, 2020 y\u0131l\u0131nda r\u00fczgar t\u00fcrbinlerinden 442 TWh elektrik \u00fcretilece\u011fini ve bunun AB`nin elektrik t\u00fcketiminin y\u00fczde 14,9`unu kar\u015f\u0131layaca\u011f\u0131n\u0131 hesapl\u0131yor.<\/p>\n<p>Kaynak: <a href=\"http:\/\/enerjigunlugu.net\/avrupada-ruzgar-enerjisinde-beklenti-buyuk_9493.html\" target=\"_blank\" rel=\"nofollow\">Enerji G\u00fcnl\u00fc\u011f\u00fc<\/a><\/p>","protected":false},"excerpt":{"rendered":"<p>Sorry, this entry is only available in Turkish. For the sake of viewer convenience, the content is shown below in the alternative language. You may click the link to switch the active language.Avrupa`da r\u00fczgardan elektrik enerjisi \u00fcretim kapasitesinin 2020 y\u0131l\u0131 sonuna kadar 2013 y\u0131l\u0131na g\u00f6re y\u00fczde 64 art\u0131\u015f g\u00f6stermesini bekleniyor. Avrupa R\u00fczgar Enerjisi Birli\u011fi (EWEA) [&hellip;]<\/p>\n","protected":false},"author":1,"featured_media":29769,"comment_status":"open","ping_status":"open","sticky":false,"template":"","format":"standard","meta":[],"categories":[53,50],"tags":[1964,63,67,1009,165,69,16,16933],"views":533,"_links":{"self":[{"href":"https:\/\/www.enerjigazetesi.ist\/en\/wp-json\/wp\/v2\/posts\/29768"}],"collection":[{"href":"https:\/\/www.enerjigazetesi.ist\/en\/wp-json\/wp\/v2\/posts"}],"about":[{"href":"https:\/\/www.enerjigazetesi.ist\/en\/wp-json\/wp\/v2\/types\/post"}],"author":[{"embeddable":true,"href":"https:\/\/www.enerjigazetesi.ist\/en\/wp-json\/wp\/v2\/users\/1"}],"replies":[{"embeddable":true,"href":"https:\/\/www.enerjigazetesi.ist\/en\/wp-json\/wp\/v2\/comments?post=29768"}],"version-history":[{"count":1,"href":"https:\/\/www.enerjigazetesi.ist\/en\/wp-json\/wp\/v2\/posts\/29768\/revisions"}],"predecessor-version":[{"id":29770,"href":"https:\/\/www.enerjigazetesi.ist\/en\/wp-json\/wp\/v2\/posts\/29768\/revisions\/29770"}],"wp:featuredmedia":[{"embeddable":true,"href":"https:\/\/www.enerjigazetesi.ist\/en\/wp-json\/wp\/v2\/media\/29769"}],"wp:attachment":[{"href":"https:\/\/www.enerjigazetesi.ist\/en\/wp-json\/wp\/v2\/media?parent=29768"}],"wp:term":[{"taxonomy":"category","embeddable":true,"href":"https:\/\/www.enerjigazetesi.ist\/en\/wp-json\/wp\/v2\/categories?post=29768"},{"taxonomy":"post_tag","embeddable":true,"href":"https:\/\/www.enerjigazetesi.ist\/en\/wp-json\/wp\/v2\/tags?post=29768"}],"curies":[{"name":"wp","href":"https:\/\/api.w.org\/{rel}","templated":true}]}}