{"id":29762,"date":"2014-07-26T20:10:44","date_gmt":"2014-07-26T17:10:44","guid":{"rendered":"https:\/\/www.enerjigazetesi.ist\/?p=29762"},"modified":"2014-07-26T20:10:44","modified_gmt":"2014-07-26T17:10:44","slug":"gunes-enerjisine-yatirim-yil-sonuna-kadar-50-milyon-euro-olacak","status":"publish","type":"post","link":"https:\/\/www.enerjigazetesi.ist\/en\/gunes-enerjisine-yatirim-yil-sonuna-kadar-50-milyon-euro-olacak\/","title":{"rendered":"(Turkish) \u201cG\u00fcne\u015f Enerjisine Yat\u0131r\u0131m Y\u0131l Sonuna Kadar 50 Milyon Euro Olacak&#8230;\u201d"},"content":{"rendered":"<p class=\"qtranxs-available-languages-message qtranxs-available-languages-message-en\">Sorry, this entry is only available in <a href=\"https:\/\/www.enerjigazetesi.ist\/tr\/wp-json\/wp\/v2\/posts\/29762\" class=\"qtranxs-available-language-link qtranxs-available-language-link-tr\" title=\"Turkish\">Turkish<\/a>. For the sake of viewer convenience, the content is shown below in the alternative language. You may click the link to switch the active language.<\/p><p><strong>G\u00fcne\u015f Enerjisi Sanayicileri ve End\u00fcstrisi Derne\u011fi (GENSED) Y\u00f6netim Kurulu Ba\u015fkan Yard\u0131mc\u0131s\u0131 Hakan Erkan, lisanss\u0131z elektrik \u00fcretiminde g\u00fcne\u015fin pay\u0131n\u0131n \u00f6n\u00fcm\u00fczdeki s\u00fcre\u00e7te giderek artaca\u011f\u0131n\u0131 belirterek, \u201cY\u0131l sonuna kadar g\u00fcne\u015fte kurulu g\u00fc\u00e7 50 megavata \u00e7\u0131kacak ve yat\u0131r\u0131m miktar\u0131 \u00e7ok rahat 50 milyon avroyu bulacak\u201d dedi.<\/strong><span id=\"more-66460\"><\/span><\/p>\n<p>G\u00fcne\u015f enerjisi yat\u0131r\u0131mlar\u0131na ili\u015fkin de\u011ferlendirmelerde bulunan GENSED Ba\u015fkan\u0131 Erkan, \u201c1 megavatl\u0131k lisanss\u0131z g\u00fcne\u015f enerjisi santrali i\u00e7in t\u00fcm masraflar g\u00f6z \u00f6n\u00fcne al\u0131nd\u0131\u011f\u0131nda yakla\u015f\u0131k 1 milyon euro gibi bir yat\u0131r\u0131m yap\u0131l\u0131yor. Bu da y\u0131l sonuna kadar T\u00fcrkiye\u2019nin g\u00fcne\u015fte 50 milyon euroluk yat\u0131r\u0131m yap\u0131laca\u011f\u0131 anlam\u0131na geliyor\u201d diye konu\u015ftu.<a href=\"https:\/\/www.enerjigazetesi.ist\/wp-content\/uploads\/2014\/07\/gunes-enerjisine-yatirim-yil-sonuna-kadar-50-milyon-euroyu-bulacak.jpg\"><img loading=\"lazy\" class=\"alignright size-medium wp-image-29763\" src=\"https:\/\/www.enerjigazetesi.ist\/wp-content\/uploads\/2014\/07\/gunes-enerjisine-yatirim-yil-sonuna-kadar-50-milyon-euroyu-bulacak-300x187.jpg\" alt=\"gunes-enerjisine-yatirim-yil-sonuna-kadar-50-milyon-euroyu-bulacak\" width=\"300\" height=\"187\" srcset=\"https:\/\/www.enerjigazetesi.ist\/wp-content\/uploads\/2014\/07\/gunes-enerjisine-yatirim-yil-sonuna-kadar-50-milyon-euroyu-bulacak-300x187.jpg 300w, https:\/\/www.enerjigazetesi.ist\/wp-content\/uploads\/2014\/07\/gunes-enerjisine-yatirim-yil-sonuna-kadar-50-milyon-euroyu-bulacak-500x311.jpg 500w, https:\/\/www.enerjigazetesi.ist\/wp-content\/uploads\/2014\/07\/gunes-enerjisine-yatirim-yil-sonuna-kadar-50-milyon-euroyu-bulacak-80x50.jpg 80w, https:\/\/www.enerjigazetesi.ist\/wp-content\/uploads\/2014\/07\/gunes-enerjisine-yatirim-yil-sonuna-kadar-50-milyon-euroyu-bulacak.jpg 600w\" sizes=\"(max-width: 300px) 100vw, 300px\" \/><\/a><\/p>\n<p>\u015eu an mevcut kapasitenin iki kat\u0131na yak\u0131n g\u00fcne\u015f enerjisi santrali (GES) yat\u0131r\u0131m\u0131n\u0131n da kurulum a\u015famas\u0131nda bulundu\u011funu anlatan Erkan, 2015 i\u00e7in 100 megavatl\u0131k ilave bir kurulu g\u00fcc\u00fcn sisteme dahil olmas\u0131n\u0131 beklediklerini s\u00f6yledi.<\/p>\n<p>\u00d6n\u00fcm\u00fczdeki d\u00f6nemde lisansl\u0131 elektrik \u00fcretiminde g\u00fcne\u015f enerjisinin h\u0131zl\u0131 bir ivme yakalayaca\u011f\u0131n\u0131 da belirten Erkan, GES\u2019lerde maliyetin k\u0131smen daha az oldu\u011funu s\u00f6yleyerek, \u201c1 megavat lisansl\u0131 g\u00fcne\u015f enerjisi santralinin yat\u0131r\u0131m maliyeti ise yakla\u015f\u0131k 900 bin euroyu buluyor\u201d dedi.<\/p>\n<p>Lisansl\u0131 g\u00fcne\u015f enerjisi \u00fcretimde TE\u0130A\u015e\u2019\u0131n uygulad\u0131\u011f\u0131 yar\u0131\u015fmalar\u0131n devam etti\u011fini anlatan Erkan,\u201d Bug\u00fcn \u00fclkede lisansl\u0131 \u00fcretim s\u00f6z konusu de\u011fil ama lisansl\u0131 \u00fcretimin 2015 y\u0131l\u0131 sonlar\u0131na do\u011fru hayat ge\u00e7ece\u011fi d\u00fc\u015f\u00fcn\u00fcyoruz. Tabi 10 megavat ve \u00fczeri bir lisansl\u0131 GES yat\u0131r\u0131m\u0131n\u0131n toplam maliyeti de yakla\u015f\u0131k 9 milyon euroyu buluyor\u201d diye konu\u015ftu.<\/p>\n<h2>G\u00fcne\u015f enerjisine yap\u0131lan yat\u0131r\u0131m tutar\u0131 14 milyon euroya yakla\u015ft\u0131<\/h2>\n<p>T\u00fcrkiye Elektrik Da\u011f\u0131t\u0131m A\u015e\u2019dan (TEDA\u015e) edinilen bilgiye g\u00f6re, \u015fu an lisanss\u0131z elektrik \u00fcretiminde 55 g\u00fcne\u015f enerjisi santralinin kabul\u00fc yap\u0131lm\u0131\u015f durumda ve bu santrallerin kurulu kapasitesi 13.7 megavata kar\u015f\u0131l\u0131k geliyor. Bu da \u015fu ana kadar T\u00fcrkiye\u2019de g\u00fcne\u015f enerjisine yap\u0131lan yat\u0131r\u0131m tutar\u0131n\u0131n 14 milyon euroya yakla\u015ft\u0131\u011f\u0131n\u0131 g\u00f6steriyor.<\/p>\n<p>TEDA\u015e\u2019a yap\u0131lan g\u00fcne\u015f enerjisi proje ba\u015fvurular\u0131n\u0131n say\u0131s\u0131 494 ve kurulu g\u00fcc\u00fc de 267 megavata tekab\u00fcl ediyor. Bu projelerden 158\u2032ini onaylayan TEDA\u015e, hen\u00fcz projelerin kabul\u00fcn\u00fc ger\u00e7ekle\u015ftirmedi. Y\u0131l sonuna kadar bu g\u00fcne\u015f enerjisi santrallerinin de kabul\u00fcyle sisteme 56 megavatl\u0131k ilave bir g\u00fcc\u00fcn dahil olmas\u0131 bekleniyor.<\/p>\n<p>Bu arada lisanss\u0131z elektrik \u00fcreticileri ger\u00e7ekle\u015ftirecekleri \u00fcretim i\u00e7in herhangi bir kamu kurulu\u015funa lisans ba\u015fvurusunda bulunmak zorunda de\u011fil. Kendi ihtiya\u00e7lar\u0131n\u0131 kar\u015f\u0131lamak isteyen ki\u015fi veya kurumlar bu yolla elektriklerini kendileri \u00fcretebiliyorlar.<\/p>\n<p>Kaynak: <a href=\"http:\/\/www.sabah.com.tr\/Ekonomi\/2014\/07\/25\/gunes-enerjisine-50-milyon-euro\" target=\"_blank\" rel=\"nofollow\">sabah<\/a><\/p>","protected":false},"excerpt":{"rendered":"<p>Sorry, this entry is only available in Turkish. For the sake of viewer convenience, the content is shown below in the alternative language. You may click the link to switch the active language.G\u00fcne\u015f Enerjisi Sanayicileri ve End\u00fcstrisi Derne\u011fi (GENSED) Y\u00f6netim Kurulu Ba\u015fkan Yard\u0131mc\u0131s\u0131 Hakan Erkan, lisanss\u0131z elektrik \u00fcretiminde g\u00fcne\u015fin pay\u0131n\u0131n \u00f6n\u00fcm\u00fczdeki s\u00fcre\u00e7te giderek artaca\u011f\u0131n\u0131 belirterek, [&hellip;]<\/p>\n","protected":false},"author":1,"featured_media":29763,"comment_status":"open","ping_status":"open","sticky":false,"template":"","format":"standard","meta":[],"categories":[53,49],"tags":[63,67,1009,165,727,227,13,2569,16929,16930,1582,16931],"views":568,"_links":{"self":[{"href":"https:\/\/www.enerjigazetesi.ist\/en\/wp-json\/wp\/v2\/posts\/29762"}],"collection":[{"href":"https:\/\/www.enerjigazetesi.ist\/en\/wp-json\/wp\/v2\/posts"}],"about":[{"href":"https:\/\/www.enerjigazetesi.ist\/en\/wp-json\/wp\/v2\/types\/post"}],"author":[{"embeddable":true,"href":"https:\/\/www.enerjigazetesi.ist\/en\/wp-json\/wp\/v2\/users\/1"}],"replies":[{"embeddable":true,"href":"https:\/\/www.enerjigazetesi.ist\/en\/wp-json\/wp\/v2\/comments?post=29762"}],"version-history":[{"count":1,"href":"https:\/\/www.enerjigazetesi.ist\/en\/wp-json\/wp\/v2\/posts\/29762\/revisions"}],"predecessor-version":[{"id":29764,"href":"https:\/\/www.enerjigazetesi.ist\/en\/wp-json\/wp\/v2\/posts\/29762\/revisions\/29764"}],"wp:featuredmedia":[{"embeddable":true,"href":"https:\/\/www.enerjigazetesi.ist\/en\/wp-json\/wp\/v2\/media\/29763"}],"wp:attachment":[{"href":"https:\/\/www.enerjigazetesi.ist\/en\/wp-json\/wp\/v2\/media?parent=29762"}],"wp:term":[{"taxonomy":"category","embeddable":true,"href":"https:\/\/www.enerjigazetesi.ist\/en\/wp-json\/wp\/v2\/categories?post=29762"},{"taxonomy":"post_tag","embeddable":true,"href":"https:\/\/www.enerjigazetesi.ist\/en\/wp-json\/wp\/v2\/tags?post=29762"}],"curies":[{"name":"wp","href":"https:\/\/api.w.org\/{rel}","templated":true}]}}