{"id":29734,"date":"2014-07-26T19:23:25","date_gmt":"2014-07-26T16:23:25","guid":{"rendered":"https:\/\/www.enerjigazetesi.ist\/?p=29734"},"modified":"2014-07-26T19:23:25","modified_gmt":"2014-07-26T16:23:25","slug":"gunes-enerjisi-sektoru-enerji-bakanligina-taleplerini-iletti","status":"publish","type":"post","link":"https:\/\/www.enerjigazetesi.ist\/en\/gunes-enerjisi-sektoru-enerji-bakanligina-taleplerini-iletti\/","title":{"rendered":"(Turkish) G\u00fcne\u015f Enerjisi Sekt\u00f6r\u00fc Enerji Bakanl\u0131\u011f\u0131\u2019na Taleplerini \u0130letti&#8230;"},"content":{"rendered":"<p class=\"qtranxs-available-languages-message qtranxs-available-languages-message-en\">Sorry, this entry is only available in <a href=\"https:\/\/www.enerjigazetesi.ist\/tr\/wp-json\/wp\/v2\/posts\/29734\" class=\"qtranxs-available-language-link qtranxs-available-language-link-tr\" title=\"Turkish\">Turkish<\/a>. For the sake of viewer convenience, the content is shown below in the alternative language. You may click the link to switch the active language.<\/p><p><strong>G\u00dcNDER ve yerli fotovoltaik panel \u00fcreticileri sekt\u00f6r\u00fcn geli\u015fimine y\u00f6nelik sorun ve \u00f6nerileri sunmak \u00fczere Enerji Bakanl\u0131\u011f\u0131\u2019n\u0131 ziyaret etti. G\u00dcNDER \u00fcyeleri Bakanl\u0131\u011fa ilettikleri taleplerinde; g\u00fcne\u015f enerjisi sekt\u00f6r\u00fcn\u00fcn \u00f6ncelikli olarak niteliksiz ithalata kar\u015f\u0131 koruma bekledi\u011fini belirterek, kamu al\u0131mlar\u0131 da dahil olmak \u00fczere yerli \u00fcreticinin desteklenmesini istediler.<\/strong><\/p>\n<p>Uluslararas\u0131 G\u00fcne\u015f Enerjisi Toplulu\u011fu T\u00fcrkiye B\u00f6l\u00fcm\u00fc (G\u00dcNDER) ve g\u00fcne\u015ften elektrik \u00fcreten yerli Fotovoltaik panel \u00fcreticileri sekt\u00f6r\u00fcn geli\u015fimine y\u00f6nelik sorun ve \u00f6nerileri sunmak \u00fczere Enerji Bakanl\u0131\u011f\u0131 yetkilileri ile bir araya geldi.<\/p>\n<p>Ankara\u2019da Enerji Ve Tabii Kaynaklar Bakanl\u0131\u011f\u0131\u2019nda ger\u00e7ekle\u015fen toplant\u0131ya Bakan Yard\u0131mc\u0131s\u0131 Do\u00e7. Dr. Hasan Murat Mertcan, Bakanl\u0131k M\u00fc\u015fte\u015far Yard\u0131mc<a href=\"https:\/\/www.enerjigazetesi.ist\/wp-content\/uploads\/2014\/07\/gunes-enerjisi-sektoru-enerji-bakanligina-taleplerini-iletti.jpg\"><img loading=\"lazy\" class=\"alignleft size-medium wp-image-29735\" src=\"https:\/\/www.enerjigazetesi.ist\/wp-content\/uploads\/2014\/07\/gunes-enerjisi-sektoru-enerji-bakanligina-taleplerini-iletti-300x199.jpg\" alt=\"gunes-enerjisi-sektoru-enerji-bakanligina-taleplerini-iletti\" width=\"300\" height=\"199\" srcset=\"https:\/\/www.enerjigazetesi.ist\/wp-content\/uploads\/2014\/07\/gunes-enerjisi-sektoru-enerji-bakanligina-taleplerini-iletti-300x199.jpg 300w, https:\/\/www.enerjigazetesi.ist\/wp-content\/uploads\/2014\/07\/gunes-enerjisi-sektoru-enerji-bakanligina-taleplerini-iletti-500x331.jpg 500w, https:\/\/www.enerjigazetesi.ist\/wp-content\/uploads\/2014\/07\/gunes-enerjisi-sektoru-enerji-bakanligina-taleplerini-iletti-75x50.jpg 75w, https:\/\/www.enerjigazetesi.ist\/wp-content\/uploads\/2014\/07\/gunes-enerjisi-sektoru-enerji-bakanligina-taleplerini-iletti.jpg 600w\" sizes=\"(max-width: 300px) 100vw, 300px\" \/><\/a>\u0131s\u0131 Dr. Selahattin \u00c7imen, Enerji Ve Tabii Kaynaklar Bakanl\u0131\u011f\u0131 Yenilenebilir Enerji Genel M\u00fcd\u00fcr\u00fc Yusuf Yazar, YEK Daire Ba\u015fkan\u0131 Sabahattin \u00d6Z, G\u00dcNDER Y\u00f6netim Kurulu Ba\u015fkan\u0131 Dr. Kemal Gani Bayraktar, Ba\u015fkan Yard\u0131mc\u0131s\u0131 Osman \u00d6zberk ve y\u00f6netim kurulu \u00fcyeleri ile yerli fotovoltaik panel \u00fcreticileri kat\u0131ld\u0131.<\/p>\n<p>Toplant\u0131da G\u00dcNDER heyeti, sekt\u00f6r olarak beklentilerini yaz\u0131l\u0131 olarak Bakanl\u0131\u011fa sundu. Sekt\u00f6r olarak \u00f6ncelikle yerli \u00fcretimin sa\u011fl\u0131kl\u0131 geli\u015fimi ve korunmas\u0131 konusunda destek beklediklerini belirten G\u00dcNDER \u00fcyeleri, sorunlar\u0131n \u00e7\u00f6z\u00fcm\u00fcnde g\u00f6zden ka\u00e7\u0131r\u0131lmamas\u0131 gereken en \u00f6nemli hususun \u00f6nce koruma \u00f6nlemlerinin al\u0131nmas\u0131, ard\u0131ndan i\u00e7 pazar\u0131n geli\u015ftirilmesi y\u00f6n\u00fcnde \u00e7al\u0131\u015fmalar\u0131n y\u00fcr\u00fct\u00fclmesi oldu\u011funu belirttiler. Bakanl\u0131\u011fa sunulan bildiride \u015fu konulara de\u011finildi:<\/p>\n<p>\u201c\u0130spanya ve \u0130talya \u00f6rneklerinde g\u00f6r\u00fcld\u00fc\u011f\u00fc \u00fczere; i\u00e7 pazar\u0131n geli\u015ftirilmesi ard\u0131ndan pazar koruma \u00f6nlemlerinin al\u0131nm\u0131\u015f olmas\u0131, birka\u00e7 y\u0131l i\u00e7erisinde yerli \u00fcretimi d\u0131\u015f tehditlerle ba\u015f edemez duruma getirmi\u015ftir. Bu konuda koruyucu \u00f6nlemlerin uygulamaya ge\u00e7 ba\u015flanmas\u0131ndan dolay\u0131, rekabet edemeyen ulusal g\u00fcne\u015f enerjisi sekt\u00f6r\u00fc t\u00fcm payda\u015flar\u0131 ile zarar g\u00f6rm\u00fc\u015ft\u00fcr. \u0130thalata kar\u015f\u0131 koruma \u00f6nlemleri ve anti damping tedbirlerinin uygulamaya ba\u015flama s\u00fcresi 9-15 ay aras\u0131nda de\u011fi\u015fmektedir. Bu da g\u00fcn\u00fcm\u00fcz ko\u015fullar\u0131nda uzun bir s\u00fcre olup, pazar dengeleri her an de\u011fi\u015febilmektedir.\u201d<\/p>\n<h2>\u201cKamu al\u0131mlar\u0131nda yerli \u00fcr\u00fcn tercih edilmelidir\u201d<\/h2>\n<p>Kamu al\u0131mlar\u0131nda yerli fotovoltaik panel \u00fcreticilerinin \u00fcr\u00fcnlerinin al\u0131nmas\u0131 sa\u011flanmas\u0131 gerekti\u011fine dikkat \u00e7ekilen bildiride, di\u011fer maddeler ise \u015f\u00f6yle s\u0131raland\u0131:<\/p>\n<p>\u201c1. Ba\u015fta Kalk\u0131nma Ajanslar\u0131 olmak \u00fczere kamu taraf\u0131ndan finansal desteklenen projelerde yerli Fotovoltaik panel \u00fcreticilerinin \u00fcr\u00fcnlerinin al\u0131nmas\u0131 \u015fart\u0131 getirilmelidir.<\/p>\n<p>2. \u00d6rnek \u015fartnamaler haz\u0131rlanarak kamu al\u0131mlar\u0131nda bunlar\u0131n kullan\u0131lmas\u0131 sa\u011flanmal\u0131d\u0131r. Sistemin etkinli\u011finin art\u0131r\u0131lmas\u0131 i\u00e7in Lisanss\u0131z \u00dcretim ile ilgili t\u00fcm s\u00fcrecin h\u0131zland\u0131r\u0131lmas\u0131 sa\u011flanmal\u0131d\u0131r. Yakla\u015f\u0131k 6-9 ay s\u00fcren ba\u015fvurular vard\u0131r. Ba\u015fvuru esaslar\u0131, Bakanl\u0131klar aras\u0131 olu\u015ftulacak bir Komisyon taraf\u0131ndan belirlenip, t\u00fcm ba\u015fvurular i\u00e7in ayn\u0131 prosed\u00fcr uygulanmal\u0131d\u0131r.<\/p>\n<p>3. 1 MW ile 1KW ba\u015fvuru s\u00fcre\u00e7 ve maliyetleri ayn\u0131d\u0131r. S\u00fcrecin k\u0131salt\u0131lmas\u0131 bireysel t\u00fcketimi ve yat\u0131r\u0131m\u0131n\u0131 te\u015fvik edecektir. K\u00fc\u00e7\u00fck g\u00fc\u00e7teki kurulumlara y\u00f6nelik tip proje uygulamas\u0131 geli\u015ftirilebilir.<\/p>\n<p>4. Lisanss\u0131z \u00fcretim ile \u00e7at\u0131 uygulamalar\u0131 ayr\u0131lmal\u0131d\u0131r. \u00c7at\u0131 uygulamalar\u0131nda s\u00fcre\u00e7 yal\u0131nla\u015ft\u0131r\u0131larak, sorumluluk da\u011f\u0131t\u0131m \u015firketlerine devredilebilir.<\/p>\n<p>5. \u00c7at\u0131 kiralama mevzuat\u0131 olu\u015fturularak bina ile \u00e7at\u0131 sahipli\u011fi ayr\u0131labilir, b\u00f6ylelikle at\u0131l \u00e7at\u0131lar enerji \u00fcretimine y\u00f6nelik kullan\u0131ma a\u00e7\u0131labilir.<\/p>\n<p>6. GES tesisleri i\u00e7in yeni bir finansman modeli kurulmal\u0131d\u0131r. Bu konu ile ilgili olarak bankalar, finans kurumlar\u0131 ve Bakanl\u0131k aras\u0131nda bir \u00e7al\u0131\u015fma yap\u0131labilir.<\/p>\n<p>7. Proje onay\u0131 ve\/veya kabul\u00fc i\u00e7in ta\u015fra te\u015fkilat\u0131 olan 3. taraflara bu yetki devredilerek zaman kay\u0131plar\u0131 \u00f6n\u00fcne ge\u00e7ilebilir.<\/p>\n<p>8. Tar\u0131msal sulamada uygulamay\u0131 yayg\u0131nla\u015ft\u0131rmak ad\u0131na tar\u0131m alan\u0131na kurulabilecek sulama tesislerinin ihtiyac\u0131 i\u00e7in panel yerle\u015ftirilmesine izin verilmeli ve sulama kooperatiflerine \u00f6zel uygulamalar yap\u0131lmal\u0131d\u0131r.<\/p>\n<p>9. ORK\u00d6Y benzeri bir proje Enerji Bakanl\u0131\u011f\u0131 taraf\u0131ndan FV konusunda y\u00fcr\u00fct\u00fclebilir.<\/p>\n<p>10. Lisansl\u0131 ba\u015fvurular\u0131n bir an \u00f6nce sonu\u00e7lanmas\u0131 sa\u011flanmal\u0131d\u0131r.<\/p>\n<p>11. Gelecekte yabanc\u0131 yat\u0131r\u0131mc\u0131lara tan\u0131nabilecek te\u015fvik veya lisans hakk\u0131 gibi destekler, halen FV panel \u00fcretimi yapan yerli \u00fcreticilere veya bunlar\u0131n birli\u011fine de sa\u011flanmal\u0131d\u0131r. \u201c<\/p>\n<p>Yay\u0131nc\u0131: <a href=\"https:\/\/www.enerjigazetesi.ist\" target=\"_blank\">Enerji Gazetesi<\/a><\/p>","protected":false},"excerpt":{"rendered":"<p>Sorry, this entry is only available in Turkish. For the sake of viewer convenience, the content is shown below in the alternative language. You may click the link to switch the active language.G\u00dcNDER ve yerli fotovoltaik panel \u00fcreticileri sekt\u00f6r\u00fcn geli\u015fimine y\u00f6nelik sorun ve \u00f6nerileri sunmak \u00fczere Enerji Bakanl\u0131\u011f\u0131\u2019n\u0131 ziyaret etti. G\u00dcNDER \u00fcyeleri Bakanl\u0131\u011fa ilettikleri taleplerinde; [&hellip;]<\/p>\n","protected":false},"author":1,"featured_media":29735,"comment_status":"open","ping_status":"open","sticky":false,"template":"","format":"standard","meta":[],"categories":[53,49],"tags":[63,963,67,1009,165,16899,1382,227,13,2206,4353,7853,1383,16900],"views":633,"_links":{"self":[{"href":"https:\/\/www.enerjigazetesi.ist\/en\/wp-json\/wp\/v2\/posts\/29734"}],"collection":[{"href":"https:\/\/www.enerjigazetesi.ist\/en\/wp-json\/wp\/v2\/posts"}],"about":[{"href":"https:\/\/www.enerjigazetesi.ist\/en\/wp-json\/wp\/v2\/types\/post"}],"author":[{"embeddable":true,"href":"https:\/\/www.enerjigazetesi.ist\/en\/wp-json\/wp\/v2\/users\/1"}],"replies":[{"embeddable":true,"href":"https:\/\/www.enerjigazetesi.ist\/en\/wp-json\/wp\/v2\/comments?post=29734"}],"version-history":[{"count":1,"href":"https:\/\/www.enerjigazetesi.ist\/en\/wp-json\/wp\/v2\/posts\/29734\/revisions"}],"predecessor-version":[{"id":29736,"href":"https:\/\/www.enerjigazetesi.ist\/en\/wp-json\/wp\/v2\/posts\/29734\/revisions\/29736"}],"wp:featuredmedia":[{"embeddable":true,"href":"https:\/\/www.enerjigazetesi.ist\/en\/wp-json\/wp\/v2\/media\/29735"}],"wp:attachment":[{"href":"https:\/\/www.enerjigazetesi.ist\/en\/wp-json\/wp\/v2\/media?parent=29734"}],"wp:term":[{"taxonomy":"category","embeddable":true,"href":"https:\/\/www.enerjigazetesi.ist\/en\/wp-json\/wp\/v2\/categories?post=29734"},{"taxonomy":"post_tag","embeddable":true,"href":"https:\/\/www.enerjigazetesi.ist\/en\/wp-json\/wp\/v2\/tags?post=29734"}],"curies":[{"name":"wp","href":"https:\/\/api.w.org\/{rel}","templated":true}]}}