{"id":29680,"date":"2014-07-23T13:59:20","date_gmt":"2014-07-23T10:59:20","guid":{"rendered":"https:\/\/www.enerjigazetesi.ist\/?p=29680"},"modified":"2014-07-23T13:59:20","modified_gmt":"2014-07-23T10:59:20","slug":"demirtas-secilirse-hes-projelerini-mahkemeye-goturecegini-soyledi","status":"publish","type":"post","link":"https:\/\/www.enerjigazetesi.ist\/en\/demirtas-secilirse-hes-projelerini-mahkemeye-goturecegini-soyledi\/","title":{"rendered":"(Turkish) Demirta\u015f Se\u00e7ilirse HES Projelerini Mahkemeye G\u00f6t\u00fcrece\u011fini S\u00f6yledi!"},"content":{"rendered":"<p class=\"qtranxs-available-languages-message qtranxs-available-languages-message-en\">Sorry, this entry is only available in <a href=\"https:\/\/www.enerjigazetesi.ist\/tr\/wp-json\/wp\/v2\/posts\/29680\" class=\"qtranxs-available-language-link qtranxs-available-language-link-tr\" title=\"Turkish\">Turkish<\/a>. For the sake of viewer convenience, the content is shown below in the alternative language. You may click the link to switch the active language.<\/p><p><strong>Cumhurba\u015fkan\u0131 aday\u0131 Selahattin Demirta\u015f, \u00e7evre sorunlar\u0131na dikkat \u00e7ekmek i\u00e7in Diyarbak\u0131r\u2019da d\u00fczenlenen bisiklet turuna kat\u0131ld\u0131. Demirta\u015f, cumhurba\u015fkan\u0131 se\u00e7ilmesi halinde Hasankeyf, Munzur ve Karadeniz\u2019deki hidroelektrik santralleri durdurmak i\u00e7in giri\u015fimlerini s\u00fcrd\u00fcrece\u011fini s\u00f6yledi.<a href=\"https:\/\/www.enerjigazetesi.ist\/wp-content\/uploads\/2014\/07\/selahattin-demirta\u015f.jpg\"><img loading=\"lazy\" class=\"alignright size-medium wp-image-29681\" src=\"https:\/\/www.enerjigazetesi.ist\/wp-content\/uploads\/2014\/07\/selahattin-demirta\u015f-300x168.jpg\" alt=\"selahattin-demirta\u015f\" width=\"300\" height=\"168\" srcset=\"https:\/\/www.enerjigazetesi.ist\/wp-content\/uploads\/2014\/07\/selahattin-demirta\u015f-300x168.jpg 300w, https:\/\/www.enerjigazetesi.ist\/wp-content\/uploads\/2014\/07\/selahattin-demirta\u015f-500x280.jpg 500w, https:\/\/www.enerjigazetesi.ist\/wp-content\/uploads\/2014\/07\/selahattin-demirta\u015f-80x44.jpg 80w, https:\/\/www.enerjigazetesi.ist\/wp-content\/uploads\/2014\/07\/selahattin-demirta\u015f.jpg 788w\" sizes=\"(max-width: 300px) 100vw, 300px\" \/><\/a><\/strong><span id=\"more-66418\"><\/span><\/p>\n<p>Diyarbak\u0131r Bisiklet ve Do\u011fa Sporlar\u0131 Kul\u00fcb\u00fc taraf\u0131ndan \u00e7evre sorunlar\u0131na dikkat \u00e7ekmek amac\u0131yla d\u00fczenlenen bisiklet turuna Demirta\u015f, iki k\u0131z\u0131 ve e\u015fiyle birlikte kat\u0131ld\u0131. Spor k\u0131yafetlerini giyen, kasklar\u0131n\u0131 takan Demirta\u015f ailesi, turun ba\u015flad\u0131\u011f\u0131 Newruz Park\u0131\u2019na geldi. Demirta\u015f, e\u015fi Ba\u015fak, k\u0131zlar\u0131 Delal ve Dilda pedal \u00e7evirmeye ba\u015flad\u0131lar.<\/p>\n<p>Newruz Park\u0131\u2019nda ba\u015flayan tur Mardin yolunda s\u00fcrd\u00fc. Burada tura ara veren Demirta\u015f gazetecilerin sorular\u0131n\u0131 yan\u0131tlad\u0131. Demirta\u015f, T\u00fcrkiye\u2019nin her yerinde sanayile\u015fme ad\u0131na do\u011fa katliam\u0131 yap\u0131ld\u0131\u011f\u0131n\u0131 belirterek, \u201cDaha \u00f6nce parlamentoda yap\u0131lan t\u00fcm tart\u0131\u015fmalarda ortaya \u00e7\u0131kt\u0131 ki, h\u00fck\u00fcmet ad\u0131na, \u00c7evre Bakan\u0131 da dahil olmak \u00fczere, \u00e7evre anlay\u0131\u015f\u0131 sadece betonla\u015fmadan ibarettir. Do\u011fan\u0131n, tabiat\u0131n, do\u011fal ya\u015fam alan\u0131n\u0131n ne anlama geldi\u011fini bilmeyen, bilmek istemeyen bir h\u00fck\u00fcmet anlay\u0131\u015f\u0131 var. Biz de do\u011fa katliamlar\u0131na dikkat \u00e7ekmek istedik. Hem uluslararas\u0131 s\u00f6zle\u015fmelerle, hem de yasalarla korunmas\u0131 gereken do\u011fa, en fazla tahrip edilen, \u00e7evre haklar\u0131 a\u00e7\u0131s\u0131ndan en \u00e7ok ihlal edilen hak alan\u0131d\u0131r. H\u00fck\u00fcmetten ve yerel y\u00f6netimlerden bu konuda daha dikkatli olmalar\u0131n\u0131 rica ediyorum\u201d dedi.<\/p>\n<p>Demirta\u015f se\u00e7ilmesi halinde HES projelerini mahkemeye g\u00f6t\u00fcrece\u011fini s\u00f6yledi.<\/p>\n<p>Demirta\u015f \u201cCumhurba\u015fkan\u0131 olarak durdurma yetkisi yoktur fakat Devlet Denetleme Kurumu\u2019nu faaliyete sokabilir. Bu gibi durumlarda denetleme yapabilir, raporunu mahkemeye sevkedebilir. Cumhurba\u015fkan\u0131 halk\u0131n \u00e7\u0131karlar\u0131 a\u00e7\u0131s\u0131ndan davaya m\u00fcdahil olabilir. Kendisi de dava a\u00e7abilir. Y\u00fcr\u00fctme a\u00e7\u0131s\u0131ndan durdurma yetkisi yoktur. Ben cumhurba\u015fkan\u0131 olsam, hem Hasankeyf, hem Munzur, gereksiz yap\u0131lan hidroelektrik santralleri, Karadeniz\u2019deki dereler ve do\u011fay\u0131 mahveden santrallerin tamam\u0131n\u0131 durdurmak i\u00e7in giri\u015fimlerimi s\u00fcrd\u00fcr\u00fcr\u00fcm\u201d diye konu\u015ftu.<\/p>\n<p>Kaynak: <a href=\"http:\/\/www.aljazeera.com.tr\/al-jazeera-ozel\/hesleri-durdurmak-icin-mahkemeye-giderim\" target=\"_blank\" rel=\"nofollow\">aljazeera<\/a><\/p>","protected":false},"excerpt":{"rendered":"<p>Sorry, this entry is only available in Turkish. For the sake of viewer convenience, the content is shown below in the alternative language. You may click the link to switch the active language.Cumhurba\u015fkan\u0131 aday\u0131 Selahattin Demirta\u015f, \u00e7evre sorunlar\u0131na dikkat \u00e7ekmek i\u00e7in Diyarbak\u0131r\u2019da d\u00fczenlenen bisiklet turuna kat\u0131ld\u0131. Demirta\u015f, cumhurba\u015fkan\u0131 se\u00e7ilmesi halinde Hasankeyf, Munzur ve Karadeniz\u2019deki hidroelektrik [&hellip;]<\/p>\n","protected":false},"author":1,"featured_media":29681,"comment_status":"open","ping_status":"open","sticky":false,"template":"","format":"standard","meta":[],"categories":[53,47],"tags":[9589,9810,16896,16897,16898],"views":683,"_links":{"self":[{"href":"https:\/\/www.enerjigazetesi.ist\/en\/wp-json\/wp\/v2\/posts\/29680"}],"collection":[{"href":"https:\/\/www.enerjigazetesi.ist\/en\/wp-json\/wp\/v2\/posts"}],"about":[{"href":"https:\/\/www.enerjigazetesi.ist\/en\/wp-json\/wp\/v2\/types\/post"}],"author":[{"embeddable":true,"href":"https:\/\/www.enerjigazetesi.ist\/en\/wp-json\/wp\/v2\/users\/1"}],"replies":[{"embeddable":true,"href":"https:\/\/www.enerjigazetesi.ist\/en\/wp-json\/wp\/v2\/comments?post=29680"}],"version-history":[{"count":1,"href":"https:\/\/www.enerjigazetesi.ist\/en\/wp-json\/wp\/v2\/posts\/29680\/revisions"}],"predecessor-version":[{"id":29682,"href":"https:\/\/www.enerjigazetesi.ist\/en\/wp-json\/wp\/v2\/posts\/29680\/revisions\/29682"}],"wp:featuredmedia":[{"embeddable":true,"href":"https:\/\/www.enerjigazetesi.ist\/en\/wp-json\/wp\/v2\/media\/29681"}],"wp:attachment":[{"href":"https:\/\/www.enerjigazetesi.ist\/en\/wp-json\/wp\/v2\/media?parent=29680"}],"wp:term":[{"taxonomy":"category","embeddable":true,"href":"https:\/\/www.enerjigazetesi.ist\/en\/wp-json\/wp\/v2\/categories?post=29680"},{"taxonomy":"post_tag","embeddable":true,"href":"https:\/\/www.enerjigazetesi.ist\/en\/wp-json\/wp\/v2\/tags?post=29680"}],"curies":[{"name":"wp","href":"https:\/\/api.w.org\/{rel}","templated":true}]}}