{"id":29663,"date":"2014-07-23T10:01:24","date_gmt":"2014-07-23T07:01:24","guid":{"rendered":"https:\/\/www.enerjigazetesi.ist\/?p=29663"},"modified":"2014-07-23T10:01:24","modified_gmt":"2014-07-23T07:01:24","slug":"kurt-yonetimi-bagdata-petrolden-pay-vermeyecek","status":"publish","type":"post","link":"https:\/\/www.enerjigazetesi.ist\/en\/kurt-yonetimi-bagdata-petrolden-pay-vermeyecek\/","title":{"rendered":"(Turkish) K\u00fcrt Y\u00f6netimi, Ba\u011fdat\u2019a Petrolden Pay Vermeyecek!"},"content":{"rendered":"<p class=\"qtranxs-available-languages-message qtranxs-available-languages-message-en\">Sorry, this entry is only available in <a href=\"https:\/\/www.enerjigazetesi.ist\/tr\/wp-json\/wp\/v2\/posts\/29663\" class=\"qtranxs-available-language-link qtranxs-available-language-link-tr\" title=\"Turkish\">Turkish<\/a>. For the sake of viewer convenience, the content is shown below in the alternative language. You may click the link to switch the active language.<\/p><p><strong>IKBY Maliye Bakan\u0131 Rebaz Muhammet, ihra\u00e7 edilen petrolden Ba\u011fdat y\u00f6netimine pay vermeyeceklerini, Ba\u011fdat\u2019\u0131n bu konuda bilgilendirildi\u011fini s\u00f6yledi.<\/strong><span id=\"more-66407\"><\/span><\/p>\n<p>Irak K\u00fcrt B\u00f6lgesel Y\u00f6netimi (IKBY) Maliye Bakan\u0131 Rebaz Muhammet, T\u00fcrkiye \u00fczerinden ihra\u00e7<a href=\"https:\/\/www.enerjigazetesi.ist\/wp-content\/uploads\/2014\/07\/k\u00fcrt-petrol\u00fc-ceyhan-tanker-23898237.jpg\"><img loading=\"lazy\" class=\"alignright size-medium wp-image-29664\" src=\"https:\/\/www.enerjigazetesi.ist\/wp-content\/uploads\/2014\/07\/k\u00fcrt-petrol\u00fc-ceyhan-tanker-23898237-300x177.jpg\" alt=\"k\u00fcrt-petrol\u00fc-ceyhan-tanker-23898237\" width=\"300\" height=\"177\" srcset=\"https:\/\/www.enerjigazetesi.ist\/wp-content\/uploads\/2014\/07\/k\u00fcrt-petrol\u00fc-ceyhan-tanker-23898237-300x177.jpg 300w, https:\/\/www.enerjigazetesi.ist\/wp-content\/uploads\/2014\/07\/k\u00fcrt-petrol\u00fc-ceyhan-tanker-23898237-500x296.jpg 500w, https:\/\/www.enerjigazetesi.ist\/wp-content\/uploads\/2014\/07\/k\u00fcrt-petrol\u00fc-ceyhan-tanker-23898237-80x47.jpg 80w, https:\/\/www.enerjigazetesi.ist\/wp-content\/uploads\/2014\/07\/k\u00fcrt-petrol\u00fc-ceyhan-tanker-23898237.jpg 870w\" sizes=\"(max-width: 300px) 100vw, 300px\" \/><\/a> ettikleri petrol paras\u0131n\u0131n tamam\u0131n\u0131 b\u00fct\u00e7elerine aktaracaklar\u0131n\u0131 bildirdi.<\/p>\n<p>Muhammet, K\u00fcrt b\u00f6lgesinden boru hatt\u0131yla ihra\u00e7 edilen petrol paras\u0131n\u0131n tamam\u0131n\u0131 almak i\u00e7in haz\u0131rl\u0131k yapt\u0131klar\u0131n\u0131 s\u00f6yledi.<\/p>\n<p>Muhammet, \u015f\u00f6yle konu\u015ftu:<\/p>\n<p>\u201cMerkezi Ba\u011fdat h\u00fck\u00fcmeti, 7 ayd\u0131r b\u00fct\u00e7emizi kesiyor. Bu a\u00e7\u0131\u011f\u0131 kapatmak i\u00e7in sat\u0131lan petrolden ald\u0131\u011f\u0131m\u0131z y\u00fczde 17\u2032lik k\u0131sm\u0131, y\u00fczde 100\u2032e \u00e7\u0131karaca\u011f\u0131z. Kuveyt\u2019e \u00f6denecek sava\u015f tazminat\u0131n\u0131 da s\u00f6z konusu petrol gelirinden \u00f6deyece\u011fiz. Ramazandan sonra ba\u015flayacak uygulama hakk\u0131nda Ba\u011fdat h\u00fck\u00fcmeti haberdar edildi.\u201d<\/p>\n<p>\u201cK\u00fcrdistan b\u00f6lgesinde 1 milyon 400 bin ki\u015finin h\u00fck\u00fcmetten maa\u015f ald\u0131\u011f\u0131\u201d bilgisini payla\u015fan Muhammet, \u201c\u00c7ift maa\u015f alanlar da var. Bu maa\u015flar\u0131 \u00f6dememiz i\u00e7in her ay elimize 1 milyar dolar ge\u00e7mesi gerekiyor. Ancak ne yaz\u0131k ki Ba\u011fdat, b\u00fct\u00e7edeki bu pay\u0131m\u0131z\u0131 g\u00f6ndermiyor\u201d dedi.<\/p>\n<p>\u0130\u00e7inde bulunduklar\u0131 ekonomik krizden kurtulmak i\u00e7in petrol sevkiyat\u0131n\u0131 art\u0131rmak zorunda olduklar\u0131na i\u015faret eden Muhammet, \u201cErbil ile Ba\u011fdat aras\u0131ndaki sorunlar \u00e7\u00f6z\u00fcls\u00fcn ya da \u00e7\u00f6z\u00fclmesin biz y\u0131lsonuna kadar ihra\u00e7 edilen petrol\u00fc g\u00fcnl\u00fck 1 milyon varile \u00e7\u0131karmay\u0131 hedefliyoruz. E\u011fer bu sevkiyat ger\u00e7ekle\u015firse b\u00f6lgemizde ya\u015fanan kriz b\u00fcy\u00fck \u00f6l\u00e7\u00fcde \u00e7\u00f6z\u00fcl\u00fcr\u201d diye konu\u015ftu. Muhammet, mevcut krizden \u00e7\u0131kmak i\u00e7in hi\u00e7bir \u00fclkeden bor\u00e7 para talebinde bulunmad\u0131klar\u0131n\u0131 dile getirdi.<\/p>\n<p>Kaynak: <a href=\"http:\/\/www.dunyabulteni.net\/haberler\/304626\/kurt-yonetimi-bagdata-petrolden-pay-vermeyecek\" target=\"_blank\" rel=\"nofollow\">D\u00fcnya B\u00fclteni<\/a><\/p>","protected":false},"excerpt":{"rendered":"<p>Sorry, this entry is only available in Turkish. For the sake of viewer convenience, the content is shown below in the alternative language. You may click the link to switch the active language.IKBY Maliye Bakan\u0131 Rebaz Muhammet, ihra\u00e7 edilen petrolden Ba\u011fdat y\u00f6netimine pay vermeyeceklerini, Ba\u011fdat\u2019\u0131n bu konuda bilgilendirildi\u011fini s\u00f6yledi. Irak K\u00fcrt B\u00f6lgesel Y\u00f6netimi (IKBY) Maliye [&hellip;]<\/p>\n","protected":false},"author":1,"featured_media":29664,"comment_status":"open","ping_status":"open","sticky":false,"template":"","format":"standard","meta":[],"categories":[53,44],"tags":[16482,16888,3845,3072,4332,7338,3346,16165,16889],"views":781,"_links":{"self":[{"href":"https:\/\/www.enerjigazetesi.ist\/en\/wp-json\/wp\/v2\/posts\/29663"}],"collection":[{"href":"https:\/\/www.enerjigazetesi.ist\/en\/wp-json\/wp\/v2\/posts"}],"about":[{"href":"https:\/\/www.enerjigazetesi.ist\/en\/wp-json\/wp\/v2\/types\/post"}],"author":[{"embeddable":true,"href":"https:\/\/www.enerjigazetesi.ist\/en\/wp-json\/wp\/v2\/users\/1"}],"replies":[{"embeddable":true,"href":"https:\/\/www.enerjigazetesi.ist\/en\/wp-json\/wp\/v2\/comments?post=29663"}],"version-history":[{"count":1,"href":"https:\/\/www.enerjigazetesi.ist\/en\/wp-json\/wp\/v2\/posts\/29663\/revisions"}],"predecessor-version":[{"id":29665,"href":"https:\/\/www.enerjigazetesi.ist\/en\/wp-json\/wp\/v2\/posts\/29663\/revisions\/29665"}],"wp:featuredmedia":[{"embeddable":true,"href":"https:\/\/www.enerjigazetesi.ist\/en\/wp-json\/wp\/v2\/media\/29664"}],"wp:attachment":[{"href":"https:\/\/www.enerjigazetesi.ist\/en\/wp-json\/wp\/v2\/media?parent=29663"}],"wp:term":[{"taxonomy":"category","embeddable":true,"href":"https:\/\/www.enerjigazetesi.ist\/en\/wp-json\/wp\/v2\/categories?post=29663"},{"taxonomy":"post_tag","embeddable":true,"href":"https:\/\/www.enerjigazetesi.ist\/en\/wp-json\/wp\/v2\/tags?post=29663"}],"curies":[{"name":"wp","href":"https:\/\/api.w.org\/{rel}","templated":true}]}}