{"id":29624,"date":"2014-07-21T17:24:05","date_gmt":"2014-07-21T14:24:05","guid":{"rendered":"https:\/\/www.enerjigazetesi.ist\/?p=29624"},"modified":"2014-07-21T17:24:05","modified_gmt":"2014-07-21T14:24:05","slug":"avrupanin-en-buyuk-cop-biyogaz-tesisi-istanbulda","status":"publish","type":"post","link":"https:\/\/www.enerjigazetesi.ist\/en\/avrupanin-en-buyuk-cop-biyogaz-tesisi-istanbulda\/","title":{"rendered":"(Turkish) Avrupa\u2019n\u0131n En B\u00fcy\u00fck \u00c7\u00f6p Biyogaz Tesisi \u0130stanbul\u2019da!"},"content":{"rendered":"<p class=\"qtranxs-available-languages-message qtranxs-available-languages-message-en\">Sorry, this entry is only available in <a href=\"https:\/\/www.enerjigazetesi.ist\/tr\/wp-json\/wp\/v2\/posts\/29624\" class=\"qtranxs-available-language-link qtranxs-available-language-link-tr\" title=\"Turkish\">Turkish<\/a>. For the sake of viewer convenience, the content is shown below in the alternative language. You may click the link to switch the active language.<\/p><p><strong>Artan n\u00fcfusuyla paralel olarak \u015fehirde ya\u015fayan insanlar\u0131n ihtiya\u00e7lar\u0131n\u0131 kar\u015f\u0131lamaya y\u00f6nelik \u00e7al\u0131\u015fmalr\u0131n\u0131 s\u00fcrd\u00fcren \u0130BB i\u015ftiraki \u0130STA\u00c7 A.\u015e Avrupa\u2019n\u0131n en b\u00fcy\u00fck \u00e7\u00f6p biyogaz tesisine sahip \u015fehrin \u0130stanbul oldu\u011funu a\u00e7\u0131klad\u0131.<a href=\"https:\/\/www.enerjigazetesi.ist\/wp-content\/uploads\/2014\/07\/\u00e7\u00f6p-biyogaz-tesisi.jpg\"><img loading=\"lazy\" class=\"alignright size-medium wp-image-29625\" src=\"https:\/\/www.enerjigazetesi.ist\/wp-content\/uploads\/2014\/07\/\u00e7\u00f6p-biyogaz-tesisi-300x178.jpg\" alt=\"OLYMPUS DIGITAL CAMERA\" width=\"300\" height=\"178\" srcset=\"https:\/\/www.enerjigazetesi.ist\/wp-content\/uploads\/2014\/07\/\u00e7\u00f6p-biyogaz-tesisi-300x178.jpg 300w, https:\/\/www.enerjigazetesi.ist\/wp-content\/uploads\/2014\/07\/\u00e7\u00f6p-biyogaz-tesisi-500x298.jpg 500w, https:\/\/www.enerjigazetesi.ist\/wp-content\/uploads\/2014\/07\/\u00e7\u00f6p-biyogaz-tesisi-80x47.jpg 80w, https:\/\/www.enerjigazetesi.ist\/wp-content\/uploads\/2014\/07\/\u00e7\u00f6p-biyogaz-tesisi.jpg 870w\" sizes=\"(max-width: 300px) 100vw, 300px\" \/><\/a><\/strong><span id=\"more-66380\"><\/span><\/p>\n<p>\u0130stanbul B\u00fcy\u00fck\u015fehir Belediyesi i\u015ftiraklerinden \u0130STA\u00c7 A.\u015e Enerji Y\u00f6netimi \u015eefi F\u0131rat Sarp, Avrupa\u2019n\u0131n en b\u00fcy\u00fck \u00e7\u00f6p biyogaz tesisinin \u0130stanbul\u2019da oldu\u011funu s\u00f6yledi. Odayeri \u00c7\u00f6p Biyogaz\u0131 (LFG) enerji \u00fcretim tesisinin 34 megavatl\u0131k kurulu g\u00fc\u00e7le Avrupa\u2019da ilk s\u0131rada yer ald\u0131\u011f\u0131n\u0131 vurgulayan Sarp, Odayeri ve \u015eile K\u00f6m\u00fcrc\u00fcoda tesisleri, 2008\u2032den beri faaliyette oldu\u011funu belirterek, \u201c\u00dcretilen elektri\u011fin yenilenebilir enerji kayna\u011f\u0131 olmas\u0131 nedeniyle, piyasada i\u015flem g\u00f6rmeden Enerji ve Tabii Kaynaklar Bakanl\u0131\u011f\u0131 taraf\u0131ndan destekleniyor\u201d dedi.Sarp, \u201cY\u0131lda, \u0130stanbul\u2019daki 230 bin konutun elektrik ihtiyac\u0131n\u0131 kar\u015f\u0131layacak kadar enerji \u00fcreten \u0130STA\u00c7, 2015 y\u0131l\u0131n\u0131n ilk \u00e7eyre\u011finde 1 milyon ki\u015finin elektrik ihtiyac\u0131na e\u015fde\u011fer, net 55 megavat saatlik bir \u00fcretim planl\u0131yor\u201d diye devam etti.<\/p>\n<p>Kaynak: Enerji Enstit\u00fcs\u00fc<\/p>","protected":false},"excerpt":{"rendered":"<p>Sorry, this entry is only available in Turkish. For the sake of viewer convenience, the content is shown below in the alternative language. You may click the link to switch the active language.Artan n\u00fcfusuyla paralel olarak \u015fehirde ya\u015fayan insanlar\u0131n ihtiya\u00e7lar\u0131n\u0131 kar\u015f\u0131lamaya y\u00f6nelik \u00e7al\u0131\u015fmalr\u0131n\u0131 s\u00fcrd\u00fcren \u0130BB i\u015ftiraki \u0130STA\u00c7 A.\u015e Avrupa\u2019n\u0131n en b\u00fcy\u00fck \u00e7\u00f6p biyogaz tesisine sahip [&hellip;]<\/p>\n","protected":false},"author":1,"featured_media":29625,"comment_status":"open","ping_status":"open","sticky":false,"template":"","format":"standard","meta":[],"categories":[53],"tags":[1964,16862,16863,1478,16864,16865,1967,2864,16866,5844],"views":1297,"_links":{"self":[{"href":"https:\/\/www.enerjigazetesi.ist\/en\/wp-json\/wp\/v2\/posts\/29624"}],"collection":[{"href":"https:\/\/www.enerjigazetesi.ist\/en\/wp-json\/wp\/v2\/posts"}],"about":[{"href":"https:\/\/www.enerjigazetesi.ist\/en\/wp-json\/wp\/v2\/types\/post"}],"author":[{"embeddable":true,"href":"https:\/\/www.enerjigazetesi.ist\/en\/wp-json\/wp\/v2\/users\/1"}],"replies":[{"embeddable":true,"href":"https:\/\/www.enerjigazetesi.ist\/en\/wp-json\/wp\/v2\/comments?post=29624"}],"version-history":[{"count":1,"href":"https:\/\/www.enerjigazetesi.ist\/en\/wp-json\/wp\/v2\/posts\/29624\/revisions"}],"predecessor-version":[{"id":29626,"href":"https:\/\/www.enerjigazetesi.ist\/en\/wp-json\/wp\/v2\/posts\/29624\/revisions\/29626"}],"wp:featuredmedia":[{"embeddable":true,"href":"https:\/\/www.enerjigazetesi.ist\/en\/wp-json\/wp\/v2\/media\/29625"}],"wp:attachment":[{"href":"https:\/\/www.enerjigazetesi.ist\/en\/wp-json\/wp\/v2\/media?parent=29624"}],"wp:term":[{"taxonomy":"category","embeddable":true,"href":"https:\/\/www.enerjigazetesi.ist\/en\/wp-json\/wp\/v2\/categories?post=29624"},{"taxonomy":"post_tag","embeddable":true,"href":"https:\/\/www.enerjigazetesi.ist\/en\/wp-json\/wp\/v2\/tags?post=29624"}],"curies":[{"name":"wp","href":"https:\/\/api.w.org\/{rel}","templated":true}]}}