{"id":29509,"date":"2014-07-18T14:52:10","date_gmt":"2014-07-18T11:52:10","guid":{"rendered":"https:\/\/www.enerjigazetesi.ist\/?p=29509"},"modified":"2014-07-18T14:52:10","modified_gmt":"2014-07-18T11:52:10","slug":"250-kilowat-saate-kadar-elektrik-enerjisi-ucretsiz-verilsin","status":"publish","type":"post","link":"https:\/\/www.enerjigazetesi.ist\/en\/250-kilowat-saate-kadar-elektrik-enerjisi-ucretsiz-verilsin\/","title":{"rendered":"(Turkish) \u201c250 Kilowat Saate Kadar Elektrik Enerjisi \u00dccretsiz Verilsin\u201d"},"content":{"rendered":"<p class=\"qtranxs-available-languages-message qtranxs-available-languages-message-en\">Sorry, this entry is only available in <a href=\"https:\/\/www.enerjigazetesi.ist\/tr\/wp-json\/wp\/v2\/posts\/29509\" class=\"qtranxs-available-language-link qtranxs-available-language-link-tr\" title=\"Turkish\">Turkish<\/a>. For the sake of viewer convenience, the content is shown below in the alternative language. You may click the link to switch the active language.<\/p><p><strong>Diyarbak\u0131r Elektrik M\u00fchendisleri Odas\u0131, elektrikte ka\u00e7ak ve kay\u0131plar bahane edilerek G\u00fcneydo\u011fu\u2019nun karal\u0131\u011fa mahkum edildi\u011fini ileri s\u00fcrd\u00fc.<\/strong><strong>Diyarbak\u0131r Elektrik M\u00fchendisleri Odas\u0131 b\u00f6lgede s\u0131k s\u0131k ya\u015fanan elektrik kesintileriyle ilgili bas\u0131n toplant\u0131s\u0131 d\u00fczenledi.<\/strong><\/p>\n<p>Oda Ba\u015fkan Yard\u0131mc\u0131s\u0131 Armanc E\u015fin, Diyarbak\u0131r, Mardin, \u015eanl\u0131urfa, \u015e\u0131rnak, Siirt ve Batman illerini kapsayan Dicle Elektrik <a href=\"https:\/\/www.enerjigazetesi.ist\/wp-content\/uploads\/2014\/07\/g\u00fcneydo\u011fu-ka\u00e7ak-elektrik-deda\u015f.jpg\"><img loading=\"lazy\" class=\"alignright size-medium wp-image-29510\" src=\"https:\/\/www.enerjigazetesi.ist\/wp-content\/uploads\/2014\/07\/g\u00fcneydo\u011fu-ka\u00e7ak-elektrik-deda\u015f-300x168.jpg\" alt=\"g\u00fcneydo\u011fu-ka\u00e7ak-elektrik-deda\u015f\" width=\"300\" height=\"168\" srcset=\"https:\/\/www.enerjigazetesi.ist\/wp-content\/uploads\/2014\/07\/g\u00fcneydo\u011fu-ka\u00e7ak-elektrik-deda\u015f-300x168.jpg 300w, https:\/\/www.enerjigazetesi.ist\/wp-content\/uploads\/2014\/07\/g\u00fcneydo\u011fu-ka\u00e7ak-elektrik-deda\u015f-500x280.jpg 500w, https:\/\/www.enerjigazetesi.ist\/wp-content\/uploads\/2014\/07\/g\u00fcneydo\u011fu-ka\u00e7ak-elektrik-deda\u015f-80x44.jpg 80w, https:\/\/www.enerjigazetesi.ist\/wp-content\/uploads\/2014\/07\/g\u00fcneydo\u011fu-ka\u00e7ak-elektrik-deda\u015f.jpg 788w\" sizes=\"(max-width: 300px) 100vw, 300px\" \/><\/a>Da\u011f\u0131t\u0131m A.\u015e\u2019nin (DEDA\u015e) 2013 y\u0131l\u0131nda \u00f6zelle\u015ftirilmesi sonucunda G\u00fcneydo\u011fu\u2019nun karanl\u0131\u011fa mahkum edildi\u011fini, b\u00f6lgedeki elektrik enerjisi sorunlar\u0131n\u0131n \u00e7\u00f6z\u00fcm\u00fcn\u00fcn de kar politikalar\u0131n\u0131n insaf\u0131na terk edildi\u011fini ileri s\u00fcrd\u00fc.<\/p>\n<p>DEDA\u015e\u2019\u0131n da\u011f\u0131t\u0131m \u015febekesindeki sorunlar\u0131 gidermek i\u00e7in altyap\u0131 yat\u0131r\u0131m\u0131 yapmak yerine, kay\u0131p ve ka\u00e7ak kullan\u0131m\u0131n\u0131 gerek\u00e7e g\u00f6stererek, planl\u0131 d\u00fczenli ve s\u00fcrekli elektrik kesintileri uyguland\u0131\u011f\u0131n\u0131 s\u00f6yleyen E\u015fin, sahibinin onay\u0131 al\u0131nmadan yap\u0131lan saya\u00e7 de\u011fi\u015fimlerine itiraz edilmesi durumunda, uzun s\u00fcreli elektrik kesintileri yap\u0131larak bu abonelerin cezaland\u0131r\u0131ld\u0131\u011f\u0131n\u0131 iddia etti.<\/p>\n<p>Armanc E\u015fin, \u00f6zellikle konut b\u00f6lgelerde kay\u0131p ve ka\u00e7ak elektrik kullan\u0131m\u0131 bahane edilerek yap\u0131lan kesintilerin, yer yer kitlesel protestolara yol a\u00e7t\u0131\u011f\u0131n\u0131, ayn\u0131 bahane ile bir b\u00f6lgenin tamam\u0131n\u0131n saatlerce elektriksiz b\u0131rak\u0131ld\u0131\u011f\u0131n\u0131 belirterek, \u015f\u00f6yle konu\u015ftu:<\/p>\n<p>\u201cGAP kapsam\u0131ndaki sulama kanallar\u0131n\u0131n tamamlanamamas\u0131 nedeniyle b\u00f6lgedeki sulaman\u0131n b\u00fcy\u00fck bir b\u00f6l\u00fcm\u00fc kuyulardan pompalar vas\u0131tas\u0131yla yap\u0131lmaktad\u0131r. Bu pompalar s\u0131k s\u0131k devreye girip \u00e7\u0131kt\u0131klar\u0131 i\u00e7in \u00e7ok b\u00fcy\u00fck demeraj ak\u0131mlar\u0131 \u00e7ekerek, \u015febekenin kapasitesini zorlamakta, b\u00fcy\u00fck dalgalanmalara sebep olmaktad\u0131r. DEDA\u015e\u2019\u0131n bu tesislerde bulunmas\u0131 gereken ve reaktif g\u00fc\u00e7 sal\u0131n\u0131mlar\u0131n\u0131 \u00f6nleyici kompanzasyon tesislerini denetlememesi nedeniyle bu olumsuzluk zincirleme etkiyle iletim \u015febekelerine yans\u0131makta ve ar\u0131za b\u00f6lgeye yay\u0131lmaktad\u0131r. Bu ar\u0131zalar\u0131n ger\u00e7ekle\u015fmesini \u00f6nleyici denetimleri yapmamakta, bu sorunu gidermek \u00fczere gerekli trafo merkezleri ve da\u011f\u0131t\u0131m hatlar\u0131 gibi \u015febekedeki alt yap\u0131 \u00e7al\u0131\u015fmalar\u0131n\u0131 da yapmamaktad\u0131r\u201d<\/p>\n<p>Elektrik kesintilerinin yan\u0131 s\u0131ra, olu\u015fan bu gerilim dalgalanmalar\u0131 nedeniyle \u00f6zellikle Diyarbak\u0131r, Mardin ve \u015eanl\u0131urfa illerinde elektrikli ara\u00e7 gere\u00e7lerin zarar g\u00f6rd\u00fc\u011f\u00fcn\u00fc belirten Armanc E\u015fin, t\u00fcketiciler b\u00fcy\u00fck bir ekonomik kayba u\u011frad\u0131\u011f\u0131n\u0131 anlatt\u0131.<\/p>\n<p>Kesintilerin, \u00e7ift\u00e7ileri de ma\u011fdur etti\u011fini belirten E\u015fin, \u201cAyr\u0131ca destekleme almak amac\u0131yla \u00c7ift\u00e7i Kay\u0131t Sistemi\u2019ne (\u00c7KS) kay\u0131t yapt\u0131ran \u00e7ift\u00e7ilerin; kuyusu, trafosu ve abonesi olsun ya da olmas\u0131n, ka\u00e7ak elektrik kulland\u0131klar\u0131 varsay\u0131larak destekleme primleri \u00f6denmemektedir. Bu uygulama, Bakanlar Kurulunun elektrik borcu olan \u00e7ift\u00e7iye destekleme \u00f6demesinin yap\u0131lmayaca\u011f\u0131na dair ald\u0131\u011f\u0131 karar \u00fczerine ba\u015flat\u0131lm\u0131\u015ft\u0131r. Bu uygulaman\u0131n DEDA\u015e kamu elindeyken yap\u0131lmay\u0131p \u00d6zelle\u015ftirme sonras\u0131 devreye sokulmas\u0131 dikkat \u00e7ekicidir\u201d dedi.<\/p>\n<p>Armanc E\u015fin, ka\u00e7ak elektrik kullan\u0131m\u0131n\u0131n \u00f6nlenmesinin, kitlelerin ma\u011fdur edilmesi ile de\u011fil, dar gelirli yoksul halk kesimine sosyal devlet ilkesi gere\u011fince ayl\u0131k 250 kilowat saate kadar enerjinin bedelsiz verilmesi ile sa\u011flanabilece\u011fini s\u00f6zlerine ekledi.<\/p>\n<p>DEVAMI \u0130\u00c7\u0130N <a href=\"http:\/\/www.haberler.com\/250-kilowat-saate-kadar-enerji-bedelsiz-verilsin-6272591-haberi\/\" target=\"_blank\" rel=\"nofollow\">TIKLAYINIZ&gt;&gt;&gt;<\/a><\/p>\n<p>Kaynak: Enerji Enstit\u00fcs\u00fc<\/p>","protected":false},"excerpt":{"rendered":"<p>Sorry, this entry is only available in Turkish. For the sake of viewer convenience, the content is shown below in the alternative language. You may click the link to switch the active language.Diyarbak\u0131r Elektrik M\u00fchendisleri Odas\u0131, elektrikte ka\u00e7ak ve kay\u0131plar bahane edilerek G\u00fcneydo\u011fu\u2019nun karal\u0131\u011fa mahkum edildi\u011fini ileri s\u00fcrd\u00fc.Diyarbak\u0131r Elektrik M\u00fchendisleri Odas\u0131 b\u00f6lgede s\u0131k s\u0131k ya\u015fanan [&hellip;]<\/p>\n","protected":false},"author":1,"featured_media":29510,"comment_status":"open","ping_status":"open","sticky":false,"template":"","format":"standard","meta":[],"categories":[51,53],"tags":[16788,11725,3002,16789,11276,8591,1214,7065,16790,16791,3278],"views":635,"_links":{"self":[{"href":"https:\/\/www.enerjigazetesi.ist\/en\/wp-json\/wp\/v2\/posts\/29509"}],"collection":[{"href":"https:\/\/www.enerjigazetesi.ist\/en\/wp-json\/wp\/v2\/posts"}],"about":[{"href":"https:\/\/www.enerjigazetesi.ist\/en\/wp-json\/wp\/v2\/types\/post"}],"author":[{"embeddable":true,"href":"https:\/\/www.enerjigazetesi.ist\/en\/wp-json\/wp\/v2\/users\/1"}],"replies":[{"embeddable":true,"href":"https:\/\/www.enerjigazetesi.ist\/en\/wp-json\/wp\/v2\/comments?post=29509"}],"version-history":[{"count":1,"href":"https:\/\/www.enerjigazetesi.ist\/en\/wp-json\/wp\/v2\/posts\/29509\/revisions"}],"predecessor-version":[{"id":29511,"href":"https:\/\/www.enerjigazetesi.ist\/en\/wp-json\/wp\/v2\/posts\/29509\/revisions\/29511"}],"wp:featuredmedia":[{"embeddable":true,"href":"https:\/\/www.enerjigazetesi.ist\/en\/wp-json\/wp\/v2\/media\/29510"}],"wp:attachment":[{"href":"https:\/\/www.enerjigazetesi.ist\/en\/wp-json\/wp\/v2\/media?parent=29509"}],"wp:term":[{"taxonomy":"category","embeddable":true,"href":"https:\/\/www.enerjigazetesi.ist\/en\/wp-json\/wp\/v2\/categories?post=29509"},{"taxonomy":"post_tag","embeddable":true,"href":"https:\/\/www.enerjigazetesi.ist\/en\/wp-json\/wp\/v2\/tags?post=29509"}],"curies":[{"name":"wp","href":"https:\/\/api.w.org\/{rel}","templated":true}]}}