{"id":29487,"date":"2014-07-18T08:48:16","date_gmt":"2014-07-18T05:48:16","guid":{"rendered":"https:\/\/www.enerjigazetesi.ist\/?p=29487"},"modified":"2014-07-18T08:48:16","modified_gmt":"2014-07-18T05:48:16","slug":"ciner-grubu-somada-tehlikeyi-gorerek-tkiyi-uyarmis","status":"publish","type":"post","link":"https:\/\/www.enerjigazetesi.ist\/en\/ciner-grubu-somada-tehlikeyi-gorerek-tkiyi-uyarmis\/","title":{"rendered":"(Turkish) Ciner Grubu, Soma\u2019da Tehlikeyi G\u00f6rerek TK\u0130\u2019yi Uyarm\u0131\u015f!"},"content":{"rendered":"<p class=\"qtranxs-available-languages-message qtranxs-available-languages-message-en\">Sorry, this entry is only available in <a href=\"https:\/\/www.enerjigazetesi.ist\/tr\/wp-json\/wp\/v2\/posts\/29487\" class=\"qtranxs-available-language-link qtranxs-available-language-link-tr\" title=\"Turkish\">Turkish<\/a>. For the sake of viewer convenience, the content is shown below in the alternative language. You may click the link to switch the active language.<\/p><p><strong>Madenin \u00f6zelle\u015ftirilmesinden sonra ilk i\u015fletmecisi olan Ciner Grubu\u2019nun da madendeki riskleri \u00f6nceden g\u00f6rd\u00fc\u011f\u00fc i\u00e7in devretti\u011fi ortaya \u00e7\u0131kt\u0131.<span id=\"more-66329\"><\/span> Devrederken de T\u00fcrkiye K\u00f6m\u00fcr \u0130\u015fletmeleri (TK\u0130) risklere kar\u015f\u0131 yaz\u0131l\u0131 olarak uyarm\u0131\u015f. TBMM Soma Ara\u015ft\u0131rma Komisyonu \u00e7al\u0131\u015fmalar\u0131n\u0131, risk y\u00f6netimi konusunda Yrd. Do\u00e7. Dr. Bur\u00e7ak Erkan, meslek hastal\u0131klar\u0131 konusunda ise Do\u00e7. Dr. \u00d6mer H\u0131n\u00e7 Y\u0131lmaz ve Ciner Grubu temsilcilerini dinleyerek s\u00fcrd\u00fcrd\u00fc. Bur\u00e7ak Erkan, \u201cY\u0131lda iki defa habersiz denetim yap\u0131lsa idi, bu kazada \u00f6l\u00fc say\u0131s\u0131 yar\u0131ya inerdi.\u201d iddias\u0131nda bulundu.<a href=\"https:\/\/www.enerjigazetesi.ist\/wp-content\/uploads\/2014\/07\/soma-k\u00f6m\u00fcr-maden-kaza-facia-felaket.jpg\"><img loading=\"lazy\" class=\"alignright size-medium wp-image-29488\" src=\"https:\/\/www.enerjigazetesi.ist\/wp-content\/uploads\/2014\/07\/soma-k\u00f6m\u00fcr-maden-kaza-facia-felaket-300x168.jpg\" alt=\"soma-k\u00f6m\u00fcr-maden-kaza-facia-felaket\" width=\"300\" height=\"168\" srcset=\"https:\/\/www.enerjigazetesi.ist\/wp-content\/uploads\/2014\/07\/soma-k\u00f6m\u00fcr-maden-kaza-facia-felaket-300x168.jpg 300w, https:\/\/www.enerjigazetesi.ist\/wp-content\/uploads\/2014\/07\/soma-k\u00f6m\u00fcr-maden-kaza-facia-felaket-500x280.jpg 500w, https:\/\/www.enerjigazetesi.ist\/wp-content\/uploads\/2014\/07\/soma-k\u00f6m\u00fcr-maden-kaza-facia-felaket-80x44.jpg 80w, https:\/\/www.enerjigazetesi.ist\/wp-content\/uploads\/2014\/07\/soma-k\u00f6m\u00fcr-maden-kaza-facia-felaket.jpg 788w\" sizes=\"(max-width: 300px) 100vw, 300px\" \/><\/a><\/strong><\/p>\n<p>Ancak komisyonda Soma facias\u0131yla ilgili en \u00e7arp\u0131c\u0131 a\u00e7\u0131klama Ciner Grubu temsilcilerinden geldi. 2006-2007 d\u00f6neminde Ciner Grubu Karanl\u0131k Dere i\u015fletme m\u00fcd\u00fcr\u00fc olarak g\u00f6rev yapan Selim \u015eenkal, Soma\u2019da ya\u015fanan faciaya proje hatas\u0131n\u0131n sebep oldu\u011funu ileri s\u00fcrd\u00fc ve \u015fu bilgileri verdi: \u201cO d\u00f6nemde Soma\u2019daki madenin sorumlusu olarak g\u00f6rev yapt\u0131m. Soma\u2019da ciddi bir proje hatas\u0131 vard\u0131. TK\u0130\u2019ye bildirdik. TK\u0130\u2019nin Soma\u2019da 200 metre kotuna kadar a\u00e7\u0131k madencilik yap\u0131laca\u011f\u0131n\u0131, +260 metre kotuna kadar da t\u00fcnel a\u00e7arak madencilik yap\u0131laca\u011f\u0131n\u0131 \u00f6ng\u00f6rm\u00fc\u015ft\u00fc. Ortaya bir e\u011fim \u00e7\u0131k\u0131yor. Burada yang\u0131n durmaz. Yukar\u0131dan s\u00fcrekli yang\u0131n olan alana k\u00f6m\u00fcr d\u00fc\u015fmesine neden olur. Altta t\u00fcnel madencili\u011fi yap\u0131l\u0131rken, \u00fcstte a\u00e7\u0131k madencilik yap\u0131lmas\u0131 da mant\u0131k hatas\u0131d\u0131r. Biz de ikinci aydan itibaren yang\u0131nlarla kar\u015f\u0131la\u015fmaya ba\u015flad\u0131k. \u00d6nlem olarak kullanmad\u0131\u011f\u0131m\u0131z alanlara azot verdik ve karbonmonoksiti d\u00fc\u015f\u00fcrd\u00fck. Ciner Grubu devrettikten sonra a\u00e7\u0131k madencilik olarak belirlenen alan da mevcut firmaya verildi. T\u00fcrkiye\u2019de metan drenaj\u0131n\u0131 yapacak firma yok. Soma\u2019dan ayr\u0131lmam\u0131z\u0131n sebeplerinden biri de oydu. Soma projesinde bunlar d\u00fc\u015f\u00fcn\u00fclmedi.\u201d Bas\u0131n\u00e7l\u0131 hava borular\u0131n\u0131n plastik oldu\u011funu savc\u0131n\u0131n dile getirdi\u011fini, yer alt\u0131ndaki bant kay\u0131\u015f\u0131n\u0131n 150 metre yand\u0131\u011f\u0131n\u0131n yine savc\u0131 taraf\u0131ndan s\u00f6ylendi\u011fini an\u0131msatan \u015eenkal, \u201cBizde b\u00fct\u00fcn bantlar \u00fcst\u00fcne k\u0131zg\u0131n k\u00f6m\u00fcr d\u00fc\u015ft\u00fc\u011f\u00fcnde bile s\u00f6ner. Ekipmana standart gelmeli.\u201d dedi.<\/p>\n<p>Komisyon \u00fcyesi Bursa Milletvekili Necati \u00d6zensoy ve Manisa Milletvekili Erkan Ak\u00e7ay, Ciner Grubu\u2019nun madeni devrederken, riskleri bildirip bildirmedi\u011fini sordu. Ciner Grubu\u2019nun di\u011fer bir temsilcisi Yakup Kaygusuz, kendilerinin Silopi gibi b\u00fcy\u00fck sahalar\u0131 ald\u0131\u011f\u0131 bir d\u00f6nemde, mevcut firman\u0131n Soma\u2019daki madeni kendilerinden talep etti\u011fini, TK\u0130\u2019ye teklifi bildirdiklerini ve riskleri de bildirerek devri yapt\u0131klar\u0131n\u0131 s\u00f6yledi. Kaygusuz, \u00fcretimin y\u0131ll\u0131k 1,5 milyon tondan 3,5 milyon tona \u00e7\u0131kar\u0131lmas\u0131 durumunda ise risklerin artaca\u011f\u0131n\u0131, altyap\u0131n\u0131n buna g\u00f6re haz\u0131rlanmas\u0131 gerekti\u011fini s\u00f6yledi.<\/p>\n<p>DEVAMI \u0130\u00c7\u0130N <a href=\"http:\/\/enerjienstitusu.com\/2014\/07\/18\/ciner-grubu-somada-tehlikeyi-gorerek-tkiyi-uyarmis\/Madenin%20\u00f6zelle\u015ftirilmesinden%20sonra%20ilk%20i\u015fletmecisi%20olan%20Ciner%20Grubu\u2019nun%20da%20madendeki%20riskleri%20\u00f6nceden%20g\u00f6rd\u00fc\u011f\u00fc%20i\u00e7in%20devretti\u011fi%20ortaya%20\u00e7\u0131kt\u0131.%20Devrederken%20de%20T\u00fcrkiye%20K\u00f6m\u00fcr%20\u0130\u015fletmeleri%20(TK\u0130)%20risklere%20kar\u015f\u0131%20yaz\u0131l\u0131%20olarak%20uyarm\u0131\u015f.%20TBMM%20Soma%20Ara\u015ft\u0131rma%20Komisyonu%20\u00e7al\u0131\u015fmalar\u0131n\u0131,%20risk%20y\u00f6netimi%20konusunda%20Yrd.%20Do\u00e7.%20Dr.%20Bur\u00e7ak%20Erkan,%20meslek%20hastal\u0131klar\u0131%20konusunda%20ise%20Do\u00e7.%20Dr.%20\u00d6mer%20H\u0131n\u00e7%20Y\u0131lmaz%20ve%20Ciner%20Grubu%20temsilcilerini%20dinleyerek%20s\u00fcrd\u00fcrd\u00fc.%20Bur\u00e7ak%20Erkan,%20\u201cY\u0131lda%20iki%20defa%20habersiz%20denetim%20yap\u0131lsa%20idi,%20bu%20kazada%20\u00f6l\u00fc%20say\u0131s\u0131%20yar\u0131ya%20inerdi.\u201d%20iddias\u0131nda%20bulundu.%20%20%20%20%20%20Ancak%20komisyonda%20Soma%20facias\u0131yla%20ilgili%20en%20\u00e7arp\u0131c\u0131%20a\u00e7\u0131klama%20Ciner%20Grubu%20temsilcilerinden%20geldi.%202006-2007%20d\u00f6neminde%20Ciner%20Grubu%20Karanl\u0131k%20Dere%20i\u015fletme%20m\u00fcd\u00fcr\u00fc%20olarak%20g\u00f6rev%20yapan%20Selim%20\u015eenkal,%20Soma\u2019da%20ya\u015fanan%20faciaya%20proje%20hatas\u0131n\u0131n%20sebep%20oldu\u011funu%20ileri%20s\u00fcrd\u00fc%20ve%20\u015fu%20bilgileri%20verdi:%20\u201cO%20d\u00f6nemde%20Soma\u2019daki%20madenin%20sorumlusu%20olarak%20g\u00f6rev%20yapt\u0131m.%20Soma\u2019da%20ciddi%20bir%20proje%20hatas\u0131%20vard\u0131.%20TK\u0130\u2019ye%20bildirdik.%20TK\u0130\u2019nin%20Soma\u2019da%20200%20metre%20kotuna%20kadar%20a\u00e7\u0131k%20madencilik%20yap\u0131laca\u011f\u0131n\u0131,%20+260%20metre%20kotuna%20kadar%20da%20t\u00fcnel%20a\u00e7arak%20madencilik%20yap\u0131laca\u011f\u0131n\u0131%20\u00f6ng\u00f6rm\u00fc\u015ft\u00fc.%20Ortaya%20bir%20e\u011fim%20\u00e7\u0131k\u0131yor.%20Burada%20yang\u0131n%20durmaz.%20Yukar\u0131dan%20s\u00fcrekli%20yang\u0131n%20olan%20alana%20k\u00f6m\u00fcr%20d\u00fc\u015fmesine%20neden%20olur.%20Altta%20t\u00fcnel%20madencili\u011fi%20yap\u0131l\u0131rken,%20\u00fcstte%20a\u00e7\u0131k%20madencilik%20yap\u0131lmas\u0131%20da%20mant\u0131k%20hatas\u0131d\u0131r.%20Biz%20de%20ikinci%20aydan%20itibaren%20yang\u0131nlarla%20kar\u015f\u0131la\u015fmaya%20ba\u015flad\u0131k.%20\u00d6nlem%20olarak%20kullanmad\u0131\u011f\u0131m\u0131z%20alanlara%20azot%20verdik%20ve%20karbonmonoksiti%20d\u00fc\u015f\u00fcrd\u00fck.%20Ciner%20Grubu%20devrettikten%20sonra%20a\u00e7\u0131k%20madencilik%20olarak%20belirlenen%20alan%20da%20mevcut%20firmaya%20verildi.%20T\u00fcrkiye\u2019de%20metan%20drenaj\u0131n\u0131%20yapacak%20firma%20yok.%20Soma\u2019dan%20ayr\u0131lmam\u0131z\u0131n%20sebeplerinden%20biri%20de%20oydu.%20Soma%20projesinde%20bunlar%20d\u00fc\u015f\u00fcn\u00fclmedi.\u201d%20Bas\u0131n\u00e7l\u0131%20hava%20borular\u0131n\u0131n%20plastik%20oldu\u011funu%20savc\u0131n\u0131n%20dile%20getirdi\u011fini,%20yer%20alt\u0131ndaki%20bant%20kay\u0131\u015f\u0131n\u0131n%20150%20metre%20yand\u0131\u011f\u0131n\u0131n%20yine%20savc\u0131%20taraf\u0131ndan%20s\u00f6ylendi\u011fini%20an\u0131msatan%20\u015eenkal,%20\u201cBizde%20b\u00fct\u00fcn%20bantlar%20\u00fcst\u00fcne%20k\u0131zg\u0131n%20k\u00f6m\u00fcr%20d\u00fc\u015ft\u00fc\u011f\u00fcnde%20bile%20s\u00f6ner.%20Ekipmana%20standart%20gelmeli.\u201d%20dedi.%20%20%20%20%20%20Komisyon%20\u00fcyesi%20Bursa%20Milletvekili%20Necati%20\u00d6zensoy%20ve%20Manisa%20Milletvekili%20Erkan%20Ak\u00e7ay,%20Ciner%20Grubu\u2019nun%20madeni%20devrederken,%20riskleri%20bildirip%20bildirmedi\u011fini%20sordu.%20Ciner%20Grubu\u2019nun%20di\u011fer%20bir%20temsilcisi%20Yakup%20Kaygusuz,%20kendilerinin%20Silopi%20gibi%20b\u00fcy\u00fck%20sahalar\u0131%20ald\u0131\u011f\u0131%20bir%20d\u00f6nemde,%20mevcut%20firman\u0131n%20Soma\u2019daki%20madeni%20kendilerinden%20talep%20etti\u011fini,%20TK\u0130\u2019ye%20teklifi%20bildirdiklerini%20ve%20riskleri%20de%20bildirerek%20devri%20yapt\u0131klar\u0131n\u0131%20s\u00f6yledi.%20Kaygusuz,%20\u00fcretimin%20y\u0131ll\u0131k%201,5%20milyon%20tondan%203,5%20milyon%20tona%20\u00e7\u0131kar\u0131lmas\u0131%20durumunda%20ise%20risklerin%20artaca\u011f\u0131n\u0131,%20altyap\u0131n\u0131n%20buna%20g\u00f6re%20haz\u0131rlanmas\u0131%20gerekti\u011fini%20s\u00f6yledi.\" target=\"_blank\">TIKLAYINIZ&gt;&gt;&gt;<\/a><\/p>\n<p>Kaynak: Enerji Enstit\u00fcs\u00fc<\/p>","protected":false},"excerpt":{"rendered":"<p>Sorry, this entry is only available in Turkish. For the sake of viewer convenience, the content is shown below in the alternative language. You may click the link to switch the active language.Madenin \u00f6zelle\u015ftirilmesinden sonra ilk i\u015fletmecisi olan Ciner Grubu\u2019nun da madendeki riskleri \u00f6nceden g\u00f6rd\u00fc\u011f\u00fc i\u00e7in devretti\u011fi ortaya \u00e7\u0131kt\u0131. Devrederken de T\u00fcrkiye K\u00f6m\u00fcr \u0130\u015fletmeleri (TK\u0130) [&hellip;]<\/p>\n","protected":false},"author":1,"featured_media":29488,"comment_status":"open","ping_status":"open","sticky":false,"template":"","format":"standard","meta":[],"categories":[53],"tags":[3315,16758,15070,1718,2719],"views":838,"_links":{"self":[{"href":"https:\/\/www.enerjigazetesi.ist\/en\/wp-json\/wp\/v2\/posts\/29487"}],"collection":[{"href":"https:\/\/www.enerjigazetesi.ist\/en\/wp-json\/wp\/v2\/posts"}],"about":[{"href":"https:\/\/www.enerjigazetesi.ist\/en\/wp-json\/wp\/v2\/types\/post"}],"author":[{"embeddable":true,"href":"https:\/\/www.enerjigazetesi.ist\/en\/wp-json\/wp\/v2\/users\/1"}],"replies":[{"embeddable":true,"href":"https:\/\/www.enerjigazetesi.ist\/en\/wp-json\/wp\/v2\/comments?post=29487"}],"version-history":[{"count":1,"href":"https:\/\/www.enerjigazetesi.ist\/en\/wp-json\/wp\/v2\/posts\/29487\/revisions"}],"predecessor-version":[{"id":29489,"href":"https:\/\/www.enerjigazetesi.ist\/en\/wp-json\/wp\/v2\/posts\/29487\/revisions\/29489"}],"wp:featuredmedia":[{"embeddable":true,"href":"https:\/\/www.enerjigazetesi.ist\/en\/wp-json\/wp\/v2\/media\/29488"}],"wp:attachment":[{"href":"https:\/\/www.enerjigazetesi.ist\/en\/wp-json\/wp\/v2\/media?parent=29487"}],"wp:term":[{"taxonomy":"category","embeddable":true,"href":"https:\/\/www.enerjigazetesi.ist\/en\/wp-json\/wp\/v2\/categories?post=29487"},{"taxonomy":"post_tag","embeddable":true,"href":"https:\/\/www.enerjigazetesi.ist\/en\/wp-json\/wp\/v2\/tags?post=29487"}],"curies":[{"name":"wp","href":"https:\/\/api.w.org\/{rel}","templated":true}]}}