{"id":2947,"date":"2012-10-22T16:23:05","date_gmt":"2012-10-22T13:23:05","guid":{"rendered":"https:\/\/www.enerjigazetesi.ist\/?p=2947"},"modified":"2012-10-22T16:26:16","modified_gmt":"2012-10-22T13:26:16","slug":"hava-ve-sudan-petrol","status":"publish","type":"post","link":"https:\/\/www.enerjigazetesi.ist\/en\/hava-ve-sudan-petrol\/","title":{"rendered":"(Turkish) Hava ve Sudan Petrol \u00dcretildi"},"content":{"rendered":"<p class=\"qtranxs-available-languages-message qtranxs-available-languages-message-en\">Sorry, this entry is only available in <a href=\"https:\/\/www.enerjigazetesi.ist\/tr\/wp-json\/wp\/v2\/posts\/2947\" class=\"qtranxs-available-language-link qtranxs-available-language-link-tr\" title=\"Turkish\">Turkish<\/a>. For the sake of viewer convenience, the content is shown below in the alternative language. You may click the link to switch the active language.<\/p><p><strong>Bir \u0130ngiliz firmas\u0131, hava ve sudan petrol \u00fcretmeyi sa\u011flayacak bir y\u00f6ntem geli\u015ftirdiklerini a\u00e7\u0131klad\u0131. Firma, 5 litre sentetik petrol \u00fcretmeyi ba\u015fard\u0131.<\/strong><\/p>\n<div>\n<p><img loading=\"lazy\" class=\"alignleft size-medium wp-image-2948\" title=\"su-ve-hava-dan-petrol\" src=\"https:\/\/www.enerjigazetesi.ist\/wp-content\/uploads\/2012\/10\/su-ve-hava-dan-petrol-300x193.jpg\" alt=\"\" width=\"300\" height=\"193\" srcset=\"https:\/\/www.enerjigazetesi.ist\/wp-content\/uploads\/2012\/10\/su-ve-hava-dan-petrol-300x193.jpg 300w, https:\/\/www.enerjigazetesi.ist\/wp-content\/uploads\/2012\/10\/su-ve-hava-dan-petrol-500x321.jpg 500w, https:\/\/www.enerjigazetesi.ist\/wp-content\/uploads\/2012\/10\/su-ve-hava-dan-petrol-77x50.jpg 77w, https:\/\/www.enerjigazetesi.ist\/wp-content\/uploads\/2012\/10\/su-ve-hava-dan-petrol.jpg 612w\" sizes=\"(max-width: 300px) 100vw, 300px\" \/>\u0130ngiltere&#8217;nin kuzeyindeki Air Fuel Synthesis (AFS) adl\u0131 firma, enerji sekt\u00f6r\u00fcnde \u00e7\u0131\u011f\u0131r a\u00e7acak bir y\u00f6ntem geli\u015ftirdiklerini duyurdu. Su ve havadan petrol \u00fcretmeyi ba\u015fard\u0131klar\u0131n\u0131 bildiren firma, \u00fc\u00e7 ay i\u00e7erisinde 5 litre petrol \u00fcretti.<\/p>\n<p>Teknik, havadan karbondioksitin ve sudan hidrojenin ayr\u0131\u015ft\u0131r\u0131larak bunlar\u0131n metil alkol yapmak i\u00e7in reakt\u00f6rde bir \u00e7\u00f6z\u00fcc\u00fcyle kar\u0131\u015ft\u0131r\u0131lmas\u0131n\u0131 i\u00e7eriyor. Metil alkol daha sonra petrole d\u00f6n\u00fc\u015ft\u00fcr\u00fcl\u00fcyor.<\/p>\n<p>AFS firmas\u0131n\u0131n CEO&#8217;su Peter Harrison, sentetik oldu\u011fu i\u00e7in \u00fcretilen petrol\u00fcn daha temiz oldu\u011funu kaydetti.<\/p>\n<div>\u00a0<\/div>\n<div><strong>Sentetik petrol\u00fcn daha temiz oldu\u011fu belirtiliyor<\/strong><\/div>\n<p>\u0130ki y\u0131ll\u0131k bir projenin par\u00e7as\u0131 olan \u00e7al\u0131\u015fman\u0131n \u015fu ana dek 1.6 milyon dolara mal oldu\u011fu bildirildi. Ancak \u00fcretilen petrol\u00fcn hemen piyasaya sunulmas\u0131 beklenmiyor.<\/p>\n<p>Kaynak: <a href=\"http:\/\/www.dw.de\/hava-ve-sudan-petrol\/a-16321064\" target=\"_blank\">Dw.De<\/a><\/p>\n<\/div>\n<p><\/p>","protected":false},"excerpt":{"rendered":"<p>Sorry, this entry is only available in Turkish. For the sake of viewer convenience, the content is shown below in the alternative language. You may click the link to switch the active language.Bir \u0130ngiliz firmas\u0131, hava ve sudan petrol \u00fcretmeyi sa\u011flayacak bir y\u00f6ntem geli\u015ftirdiklerini a\u00e7\u0131klad\u0131. Firma, 5 litre sentetik petrol \u00fcretmeyi ba\u015fard\u0131. \u0130ngiltere&#8217;nin kuzeyindeki Air [&hellip;]<\/p>\n","protected":false},"author":1,"featured_media":2948,"comment_status":"open","ping_status":"open","sticky":false,"template":"","format":"standard","meta":[],"categories":[53,44],"tags":[67,836,59,79,837,838],"views":674,"_links":{"self":[{"href":"https:\/\/www.enerjigazetesi.ist\/en\/wp-json\/wp\/v2\/posts\/2947"}],"collection":[{"href":"https:\/\/www.enerjigazetesi.ist\/en\/wp-json\/wp\/v2\/posts"}],"about":[{"href":"https:\/\/www.enerjigazetesi.ist\/en\/wp-json\/wp\/v2\/types\/post"}],"author":[{"embeddable":true,"href":"https:\/\/www.enerjigazetesi.ist\/en\/wp-json\/wp\/v2\/users\/1"}],"replies":[{"embeddable":true,"href":"https:\/\/www.enerjigazetesi.ist\/en\/wp-json\/wp\/v2\/comments?post=2947"}],"version-history":[{"count":4,"href":"https:\/\/www.enerjigazetesi.ist\/en\/wp-json\/wp\/v2\/posts\/2947\/revisions"}],"predecessor-version":[{"id":2950,"href":"https:\/\/www.enerjigazetesi.ist\/en\/wp-json\/wp\/v2\/posts\/2947\/revisions\/2950"}],"wp:featuredmedia":[{"embeddable":true,"href":"https:\/\/www.enerjigazetesi.ist\/en\/wp-json\/wp\/v2\/media\/2948"}],"wp:attachment":[{"href":"https:\/\/www.enerjigazetesi.ist\/en\/wp-json\/wp\/v2\/media?parent=2947"}],"wp:term":[{"taxonomy":"category","embeddable":true,"href":"https:\/\/www.enerjigazetesi.ist\/en\/wp-json\/wp\/v2\/categories?post=2947"},{"taxonomy":"post_tag","embeddable":true,"href":"https:\/\/www.enerjigazetesi.ist\/en\/wp-json\/wp\/v2\/tags?post=2947"}],"curies":[{"name":"wp","href":"https:\/\/api.w.org\/{rel}","templated":true}]}}