{"id":29444,"date":"2014-07-17T09:03:55","date_gmt":"2014-07-17T06:03:55","guid":{"rendered":"https:\/\/www.enerjigazetesi.ist\/?p=29444"},"modified":"2014-07-17T09:03:55","modified_gmt":"2014-07-17T06:03:55","slug":"japonyada-iki-nukleer-reaktorun-yeniden-calistirilmasi-onaylandi","status":"publish","type":"post","link":"https:\/\/www.enerjigazetesi.ist\/en\/japonyada-iki-nukleer-reaktorun-yeniden-calistirilmasi-onaylandi\/","title":{"rendered":"(Turkish) Japonya\u2019da \u0130ki N\u00fckleer Reakt\u00f6r\u00fcn Yeniden \u00c7al\u0131\u015ft\u0131r\u0131lmas\u0131 Onayland\u0131&#8230;"},"content":{"rendered":"<p class=\"qtranxs-available-languages-message qtranxs-available-languages-message-en\">Sorry, this entry is only available in <a href=\"https:\/\/www.enerjigazetesi.ist\/tr\/wp-json\/wp\/v2\/posts\/29444\" class=\"qtranxs-available-language-link qtranxs-available-language-link-tr\" title=\"Turkish\">Turkish<\/a>. For the sake of viewer convenience, the content is shown below in the alternative language. You may click the link to switch the active language.<\/p><p><strong>Japonya\u2019da Fuku\u015fima felaketinin ard\u0131ndan ilk kez bir santral, \u00f6n g\u00fcvenlik onay\u0131 alarak yeniden a\u00e7\u0131lma yolunda b\u00fcy\u00fck bir ad\u0131m att\u0131. Sendai N\u00fckleer Santrali, felaketin ard\u0131ndan olduk\u00e7a y\u00fckseltilen yeni g\u00fcvenlik standartlar\u0131n\u0131 sa\u011flad\u0131\u011f\u0131 onay\u0131n\u0131 alan ilk santral oldu.<a href=\"https:\/\/www.enerjigazetesi.ist\/wp-content\/uploads\/2014\/07\/sendai-n\u00fckleer-santrali.jpg\"><img loading=\"lazy\" class=\"alignright size-medium wp-image-29446\" src=\"https:\/\/www.enerjigazetesi.ist\/wp-content\/uploads\/2014\/07\/sendai-n\u00fckleer-santrali-300x218.jpg\" alt=\"sendai-n\u00fckleer-santrali\" width=\"300\" height=\"218\" srcset=\"https:\/\/www.enerjigazetesi.ist\/wp-content\/uploads\/2014\/07\/sendai-n\u00fckleer-santrali-300x218.jpg 300w, https:\/\/www.enerjigazetesi.ist\/wp-content\/uploads\/2014\/07\/sendai-n\u00fckleer-santrali-500x364.jpg 500w, https:\/\/www.enerjigazetesi.ist\/wp-content\/uploads\/2014\/07\/sendai-n\u00fckleer-santrali-68x50.jpg 68w, https:\/\/www.enerjigazetesi.ist\/wp-content\/uploads\/2014\/07\/sendai-n\u00fckleer-santrali.jpg 765w\" sizes=\"(max-width: 300px) 100vw, 300px\" \/><\/a><\/strong><\/p>\n<p>Fuku\u015fima felaketinin ard\u0131ndan \u00fclkedeki t\u00fcm n\u00fckleer reakt\u00f6rler faaliyet d\u0131\u015f\u0131 b\u0131rak\u0131lm\u0131\u015ft\u0131. Bu onayla Japonya, yeniden n\u00fckleer enerjiye d\u00f6nmeye ye\u015fil \u0131\u015f\u0131k yakm\u0131\u015f oldu.<\/p>\n<p>Bu \u00f6n onay\u0131n ard\u0131ndan santralin yeniden a\u00e7\u0131lmas\u0131 i\u00e7in bir\u00e7ok testten daha ge\u00e7mesi gerekse de kimi Japonlar, do\u011fal felaketlere \u00e7ok a\u00e7\u0131k olan \u00fclkelerinde yeniden risk al\u0131nmas\u0131n\u0131 istemiyor.<\/p>\n<p>H\u00fck\u00fcmet S\u00f6zc\u00fcs\u00fc Yoshihide Suga ise halk\u0131n endi\u015felerini gidereceklerine inan\u0131yor:<\/p>\n<p>\u201cBen umuyorum ki yetkililer insanlar\u0131n endi\u015felerini gidermek i\u00e7in onlar\u0131n onay\u0131n\u0131 kazanacak bir g\u00fcvenlik denetim raporu yay\u0131nlayacaklard\u0131r.\u201d<\/p>\n<p>H\u00fck\u00fcmet ise enerji olarak pahal\u0131 fosil yak\u0131tlar\u0131n ihra\u00e7 etmekten ziyade, yeniden \u00fclkelerindeki 48 n\u00fckleer reakt\u00f6r\u00fc faaliyete ge\u00e7irmek istiyor.<\/p>\n<p>Fuku\u015fima Santrali\u2019ndeki n\u00fckleer s\u0131z\u0131nt\u0131y\u0131 \u00f6nlemek i\u00e7in ise yetkililer \u00e7al\u0131\u015fmalara devam ediyor. Son olarak radyoaktif sular\u0131n s\u0131z\u0131nt\u0131s\u0131n\u0131 \u00f6nlemek i\u00e7in yetkililer yer alt\u0131nda buzdan bir duvar olu\u015fturmaya \u00e7al\u0131\u015f\u0131yor.<\/p>\n<p>2011\u2019deki deprem ve tsunaminin sebep oldu\u011fu Fuku\u015fima Santrali\u2019ndeki n\u00fckleer felaket, \u00c7ernobil\u2019den bu yanaki en b\u00fcy\u00fck \u00e7apl\u0131 felaket olmu\u015ftu.<\/p>\n<p>Kaynak: <a href=\"http:\/\/tr.euronews.com\/2014\/07\/16\/japonya-da-nukleere-yeniden-yesil-isik\/\" target=\"_blank\" rel=\"nofollow\">euronews<\/a><\/p>","protected":false},"excerpt":{"rendered":"<p>Sorry, this entry is only available in Turkish. For the sake of viewer convenience, the content is shown below in the alternative language. You may click the link to switch the active language.Japonya\u2019da Fuku\u015fima felaketinin ard\u0131ndan ilk kez bir santral, \u00f6n g\u00fcvenlik onay\u0131 alarak yeniden a\u00e7\u0131lma yolunda b\u00fcy\u00fck bir ad\u0131m att\u0131. Sendai N\u00fckleer Santrali, felaketin [&hellip;]<\/p>\n","protected":false},"author":1,"featured_media":29446,"comment_status":"open","ping_status":"open","sticky":false,"template":"","format":"standard","meta":[],"categories":[53,43],"tags":[9893,1800,9248,16012,3020,8924,16725,16726],"views":744,"_links":{"self":[{"href":"https:\/\/www.enerjigazetesi.ist\/en\/wp-json\/wp\/v2\/posts\/29444"}],"collection":[{"href":"https:\/\/www.enerjigazetesi.ist\/en\/wp-json\/wp\/v2\/posts"}],"about":[{"href":"https:\/\/www.enerjigazetesi.ist\/en\/wp-json\/wp\/v2\/types\/post"}],"author":[{"embeddable":true,"href":"https:\/\/www.enerjigazetesi.ist\/en\/wp-json\/wp\/v2\/users\/1"}],"replies":[{"embeddable":true,"href":"https:\/\/www.enerjigazetesi.ist\/en\/wp-json\/wp\/v2\/comments?post=29444"}],"version-history":[{"count":1,"href":"https:\/\/www.enerjigazetesi.ist\/en\/wp-json\/wp\/v2\/posts\/29444\/revisions"}],"predecessor-version":[{"id":29447,"href":"https:\/\/www.enerjigazetesi.ist\/en\/wp-json\/wp\/v2\/posts\/29444\/revisions\/29447"}],"wp:featuredmedia":[{"embeddable":true,"href":"https:\/\/www.enerjigazetesi.ist\/en\/wp-json\/wp\/v2\/media\/29446"}],"wp:attachment":[{"href":"https:\/\/www.enerjigazetesi.ist\/en\/wp-json\/wp\/v2\/media?parent=29444"}],"wp:term":[{"taxonomy":"category","embeddable":true,"href":"https:\/\/www.enerjigazetesi.ist\/en\/wp-json\/wp\/v2\/categories?post=29444"},{"taxonomy":"post_tag","embeddable":true,"href":"https:\/\/www.enerjigazetesi.ist\/en\/wp-json\/wp\/v2\/tags?post=29444"}],"curies":[{"name":"wp","href":"https:\/\/api.w.org\/{rel}","templated":true}]}}