{"id":29431,"date":"2014-07-16T13:34:00","date_gmt":"2014-07-16T10:34:00","guid":{"rendered":"https:\/\/www.enerjigazetesi.ist\/?p=29431"},"modified":"2014-07-16T13:34:00","modified_gmt":"2014-07-16T10:34:00","slug":"karadenizde-yeni-petrol-rezervi-kesfedildi","status":"publish","type":"post","link":"https:\/\/www.enerjigazetesi.ist\/en\/karadenizde-yeni-petrol-rezervi-kesfedildi\/","title":{"rendered":"(Turkish) Karadeniz\u2019de Yeni Petrol Rezervi Ke\u015ffedildi!"},"content":{"rendered":"<p class=\"qtranxs-available-languages-message qtranxs-available-languages-message-en\">Sorry, this entry is only available in <a href=\"https:\/\/www.enerjigazetesi.ist\/tr\/wp-json\/wp\/v2\/posts\/29431\" class=\"qtranxs-available-language-link qtranxs-available-language-link-tr\" title=\"Turkish\">Turkish<\/a>. For the sake of viewer convenience, the content is shown below in the alternative language. You may click the link to switch the active language.<\/p><p><strong>Romanya OMV Petrom \u015firketi, Karadeniz\u2019de yap\u0131lan petrol arama faaliyetleri s\u0131ras\u0131nda yeni bir petrol rezervine ula\u015f\u0131ld\u0131\u011f\u0131n\u0131 a\u00e7\u0131klad\u0131.<a href=\"https:\/\/www.enerjigazetesi.ist\/wp-content\/uploads\/2014\/07\/karadeniz-petrol-platform.jpg\"><img loading=\"lazy\" class=\"alignright size-medium wp-image-29432\" src=\"https:\/\/www.enerjigazetesi.ist\/wp-content\/uploads\/2014\/07\/karadeniz-petrol-platform-300x200.jpg\" alt=\"karadeniz-petrol-platform\" width=\"300\" height=\"200\" srcset=\"https:\/\/www.enerjigazetesi.ist\/wp-content\/uploads\/2014\/07\/karadeniz-petrol-platform-300x200.jpg 300w, https:\/\/www.enerjigazetesi.ist\/wp-content\/uploads\/2014\/07\/karadeniz-petrol-platform-500x333.jpg 500w, https:\/\/www.enerjigazetesi.ist\/wp-content\/uploads\/2014\/07\/karadeniz-petrol-platform-75x50.jpg 75w, https:\/\/www.enerjigazetesi.ist\/wp-content\/uploads\/2014\/07\/karadeniz-petrol-platform.jpg 870w\" sizes=\"(max-width: 300px) 100vw, 300px\" \/><\/a><\/strong><span id=\"more-66298\"><\/span><\/p>\n<p>Mediafax haber ajans\u0131na g\u00f6re Romanya Karadeniz k\u0131y\u0131s\u0131ndan 60 km uzakl\u0131kta olan yeni rezerv, deniz taban\u0131ndan 2,1 km derinlikte bulundu. OMV \u015firketi yapt\u0131\u011f\u0131 a\u00e7\u0131lamada, b\u00f6lgede bundan ba\u015fka yeni rezervlerin olabilece\u011fini ve \u015firketin Romanya\u2019daki petrol \u00fcretiminin y\u00fczde 18\u2032lik k\u0131sm\u0131n\u0131 denizden elde etti\u011fini belirtti. \u015eirket ayr\u0131ca yeni rezervin 3-4 y\u0131l i\u00e7erisinde faaliyete ge\u00e7mesini beklediklerini ve maliyetinin y\u00fcz milyon Euro olaca\u011f\u0131 kaydetti.<\/p>\n<p>OMV Petrom \u015firketi 2013 y\u0131l i\u00e7inde, Romanya\u2019da ortalama g\u00fcnl\u00fck 78 bin 400 varil ham petrol \u00e7\u0131kartt\u0131.Yeni petrol kuyusunun g\u00fcnl\u00fck 1500-2000 varillik \u00fcretim potansiyelinin oldu\u011fu tahmin ediliyor.<\/p>\n<p>Kaynak: Enerji Enstit\u00fcs\u00fc<\/p>","protected":false},"excerpt":{"rendered":"<p>Sorry, this entry is only available in Turkish. For the sake of viewer convenience, the content is shown below in the alternative language. You may click the link to switch the active language.Romanya OMV Petrom \u015firketi, Karadeniz\u2019de yap\u0131lan petrol arama faaliyetleri s\u0131ras\u0131nda yeni bir petrol rezervine ula\u015f\u0131ld\u0131\u011f\u0131n\u0131 a\u00e7\u0131klad\u0131. Mediafax haber ajans\u0131na g\u00f6re Romanya Karadeniz k\u0131y\u0131s\u0131ndan [&hellip;]<\/p>\n","protected":false},"author":1,"featured_media":29432,"comment_status":"open","ping_status":"open","sticky":false,"template":"","format":"standard","meta":[],"categories":[53,44],"tags":[2007,4051,16716,16717,16718,16719],"views":866,"_links":{"self":[{"href":"https:\/\/www.enerjigazetesi.ist\/en\/wp-json\/wp\/v2\/posts\/29431"}],"collection":[{"href":"https:\/\/www.enerjigazetesi.ist\/en\/wp-json\/wp\/v2\/posts"}],"about":[{"href":"https:\/\/www.enerjigazetesi.ist\/en\/wp-json\/wp\/v2\/types\/post"}],"author":[{"embeddable":true,"href":"https:\/\/www.enerjigazetesi.ist\/en\/wp-json\/wp\/v2\/users\/1"}],"replies":[{"embeddable":true,"href":"https:\/\/www.enerjigazetesi.ist\/en\/wp-json\/wp\/v2\/comments?post=29431"}],"version-history":[{"count":1,"href":"https:\/\/www.enerjigazetesi.ist\/en\/wp-json\/wp\/v2\/posts\/29431\/revisions"}],"predecessor-version":[{"id":29433,"href":"https:\/\/www.enerjigazetesi.ist\/en\/wp-json\/wp\/v2\/posts\/29431\/revisions\/29433"}],"wp:featuredmedia":[{"embeddable":true,"href":"https:\/\/www.enerjigazetesi.ist\/en\/wp-json\/wp\/v2\/media\/29432"}],"wp:attachment":[{"href":"https:\/\/www.enerjigazetesi.ist\/en\/wp-json\/wp\/v2\/media?parent=29431"}],"wp:term":[{"taxonomy":"category","embeddable":true,"href":"https:\/\/www.enerjigazetesi.ist\/en\/wp-json\/wp\/v2\/categories?post=29431"},{"taxonomy":"post_tag","embeddable":true,"href":"https:\/\/www.enerjigazetesi.ist\/en\/wp-json\/wp\/v2\/tags?post=29431"}],"curies":[{"name":"wp","href":"https:\/\/api.w.org\/{rel}","templated":true}]}}