{"id":29410,"date":"2014-07-16T09:47:03","date_gmt":"2014-07-16T06:47:03","guid":{"rendered":"https:\/\/www.enerjigazetesi.ist\/?p=29410"},"modified":"2014-07-16T09:47:03","modified_gmt":"2014-07-16T06:47:03","slug":"enerji-bakanligi-zeytinlik-yasasi-degismezse-nukleer-santral-yapamayiz","status":"publish","type":"post","link":"https:\/\/www.enerjigazetesi.ist\/en\/enerji-bakanligi-zeytinlik-yasasi-degismezse-nukleer-santral-yapamayiz\/","title":{"rendered":"(Turkish) Enerji Bakanl\u0131\u011f\u0131: \u2018Zeytinlik Yasas\u0131 De\u011fi\u015fmezse, N\u00fckleer Santral Yapamay\u0131z\u2019"},"content":{"rendered":"<p class=\"qtranxs-available-languages-message qtranxs-available-languages-message-en\">Sorry, this entry is only available in <a href=\"https:\/\/www.enerjigazetesi.ist\/tr\/wp-json\/wp\/v2\/posts\/29410\" class=\"qtranxs-available-language-link qtranxs-available-language-link-tr\" title=\"Turkish\">Turkish<\/a>. For the sake of viewer convenience, the content is shown below in the alternative language. You may click the link to switch the active language.<\/p><p><strong>Zeytinlikleri koruma yasas\u0131nda yap\u0131lmak istenen de\u011fi\u015fikli\u011fe Enerji Bakanl\u0131\u011f\u0131\u2019ndan savunma geldi: \u201cAkkuyu\u2019nun \u00e7evresi zeytinliklerle \u00e7evrili. De\u011fi\u015fiklik yap\u0131lmazsa, santral\u0131 yapamay\u0131z.\u201d Zeytinlik Yasas\u0131, Soma\u2019da yap\u0131lmak istenen ikinci termik santral\u0131n da \u00f6n\u00fcndeki \u2018tek engel\u2019.<\/strong><span id=\"more-66289\"><\/span><\/p>\n<p>Zeytinlikleri koruma alan\u0131ndan \u00e7\u0131kar\u0131p madencilik ve enerji yat\u0131r\u0131mlar\u0131na a\u00e7acak kanun tasar\u0131s\u0131na kar\u015f\u0131 a\u00e7\u0131lan <a href=\"https:\/\/www.enerjigazetesi.ist\/wp-content\/uploads\/2014\/07\/zeytinlik.jpg\"><img loading=\"lazy\" class=\"alignright size-medium wp-image-29411\" src=\"https:\/\/www.enerjigazetesi.ist\/wp-content\/uploads\/2014\/07\/zeytinlik-300x151.jpg\" alt=\"zeytinlik\" width=\"300\" height=\"151\" srcset=\"https:\/\/www.enerjigazetesi.ist\/wp-content\/uploads\/2014\/07\/zeytinlik-300x151.jpg 300w, https:\/\/www.enerjigazetesi.ist\/wp-content\/uploads\/2014\/07\/zeytinlik-500x252.jpg 500w, https:\/\/www.enerjigazetesi.ist\/wp-content\/uploads\/2014\/07\/zeytinlik-80x40.jpg 80w, https:\/\/www.enerjigazetesi.ist\/wp-content\/uploads\/2014\/07\/zeytinlik.jpg 870w\" sizes=\"(max-width: 300px) 100vw, 300px\" \/><\/a>kampanyada toplanan imzalar 70 bine yakla\u015ft\u0131. Zeytinlikleri maden ve enerji yat\u0131r\u0131mlar\u0131na a\u00e7an, halen var olan zeytinliklerin yakla\u015f\u0131k y\u00fczde 60\u2019\u0131n\u0131 zeytinlik olmaktan \u00e7\u0131karan de\u011fi\u015fiklik \u00f6nerisi TBMM \u2019de komisyon g\u00f6r\u00fc\u015fmesi a\u015famas\u0131nda.<\/p>\n<p>Bianet\u2019ten Nilay Vardar\u2019\u0131n haberine g\u00f6re 8 Temmuz\u2019da yap\u0131lan Tar\u0131m Orman ve K\u00f6yi\u015fleri Komisyonu\u2019nda AKP Bal\u0131kesir milletvekili Cemal \u00d6ztaylan dahil muhalefet milletvekilleri ve zeytin \u00fcreticileri yasan\u0131n zeytini bitirece\u011fini s\u00f6yledi. Yasay\u0131 Enerji ve Tabii Kaynaklar Bakanl\u0131\u011f\u0131, G\u0131da Tar\u0131m ve Hayvanc\u0131l\u0131k Bakanl\u0131\u011f\u0131 ile TOBB T\u00fcrkiye Madencilik Meclisi Ba\u015fkan\u0131 \u0130smet Kasapo\u011flu destekledi\u011fi belirtildi.<\/p>\n<p>Komisyon toplant\u0131s\u0131nda konu\u015fma yapan Enerji ve Tabii Kaynaklar Bakanl\u0131\u011f\u0131 M\u00fcste\u015far Yard\u0131mc\u0131s\u0131 \u0130lker Sert ise yasan\u0131n Mersin Akkuyu\u2019daki n\u00fckleer enerji santral\u0131 i\u00e7in gerekli oldu\u011funu belirtti. Sert, \u201cBu sahan\u0131n 3 kilometre \u00e7evresinde farkl\u0131 noktalarda birisi yakla\u015f\u0131k 23 hektarl\u0131k, birisi 2.7 hektarl\u0131k olmak \u00fczere, biri de 10 hektarl\u0131k alana da\u011f\u0131lm\u0131\u015f vaziyette zeytinlikler olarak \u00f6zel \u015fah\u0131slara ait zeytinlikler var ve bizim 2016\u2019da plan\u0131m\u0131z buras\u0131 i\u00e7in in\u015faat ruhsat\u0131n\u0131n al\u0131nmas\u0131. E\u011fer bu kanun bu \u015fekilde kal\u0131rsa in\u015faat ruhsat\u0131n\u0131n al\u0131nmas\u0131 ciddi anlamda tehlikeye girecek, yani o zeytinliklerden dolay\u0131 20 milyar dolarl\u0131k bir n\u00fckleer enerji santralinin in\u015faat ruhsat\u0131n\u0131n al\u0131namamas\u0131 gibi ciddi bir riskle kar\u015f\u0131la\u015faca\u011f\u0131z\u201d dedi.<\/p>\n<h3>Soma\u2019ya \u0130kinci Termik Santral:\u00a0Kolin \u0130\u00e7in Acele Kamula\u015ft\u0131rma<\/h3>\n<p>Haberde \u201cSert, ayr\u0131ca Soma\u2019da a\u00e7\u0131lmak istenen termik santrali de \u00f6rnek g\u00f6stererek \u00c7ED raporu olumlu karar\u0131 al\u0131nm\u0131\u015f olan bu santralin de Zeytincilik Kanunu\u2019ndaki h\u00fck\u00fcm nedeniyle yapamad\u0131klar\u0131n\u0131 s\u00f6yledi. Bu konuyla ilgili a\u00e7\u0131klama yapan Greenpeace, daha yasa \u00e7\u0131kmadan Soma\u2019daki bu zeytinliklerin Soma Kolin Termik Santrali\u2019nin yap\u0131m\u0131 i\u00e7in acele kamula\u015ft\u0131r\u0131ld\u0131\u011f\u0131n\u0131 belirtti\u201d denildi.<\/p>\n<p>Soma\u2019da 301 \u00f6l\u00fcml\u00fc maden kazas\u0131n\u0131n ard\u0131ndan k\u00f6m\u00fcr madenlerinin g\u00fcvenli\u011fi tart\u0131\u015fma konusu olurken, h\u00fck\u00fcmetin b\u00f6lgede maden sahalar\u0131n\u0131 daha da geni\u015fletme ve b\u00f6lgeye ikinci bir termik santral yapma haz\u0131rl\u0131klar\u0131 g\u00fcndeme gelmi\u015fti.<\/p>\n<p>Kaynak: <a href=\"http:\/\/www.radikal.com.tr\/cevre\/zeytinlik_yasasi_degismezse_nukleer_santral_yapamayiz-1201890\" target=\"_blank\" rel=\"nofollow\">radikal<\/a><\/p>","protected":false},"excerpt":{"rendered":"<p>Sorry, this entry is only available in Turkish. For the sake of viewer convenience, the content is shown below in the alternative language. You may click the link to switch the active language.Zeytinlikleri koruma yasas\u0131nda yap\u0131lmak istenen de\u011fi\u015fikli\u011fe Enerji Bakanl\u0131\u011f\u0131\u2019ndan savunma geldi: \u201cAkkuyu\u2019nun \u00e7evresi zeytinliklerle \u00e7evrili. De\u011fi\u015fiklik yap\u0131lmazsa, santral\u0131 yapamay\u0131z.\u201d Zeytinlik Yasas\u0131, Soma\u2019da yap\u0131lmak istenen [&hellip;]<\/p>\n","protected":false},"author":1,"featured_media":29411,"comment_status":"open","ping_status":"open","sticky":false,"template":"","format":"standard","meta":[],"categories":[53,43],"tags":[4917,3019,5465,963,16696,88,16697,2805,16698],"views":795,"_links":{"self":[{"href":"https:\/\/www.enerjigazetesi.ist\/en\/wp-json\/wp\/v2\/posts\/29410"}],"collection":[{"href":"https:\/\/www.enerjigazetesi.ist\/en\/wp-json\/wp\/v2\/posts"}],"about":[{"href":"https:\/\/www.enerjigazetesi.ist\/en\/wp-json\/wp\/v2\/types\/post"}],"author":[{"embeddable":true,"href":"https:\/\/www.enerjigazetesi.ist\/en\/wp-json\/wp\/v2\/users\/1"}],"replies":[{"embeddable":true,"href":"https:\/\/www.enerjigazetesi.ist\/en\/wp-json\/wp\/v2\/comments?post=29410"}],"version-history":[{"count":1,"href":"https:\/\/www.enerjigazetesi.ist\/en\/wp-json\/wp\/v2\/posts\/29410\/revisions"}],"predecessor-version":[{"id":29412,"href":"https:\/\/www.enerjigazetesi.ist\/en\/wp-json\/wp\/v2\/posts\/29410\/revisions\/29412"}],"wp:featuredmedia":[{"embeddable":true,"href":"https:\/\/www.enerjigazetesi.ist\/en\/wp-json\/wp\/v2\/media\/29411"}],"wp:attachment":[{"href":"https:\/\/www.enerjigazetesi.ist\/en\/wp-json\/wp\/v2\/media?parent=29410"}],"wp:term":[{"taxonomy":"category","embeddable":true,"href":"https:\/\/www.enerjigazetesi.ist\/en\/wp-json\/wp\/v2\/categories?post=29410"},{"taxonomy":"post_tag","embeddable":true,"href":"https:\/\/www.enerjigazetesi.ist\/en\/wp-json\/wp\/v2\/tags?post=29410"}],"curies":[{"name":"wp","href":"https:\/\/api.w.org\/{rel}","templated":true}]}}