{"id":2941,"date":"2012-10-22T15:58:05","date_gmt":"2012-10-22T12:58:05","guid":{"rendered":"https:\/\/www.enerjigazetesi.ist\/?p=2941"},"modified":"2012-10-22T16:17:21","modified_gmt":"2012-10-22T13:17:21","slug":"turkiyenin-cevre-notu-bbb","status":"publish","type":"post","link":"https:\/\/www.enerjigazetesi.ist\/en\/turkiyenin-cevre-notu-bbb\/","title":{"rendered":"(Turkish) T\u00fcrkiye\u2019nin \u00c7evre Notu: BBB-"},"content":{"rendered":"<p class=\"qtranxs-available-languages-message qtranxs-available-languages-message-en\">Sorry, this entry is only available in <a href=\"https:\/\/www.enerjigazetesi.ist\/tr\/wp-json\/wp\/v2\/posts\/2941\" class=\"qtranxs-available-language-link qtranxs-available-language-link-tr\" title=\"Turkish\">Turkish<\/a>. For the sake of viewer convenience, the content is shown below in the alternative language. You may click the link to switch the active language.<\/p><p><strong>Oxford \u00dcniversitesi\u2019nin eski \u00f6\u011fretim g\u00f6revlisi Matt Prescott, \u00fclkelerin \u00e7evre politikalar\u0131na g\u00f6re benzer bir notlamaya tabi tutulmas\u0131n\u0131 \u00f6neriyor.<\/strong><\/p>\n<p><img class=\"alignright size-full wp-image-2942\" title=\"dunya-cevre-notu-ve-turkiye\" src=\"https:\/\/www.enerjigazetesi.ist\/wp-content\/uploads\/2012\/10\/dunya-cevre-notu-ve-turkiye.bmp\" alt=\"\" \/>Prescott, Rio de Janeiro\u2019da d\u00fczenlenen Birle\u015fmi\u015f Milletler \u00e7evre zirvesi esnas\u0131nda, \u00c7evre Derecelendirme Kurulu\u015fu diye adland\u0131rd\u0131\u011f\u0131 \u00e7al\u0131\u015fmas\u0131n\u0131n ayr\u0131nt\u0131lar\u0131n\u0131 a\u00e7\u0131klad\u0131. Rapor, <strong>T\u00fcrkiye\u2019nin de<\/strong> dahil oldu\u011fu <strong>G20<\/strong> \u00fclkelerini kaps\u0131yor.<\/p>\n<p>\u00c7evre notu, ki\u015fi ba\u015f\u0131na d\u00fc\u015fen karbon emisyonu, koruma alt\u0131ndaki do\u011fal alanlar, kesilen ve dikilen a\u011fa\u00e7lar\u0131n birbirine oran\u0131, hava kirlili\u011fi ve t\u00fcr\u00fc t\u00fckenen canl\u0131lar\u0131n korunmas\u0131 gibi farkl\u0131 alanlarda \u00fclkelerin performans\u0131 de\u011ferlendirildikten sonra bir ortalama al\u0131narak hesaplan\u0131yor.<\/p>\n<p>Ye\u015filler hareketinin siyaset sahnesinde uzun y\u0131llara dayanan etkin bir tarihe sahip oldu\u011fu Almanya, G20 \u00fclkelerinin ba\u015f\u0131nda geliyor. <strong>A+<\/strong> notuna lay\u0131k g\u00f6r\u00fclen Almanya\u2019y\u0131, A notunu alan \u0130ngiltere, ve<strong> A-<\/strong> ile derecelendirilen Fransa izliyor.<\/p>\n<p>T\u00fcrkiye, listede 12\u2032inci s\u0131rada yer al\u0131yor; 11\u2032inci s\u0131radaki Meksika ile 13\u2032\u00fcnc\u00fc G\u00fcney Kore\u2019nin aras\u0131nda. Notu T\u00fcrkiye gibi BBB- olan di\u011fer \u00fclkeler G\u00fcney Kore, Endonezya, Rusya ve \u00c7in.<\/p>\n<p>ABD ve Kanada\u2019n\u0131n listede d\u00f6rd\u00fcnc\u00fc ve be\u015finci s\u0131ralara yerle\u015fmesi ise kimilerinin ele\u015ftirisini \u00e7ekti. Zira her iki \u00fclke de Birle\u015fmi\u015f Milletler iklim s\u00f6zle\u015fmesinde taahh\u00fct ettikleri hedefleri yerine getirmedi. Ancak ABD\u2019nin hava temizli\u011fi, koruma alt\u0131ndaki geni\u015f do\u011fal alanlar\u0131 ve verimlilik oran\u0131 y\u00fcksek enerji santralleri ile puan toplad\u0131\u011f\u0131 s\u00f6yleniyor.<\/p>\n<p>Kanada da santrallerinin verimlili\u011fi, s\u00fcrd\u00fcr\u00fclebilir temiz su kullan\u0131m\u0131 ve d\u00fc\u015f\u00fck seviyede yolsuzluk gibi alanlarda puan toplayarak listede gerilere d\u00fc\u015fmemi\u015f. G20 listesinin en d\u00fc\u015f\u00fck \u00e7evre notu ise, Suudi Arabistan\u2019\u0131n&#8230;<\/p>\n<p><strong>L\u00fctfen <a href=\"http:\/\/www.enve.com.tr\">Enerji Verimlili\u011fi<\/a>\u00a0ve Yenilenebilinir Enerji Kulllan\u0131m \u00a0Bilincini \u00dclke Olarak Geli\u015ftirelim&#8230;<\/strong><\/p>\n<p>Kaynak: <a href=\"http:\/\/www.yesilgazete.org\/blog\/2012\/06\/25\/turkiyenin-cevre-notu-bbb\/\" target=\"_blank\">Ye\u015filGazete<\/a><\/p>\n<p>&nbsp;<\/p>","protected":false},"excerpt":{"rendered":"<p>Sorry, this entry is only available in Turkish. For the sake of viewer convenience, the content is shown below in the alternative language. You may click the link to switch the active language.Oxford \u00dcniversitesi\u2019nin eski \u00f6\u011fretim g\u00f6revlisi Matt Prescott, \u00fclkelerin \u00e7evre politikalar\u0131na g\u00f6re benzer bir notlamaya tabi tutulmas\u0131n\u0131 \u00f6neriyor. Prescott, Rio de Janeiro\u2019da d\u00fczenlenen Birle\u015fmi\u015f [&hellip;]<\/p>\n","protected":false},"author":1,"featured_media":2942,"comment_status":"open","ping_status":"open","sticky":false,"template":"","format":"standard","meta":[],"categories":[53,52],"tags":[67,103,835],"views":802,"_links":{"self":[{"href":"https:\/\/www.enerjigazetesi.ist\/en\/wp-json\/wp\/v2\/posts\/2941"}],"collection":[{"href":"https:\/\/www.enerjigazetesi.ist\/en\/wp-json\/wp\/v2\/posts"}],"about":[{"href":"https:\/\/www.enerjigazetesi.ist\/en\/wp-json\/wp\/v2\/types\/post"}],"author":[{"embeddable":true,"href":"https:\/\/www.enerjigazetesi.ist\/en\/wp-json\/wp\/v2\/users\/1"}],"replies":[{"embeddable":true,"href":"https:\/\/www.enerjigazetesi.ist\/en\/wp-json\/wp\/v2\/comments?post=2941"}],"version-history":[{"count":4,"href":"https:\/\/www.enerjigazetesi.ist\/en\/wp-json\/wp\/v2\/posts\/2941\/revisions"}],"predecessor-version":[{"id":2944,"href":"https:\/\/www.enerjigazetesi.ist\/en\/wp-json\/wp\/v2\/posts\/2941\/revisions\/2944"}],"wp:featuredmedia":[{"embeddable":true,"href":"https:\/\/www.enerjigazetesi.ist\/en\/wp-json\/wp\/v2\/media\/2942"}],"wp:attachment":[{"href":"https:\/\/www.enerjigazetesi.ist\/en\/wp-json\/wp\/v2\/media?parent=2941"}],"wp:term":[{"taxonomy":"category","embeddable":true,"href":"https:\/\/www.enerjigazetesi.ist\/en\/wp-json\/wp\/v2\/categories?post=2941"},{"taxonomy":"post_tag","embeddable":true,"href":"https:\/\/www.enerjigazetesi.ist\/en\/wp-json\/wp\/v2\/tags?post=2941"}],"curies":[{"name":"wp","href":"https:\/\/api.w.org\/{rel}","templated":true}]}}