{"id":29407,"date":"2014-07-16T09:39:45","date_gmt":"2014-07-16T06:39:45","guid":{"rendered":"https:\/\/www.enerjigazetesi.ist\/?p=29407"},"modified":"2014-07-16T09:39:45","modified_gmt":"2014-07-16T06:39:45","slug":"iran-ile-nukleer-muzakerelerde-somut-ilerlemeler-var","status":"publish","type":"post","link":"https:\/\/www.enerjigazetesi.ist\/en\/iran-ile-nukleer-muzakerelerde-somut-ilerlemeler-var\/","title":{"rendered":"(Turkish) \u0130ran \u0130le N\u00fckleer M\u00fczakerelerde Somut \u0130lerlemeler Var&#8230;"},"content":{"rendered":"<p class=\"qtranxs-available-languages-message qtranxs-available-languages-message-en\">Sorry, this entry is only available in <a href=\"https:\/\/www.enerjigazetesi.ist\/tr\/wp-json\/wp\/v2\/posts\/29407\" class=\"qtranxs-available-language-link qtranxs-available-language-link-tr\" title=\"Turkish\">Turkish<\/a>. For the sake of viewer convenience, the content is shown below in the alternative language. You may click the link to switch the active language.<\/p><p><strong>\u0130ran ile P5+1 grubu aras\u0131nda Viyana\u2019da yap\u0131lan n\u00fckleer m\u00fczakerelerde somut ilerlemeler kaydedildi. Amerika Birle\u015fik Devletleri D\u0131\u015fi\u015fleri Bakan\u0131 John Kerry baz\u0131 konularda ise hala \u00e7ok ciddi farkl\u0131l\u0131klar bulundu\u011funu s\u00f6yledi.<a href=\"https:\/\/www.enerjigazetesi.ist\/wp-content\/uploads\/2014\/07\/iran-n\u00fckleer-m\u00fczakereler.jpg\"><img loading=\"lazy\" class=\"alignright size-medium wp-image-29408\" src=\"https:\/\/www.enerjigazetesi.ist\/wp-content\/uploads\/2014\/07\/iran-n\u00fckleer-m\u00fczakereler-300x204.jpg\" alt=\"AUSTRIA-US-IRAN-NUCLEAR-POLITICS-KERRY\" width=\"300\" height=\"204\" srcset=\"https:\/\/www.enerjigazetesi.ist\/wp-content\/uploads\/2014\/07\/iran-n\u00fckleer-m\u00fczakereler-300x204.jpg 300w, https:\/\/www.enerjigazetesi.ist\/wp-content\/uploads\/2014\/07\/iran-n\u00fckleer-m\u00fczakereler-500x340.jpg 500w, https:\/\/www.enerjigazetesi.ist\/wp-content\/uploads\/2014\/07\/iran-n\u00fckleer-m\u00fczakereler-73x50.jpg 73w, https:\/\/www.enerjigazetesi.ist\/wp-content\/uploads\/2014\/07\/iran-n\u00fckleer-m\u00fczakereler.jpg 870w\" sizes=\"(max-width: 300px) 100vw, 300px\" \/><\/a><\/strong><span id=\"more-66290\"><\/span><\/p>\n<p>\u0130ran D\u0131\u015fi\u015fleri Bakan\u0131 Muhammed Cevad Zarif, 20 Temmuz\u2019a kadar devam edecek m\u00fczakerelerden umutlu oldu\u011funu ifade etti: \u201cM\u00fczakereler ilgin\u00e7ti, bu kriz i\u00e7in bir \u00e7\u00f6z\u00fcm ve ortak bir yol bulunabilmesi i\u00e7in \u015fimdi as\u0131l Washington\u2019da siyasi ilerleme sa\u011flanmas\u0131na ihtiyac\u0131m\u0131z var.\u201d<\/p>\n<p>M\u00fczakerelerde taraflar aras\u0131nda \u00f6nemli anla\u015fmazl\u0131k konular\u0131n\u0131n ba\u015f\u0131nda uranyum zenginle\u015ftirme konusu geliyor. Tahran, uranyum zenginle\u015ftirmeyi geni\u015fletmek, Bat\u0131 ise azalt\u0131lmas\u0131n\u0131 istiyor.<\/p>\n<p>Taraflar aras\u0131ndaki di\u011fer anla\u015fmazl\u0131k konular\u0131n\u0131 da santrif\u00fcj say\u0131s\u0131, a\u011f\u0131r su reakt\u00f6r\u00fc in\u015faat\u0131, n\u00fckleer i\u015fbirli\u011fi ve yapt\u0131r\u0131mlar\u0131n kald\u0131r\u0131lmas\u0131 olu\u015fturuyor.<\/p>\n<p>Kerry, \u0130ran\u2019\u0131n n\u00fckleer program\u0131n\u0131n bar\u0131\u015f\u00e7\u0131l olmas\u0131n\u0131 ve n\u00fckleer silah \u00fcretmemesini ama\u00e7lad\u0131klar\u0131n\u0131 vurgulad\u0131: \u201cAna meselelerde somut ilerlemeler kaydedildi. Belirli konularda ilerleme sa\u011flad\u0131\u011f\u0131m\u0131z kapsaml\u0131 g\u00f6r\u00fc\u015fmeler yapt\u0131k. Ancak di\u011fer \u00f6nemli konularda hala \u00e7ok ciddi farkl\u0131l\u0131klar var. N\u00fckleer programlar\u0131nda bulunan 19 bin santrif\u00fcj\u00fcn \u00e7ok fazla oldu\u011funu a\u00e7\u0131k\u00e7a belirttik.\u201d<\/p>\n<p>\u0130ran ile 5+1 \u00fclkeleri aras\u0131nda 24 Kas\u0131m 2013\u2019te Cenevre\u2019de var\u0131lan ge\u00e7ici anla\u015fmaya g\u00f6re, 20 Temmuz 2014\u2019e kadar nihai anla\u015fma sa\u011flanamamas\u0131 durumunda m\u00fczakereler 6 ay daha uzat\u0131labilecek.<\/p>\n<p>Kaynak: <a href=\"http:\/\/tr.euronews.com\/2014\/07\/15\/iran-ile-nukleer-muzakerelerde-somut-ilerlemeler-var\/\" target=\"_blank\" rel=\"nofollow\">euronews<\/a><\/p>","protected":false},"excerpt":{"rendered":"<p>Sorry, this entry is only available in Turkish. For the sake of viewer convenience, the content is shown below in the alternative language. You may click the link to switch the active language.\u0130ran ile P5+1 grubu aras\u0131nda Viyana\u2019da yap\u0131lan n\u00fckleer m\u00fczakerelerde somut ilerlemeler kaydedildi. Amerika Birle\u015fik Devletleri D\u0131\u015fi\u015fleri Bakan\u0131 John Kerry baz\u0131 konularda ise hala [&hellip;]<\/p>\n","protected":false},"author":1,"featured_media":29408,"comment_status":"open","ping_status":"open","sticky":false,"template":"","format":"standard","meta":[],"categories":[53,43],"tags":[1198,10653,16692,3841,12213,16693,16694,16695,10000],"views":733,"_links":{"self":[{"href":"https:\/\/www.enerjigazetesi.ist\/en\/wp-json\/wp\/v2\/posts\/29407"}],"collection":[{"href":"https:\/\/www.enerjigazetesi.ist\/en\/wp-json\/wp\/v2\/posts"}],"about":[{"href":"https:\/\/www.enerjigazetesi.ist\/en\/wp-json\/wp\/v2\/types\/post"}],"author":[{"embeddable":true,"href":"https:\/\/www.enerjigazetesi.ist\/en\/wp-json\/wp\/v2\/users\/1"}],"replies":[{"embeddable":true,"href":"https:\/\/www.enerjigazetesi.ist\/en\/wp-json\/wp\/v2\/comments?post=29407"}],"version-history":[{"count":1,"href":"https:\/\/www.enerjigazetesi.ist\/en\/wp-json\/wp\/v2\/posts\/29407\/revisions"}],"predecessor-version":[{"id":29409,"href":"https:\/\/www.enerjigazetesi.ist\/en\/wp-json\/wp\/v2\/posts\/29407\/revisions\/29409"}],"wp:featuredmedia":[{"embeddable":true,"href":"https:\/\/www.enerjigazetesi.ist\/en\/wp-json\/wp\/v2\/media\/29408"}],"wp:attachment":[{"href":"https:\/\/www.enerjigazetesi.ist\/en\/wp-json\/wp\/v2\/media?parent=29407"}],"wp:term":[{"taxonomy":"category","embeddable":true,"href":"https:\/\/www.enerjigazetesi.ist\/en\/wp-json\/wp\/v2\/categories?post=29407"},{"taxonomy":"post_tag","embeddable":true,"href":"https:\/\/www.enerjigazetesi.ist\/en\/wp-json\/wp\/v2\/tags?post=29407"}],"curies":[{"name":"wp","href":"https:\/\/api.w.org\/{rel}","templated":true}]}}