{"id":29404,"date":"2014-07-16T09:02:00","date_gmt":"2014-07-16T06:02:00","guid":{"rendered":"https:\/\/www.enerjigazetesi.ist\/?p=29404"},"modified":"2014-07-16T09:02:00","modified_gmt":"2014-07-16T06:02:00","slug":"abd-ve-ermenistan-arasinda-hes-krizi","status":"publish","type":"post","link":"https:\/\/www.enerjigazetesi.ist\/en\/abd-ve-ermenistan-arasinda-hes-krizi\/","title":{"rendered":"(Turkish) ABD ve Ermenistan Aras\u0131nda HES Krizi!"},"content":{"rendered":"<p class=\"qtranxs-available-languages-message qtranxs-available-languages-message-en\">Sorry, this entry is only available in <a href=\"https:\/\/www.enerjigazetesi.ist\/tr\/wp-json\/wp\/v2\/posts\/29404\" class=\"qtranxs-available-language-link qtranxs-available-language-link-tr\" title=\"Turkish\">Turkish<\/a>. For the sake of viewer convenience, the content is shown below in the alternative language. You may click the link to switch the active language.<\/p><p><strong>Ermenistan\u2019\u0131n ABD\u2019li \u015firkete HES sat\u0131\u015f\u0131n\u0131 iptal etmek istemesi \u00fczerine ABD y\u00f6netimi uyar\u0131da bulundu.<\/strong><strong>ABD Ermenistan\u2019\u0131n Vorotan nehri \u00fczerinde bulunan hidroelektrik istasyonunu sat\u0131n almak i\u00e7in giri\u015fimlerini h\u0131zland\u0131rd\u0131. ABD\u2019nin b\u00f6lge b\u00fcy\u00fckel\u00e7isi, Ermenistan iktidar\u0131n\u0131 sert bir dille uyararak sat\u0131\u015f\u0131n ger\u00e7ekle\u015fmesini <a href=\"https:\/\/www.enerjigazetesi.ist\/wp-content\/uploads\/2014\/07\/ermenistan-baraj.jpg\"><img loading=\"lazy\" class=\"alignright size-medium wp-image-29405\" src=\"https:\/\/www.enerjigazetesi.ist\/wp-content\/uploads\/2014\/07\/ermenistan-baraj-300x199.jpg\" alt=\"ermenistan-baraj\" width=\"300\" height=\"199\" srcset=\"https:\/\/www.enerjigazetesi.ist\/wp-content\/uploads\/2014\/07\/ermenistan-baraj-300x199.jpg 300w, https:\/\/www.enerjigazetesi.ist\/wp-content\/uploads\/2014\/07\/ermenistan-baraj-500x332.jpg 500w, https:\/\/www.enerjigazetesi.ist\/wp-content\/uploads\/2014\/07\/ermenistan-baraj-75x50.jpg 75w, https:\/\/www.enerjigazetesi.ist\/wp-content\/uploads\/2014\/07\/ermenistan-baraj.jpg 870w\" sizes=\"(max-width: 300px) 100vw, 300px\" \/><\/a>talep etti.<\/strong><\/p>\n<p>Taraflar aras\u0131nda sat\u0131\u015f\u0131n ger\u00e7ekle\u015fmesine dair anla\u015fma 2013 y\u0131l\u0131n\u0131n sonlar\u0131nda imzaland\u0131. Anla\u015fmada Amerikal\u0131 Contour Global \u015firketinin 180 milyon dolar kar\u015f\u0131l\u0131\u011f\u0131nda \u201cVorotan HES\u201di sat\u0131n almas\u0131 kararla\u015ft\u0131r\u0131ld\u0131. Ancak iddiaya g\u00f6re ABD \u015firketi \u00f6nceden vadetti\u011fi y\u00fck\u00fcml\u00fcl\u00fckleri yerine getirmeyerek fiyatlar\u0131n y\u00fczde 10 oran\u0131nda artaca\u011f\u0131n\u0131 a\u00e7\u0131klad\u0131. Halk al\u0131nan karara tepki g\u00f6stermeye ba\u015flad\u0131. \u00d6n\u00fcm\u00fczdeki g\u00fcnlerde Ermenistan\u2019\u0131n anla\u015fma\u011f\u0131 iptal karar\u0131 alabilece\u011fi \u00f6ne s\u00fcr\u00fcl\u00fcyor.<\/p>\n<p>Rus gazetesi Pravda\u2019ya ya\u015fananlar\u0131 analiz eden YevrAzES Enstit\u00fcs\u00fc \u00f6\u011fretim g\u00f6revlisi gazeteci, analist Nadana Fridrihson \u015fu anki iktidar\u0131n \u00fclke ekonomisini d\u00fczeltmekten ziyade kendisini zengin etme\u011fi d\u00fc\u015f\u00fcnd\u00fc\u011f\u00fcn\u00fc vurgulad\u0131. Fridrihson\u2019a g\u00f6re Sarkisyan kendisine destek veren oligarklar\u0131n esiri oldu.<\/p>\n<p>B\u00f6lge analistleri i\u00e7erisinde sat\u0131\u015f\u0131n ger\u00e7ekle\u015fmesini destekleyenler de bulunuyor. Bunlar, ABD \u015firketine sat\u0131lmamas\u0131 durumunda Gazprom\u2019un istasyonu sat\u0131n alaca\u011f\u0131n\u0131 ve Amerikal\u0131lar\u0131n daha \u00f6nce hareket ederek \u00f6ne ge\u00e7ti\u011fini savunuyor. Gazprom\u2019un sat\u0131n almas\u0131 durumunda ise \u00f6demenin yap\u0131lmayaca\u011f\u0131, do\u011falgaz indirimlerinin kar\u015f\u0131l\u0131\u011f\u0131 olarak de\u011ferlendirilece\u011fi savunuldu.<\/p>\n<p>Kaynak: <a href=\"http:\/\/www.dunyabulteni.net\/haberler\/303890\/abd-ve-ermenistan-arasinda-hes-krizi\" target=\"_blank\" rel=\"nofollow\">D\u00fcnya B\u00fclteni<\/a><\/p>","protected":false},"excerpt":{"rendered":"<p>Sorry, this entry is only available in Turkish. For the sake of viewer convenience, the content is shown below in the alternative language. You may click the link to switch the active language.Ermenistan\u2019\u0131n ABD\u2019li \u015firkete HES sat\u0131\u015f\u0131n\u0131 iptal etmek istemesi \u00fczerine ABD y\u00f6netimi uyar\u0131da bulundu.ABD Ermenistan\u2019\u0131n Vorotan nehri \u00fczerinde bulunan hidroelektrik istasyonunu sat\u0131n almak i\u00e7in [&hellip;]<\/p>\n","protected":false},"author":1,"featured_media":29405,"comment_status":"open","ping_status":"open","sticky":false,"template":"","format":"standard","meta":[],"categories":[53,47],"tags":[1198,16687,3772,1277,16688,16689,16690,16691],"views":722,"_links":{"self":[{"href":"https:\/\/www.enerjigazetesi.ist\/en\/wp-json\/wp\/v2\/posts\/29404"}],"collection":[{"href":"https:\/\/www.enerjigazetesi.ist\/en\/wp-json\/wp\/v2\/posts"}],"about":[{"href":"https:\/\/www.enerjigazetesi.ist\/en\/wp-json\/wp\/v2\/types\/post"}],"author":[{"embeddable":true,"href":"https:\/\/www.enerjigazetesi.ist\/en\/wp-json\/wp\/v2\/users\/1"}],"replies":[{"embeddable":true,"href":"https:\/\/www.enerjigazetesi.ist\/en\/wp-json\/wp\/v2\/comments?post=29404"}],"version-history":[{"count":1,"href":"https:\/\/www.enerjigazetesi.ist\/en\/wp-json\/wp\/v2\/posts\/29404\/revisions"}],"predecessor-version":[{"id":29406,"href":"https:\/\/www.enerjigazetesi.ist\/en\/wp-json\/wp\/v2\/posts\/29404\/revisions\/29406"}],"wp:featuredmedia":[{"embeddable":true,"href":"https:\/\/www.enerjigazetesi.ist\/en\/wp-json\/wp\/v2\/media\/29405"}],"wp:attachment":[{"href":"https:\/\/www.enerjigazetesi.ist\/en\/wp-json\/wp\/v2\/media?parent=29404"}],"wp:term":[{"taxonomy":"category","embeddable":true,"href":"https:\/\/www.enerjigazetesi.ist\/en\/wp-json\/wp\/v2\/categories?post=29404"},{"taxonomy":"post_tag","embeddable":true,"href":"https:\/\/www.enerjigazetesi.ist\/en\/wp-json\/wp\/v2\/tags?post=29404"}],"curies":[{"name":"wp","href":"https:\/\/api.w.org\/{rel}","templated":true}]}}