{"id":29393,"date":"2014-07-15T15:07:01","date_gmt":"2014-07-15T12:07:01","guid":{"rendered":"https:\/\/www.enerjigazetesi.ist\/?p=29393"},"modified":"2014-07-15T15:42:57","modified_gmt":"2014-07-15T12:42:57","slug":"analiz-gelecek-yilin-suyu-da-tuketiliyor","status":"publish","type":"post","link":"https:\/\/www.enerjigazetesi.ist\/en\/analiz-gelecek-yilin-suyu-da-tuketiliyor\/","title":{"rendered":"(Turkish) Analiz: Gelecek Y\u0131l\u0131n Suyu Da T\u00fcketiliyor&#8230;"},"content":{"rendered":"<p class=\"qtranxs-available-languages-message qtranxs-available-languages-message-en\">Sorry, this entry is only available in <a href=\"https:\/\/www.enerjigazetesi.ist\/tr\/wp-json\/wp\/v2\/posts\/29393\" class=\"qtranxs-available-language-link qtranxs-available-language-link-tr\" title=\"Turkish\">Turkish<\/a>. For the sake of viewer convenience, the content is shown below in the alternative language. You may click the link to switch the active language.<\/p><p><strong>A\u015f\u0131r\u0131 s\u0131caklar elektrik t\u00fcketimine zirve yapt\u0131rd\u0131. Ge\u00e7en cuma 812,7 milyon kWh elektrik t\u00fcketimiyle cumhuriyet tarihinin rekoru k\u0131r\u0131ld\u0131. Talebin kar\u015f\u0131lanmas\u0131 i\u00e7in do\u011falgazla \u00e7al\u0131\u015fan santraller ve barajlara a\u011f\u0131rl\u0131k veriliyor.<span id=\"more-66282\"><\/span> Barajlarda gelecek y\u0131l\u0131n suyunun kullan\u0131ld\u0131\u011f\u0131n\u0131 belirten uzmanlar uyar\u0131yor: Elektrikte do\u011falgaz\u0131n pay\u0131 daha da artacak.<\/strong><\/p>\n<p>Havalar\u0131n \u0131s\u0131nmas\u0131yla birlikte artan klima kullan\u0131m\u0131, elektrik t\u00fcketiminde tarihi rekorlar k\u0131rd\u0131r\u0131yor. Cuma g\u00fcn\u00fc 812,7 milyon<a href=\"https:\/\/www.enerjigazetesi.ist\/wp-content\/uploads\/2014\/07\/atat\u00fcrk-baraj\u0131-3287237983.jpg\"><img loading=\"lazy\" class=\"alignright size-medium wp-image-29394\" src=\"https:\/\/www.enerjigazetesi.ist\/wp-content\/uploads\/2014\/07\/atat\u00fcrk-baraj\u0131-3287237983-300x199.jpg\" alt=\"atat\u00fcrk-baraj\u0131-3287237983\" width=\"300\" height=\"199\" srcset=\"https:\/\/www.enerjigazetesi.ist\/wp-content\/uploads\/2014\/07\/atat\u00fcrk-baraj\u0131-3287237983-300x199.jpg 300w, https:\/\/www.enerjigazetesi.ist\/wp-content\/uploads\/2014\/07\/atat\u00fcrk-baraj\u0131-3287237983-500x333.jpg 500w, https:\/\/www.enerjigazetesi.ist\/wp-content\/uploads\/2014\/07\/atat\u00fcrk-baraj\u0131-3287237983-75x50.jpg 75w, https:\/\/www.enerjigazetesi.ist\/wp-content\/uploads\/2014\/07\/atat\u00fcrk-baraj\u0131-3287237983.jpg 800w\" sizes=\"(max-width: 300px) 100vw, 300px\" \/><\/a> kilovatsaat (kWh) g\u00fcnl\u00fck t\u00fcketim ile yeni bir rekor k\u0131r\u0131ld\u0131. Enerji Y\u00f6netimi, talebi kar\u015f\u0131lamak i\u00e7in do\u011falgazla \u00e7al\u0131\u015fan santrallere a\u011f\u0131rl\u0131k verdi. Ayr\u0131ca barajlarda suyun azalmas\u0131na ra\u011fmen, t\u00fcketim patlamas\u0131n\u0131n ya\u015fand\u0131\u011f\u0131 cuma g\u00fcn\u00fc \u00fcretime dahil edildi. Enerji Y\u00f6netimi kaynaklar\u0131, talep art\u0131\u015f\u0131n\u0131 kar\u015f\u0131lamak i\u00e7in su dahil b\u00fct\u00fcn kaynaklar\u0131n de\u011ferlendirildi\u011fi bilgisini verdi. Ancak sekt\u00f6r uzmanlar\u0131 uyard\u0131: Barajlarda k\u0131\u015f\u0131n ve gelecek y\u0131l\u0131n suyu t\u00fcketiliyor. B\u00fcy\u00fck risk. Elektrikte do\u011falgaz\u0131n pay\u0131 daha da artacak.<\/p>\n<p>Elektrik \u00dcretim A\u015e (E\u00dcA\u015e) ve T\u00fcrkiye Elektrik \u0130letim A\u015e (TE\u0130A\u015e) verilerine g\u00f6re, 11 Temmuz g\u00fcn\u00fc elektrikte 812,7 milyon kWh t\u00fcketim ile yeni bir Cumhuriyet tarihi rekoru k\u0131r\u0131ld\u0131. Enerji Y\u00f6netimi, rekor talep art\u0131\u015f\u0131n\u0131 kar\u015f\u0131lamak i\u00e7in do\u011falgazla elektrik \u00fcreten santrallere a\u011f\u0131rl\u0131k verdi. Ayn\u0131 g\u00fcn \u00fcretilen elektri\u011fin y\u00fczde 48\u2019i gazla \u00e7al\u0131\u015fan santrallerden elde edildi. Ayr\u0131ca talebin kar\u015f\u0131lanmas\u0131 i\u00e7in barajl\u0131-barajs\u0131z santrallerde \u00e7al\u0131\u015ft\u0131r\u0131larak \u00fcretimin y\u00fczde 19\u2019u kar\u015f\u0131land\u0131. Geri kalan ihtiya\u00e7 ise k\u00f6m\u00fcr, r\u00fczg\u00e2r ve di\u011fer kaynaklardan elde edildi. Ayn\u0131 veriler, son zamanlarda suya a\u011f\u0131rl\u0131k verilmesiyle barajlarda ya\u015fanan s\u0131k\u0131nt\u0131y\u0131 ortaya koydu. Elektrik \u00fcreten en b\u00fcy\u00fck 3 baraj olan Atat\u00fcrk, Keban ve Karakaya\u2019da su seviyesi h\u0131zla azal\u0131yor. En fazla d\u00fc\u015f\u00fc\u015f 11,8 metre ile Karakaya\u2019da ya\u015fand\u0131. 12 Temmuz 2013\u2019te Keban\u2019da 842,6 metre olan g\u00f6l kot seviyesi, 12 Temmuz 2014\u2019te 830,9 metreye geriledi. Di\u011fer barajlar\u0131n kot seviyelerinde de h\u0131zl\u0131 d\u00fc\u015f\u00fc\u015f ya\u015fan\u0131yor.<\/p>\n<p>Barajlardaki suyun azalmas\u0131, yeni bir elektrik krizine neden olacak. Uzmanlara g\u00f6re, ciddi bir kurakl\u0131k var. Kurakl\u0131k; bir yandan su gelirini azalt\u0131yor, di\u011fer yandan klimalar y\u00fcz\u00fcnden elektrik t\u00fcketimi art\u0131r\u0131yor. Enerji Y\u00f6netimi, elektrik ihtiyac\u0131n\u0131 kar\u015f\u0131lamak i\u00e7in barajlara da y\u00fckleniyor. Ayn\u0131 kaynaklar konuya a\u00e7\u0131kl\u0131k getirdi: K\u0131\u015f mevsimi a\u00e7\u0131s\u0131ndan kurak bir y\u0131l ge\u00e7ti. Barajlara \u00e7ok az su geldi. Mevsim yaz, havalar \u00e7ok s\u0131cak, elektrik t\u00fcketimi art\u0131yor. Yap\u0131lan i\u015f, gaza ilave barajlara y\u00fcklenmek. Oysa barajlar enerji ihtiyac\u0131n\u0131n kar\u015f\u0131lanmas\u0131nda \u00e7ok stratejik kullan\u0131lmal\u0131. Bir nevi enerji stoku yap\u0131yor. Su biterse, ihtiya\u00e7 tamamen do\u011falgazla kar\u015f\u0131lanacak. Bu \u00e7ok b\u00fcy\u00fck kriz. \u00c7\u00fcnk\u00fc yeni ya\u011fmur ya\u011fmayacak ve k\u0131\u015fa barajlarda var olan suyla girilecek.<\/p>\n<p>DEVAMI \u0130\u00c7\u0130N <a href=\"http:\/\/enerjienstitusu.com\/2014\/07\/15\/analiz-gelecek-yilin-suyu-da-tuketiliyor\/Havalar\u0131n%20\u0131s\u0131nmas\u0131yla%20birlikte%20artan%20klima%20kullan\u0131m\u0131,%20elektrik%20t\u00fcketiminde%20tarihi%20rekorlar%20k\u0131rd\u0131r\u0131yor.%20Cuma%20g\u00fcn\u00fc%20812,7%20milyon%20kilovatsaat%20(kWh)%20g\u00fcnl\u00fck%20t\u00fcketim%20ile%20yeni%20bir%20rekor%20k\u0131r\u0131ld\u0131.%20Enerji%20Y\u00f6netimi,%20talebi%20kar\u015f\u0131lamak%20i\u00e7in%20do\u011falgazla%20\u00e7al\u0131\u015fan%20santrallere%20a\u011f\u0131rl\u0131k%20verdi.%20Ayr\u0131ca%20barajlarda%20suyun%20azalmas\u0131na%20ra\u011fmen,%20t\u00fcketim%20patlamas\u0131n\u0131n%20ya\u015fand\u0131\u011f\u0131%20cuma%20g\u00fcn\u00fc%20\u00fcretime%20dahil%20edildi.%20Enerji%20Y\u00f6netimi%20kaynaklar\u0131,%20talep%20art\u0131\u015f\u0131n\u0131%20kar\u015f\u0131lamak%20i\u00e7in%20su%20dahil%20b\u00fct\u00fcn%20kaynaklar\u0131n%20de\u011ferlendirildi\u011fi%20bilgisini%20verdi.%20Ancak%20sekt\u00f6r%20uzmanlar\u0131%20uyard\u0131:%20Barajlarda%20k\u0131\u015f\u0131n%20ve%20gelecek%20y\u0131l\u0131n%20suyu%20t\u00fcketiliyor.%20B\u00fcy\u00fck%20risk.%20Elektrikte%20do\u011falgaz\u0131n%20pay\u0131%20daha%20da%20artacak.%20%20%20%20%20%20Elektrik%20\u00dcretim%20A\u015e%20(E\u00dcA\u015e)%20ve%20T\u00fcrkiye%20Elektrik%20\u0130letim%20A\u015e%20(TE\u0130A\u015e)%20verilerine%20g\u00f6re,%2011%20Temmuz%20g\u00fcn\u00fc%20elektrikte%20812,7%20milyon%20kWh%20t\u00fcketim%20ile%20yeni%20bir%20Cumhuriyet%20tarihi%20rekoru%20k\u0131r\u0131ld\u0131.%20Enerji%20Y\u00f6netimi,%20rekor%20talep%20art\u0131\u015f\u0131n\u0131%20kar\u015f\u0131lamak%20i\u00e7in%20do\u011falgazla%20elektrik%20\u00fcreten%20santrallere%20a\u011f\u0131rl\u0131k%20verdi.%20Ayn\u0131%20g\u00fcn%20\u00fcretilen%20elektri\u011fin%20y\u00fczde%2048\u2019i%20gazla%20\u00e7al\u0131\u015fan%20santrallerden%20elde%20edildi.%20Ayr\u0131ca%20talebin%20kar\u015f\u0131lanmas\u0131%20i\u00e7in%20barajl\u0131-barajs\u0131z%20santrallerde%20\u00e7al\u0131\u015ft\u0131r\u0131larak%20\u00fcretimin%20y\u00fczde%2019\u2019u%20kar\u015f\u0131land\u0131.%20Geri%20kalan%20ihtiya\u00e7%20ise%20k\u00f6m\u00fcr,%20r\u00fczg\u00e2r%20ve%20di\u011fer%20kaynaklardan%20elde%20edildi.%20Ayn\u0131%20veriler,%20son%20zamanlarda%20suya%20a\u011f\u0131rl\u0131k%20verilmesiyle%20barajlarda%20ya\u015fanan%20s\u0131k\u0131nt\u0131y\u0131%20ortaya%20koydu.%20Elektrik%20\u00fcreten%20en%20b\u00fcy\u00fck%203%20baraj%20olan%20Atat\u00fcrk,%20Keban%20ve%20Karakaya\u2019da%20su%20seviyesi%20h\u0131zla%20azal\u0131yor.%20En%20fazla%20d\u00fc\u015f\u00fc\u015f%2011,8%20metre%20ile%20Karakaya\u2019da%20ya\u015fand\u0131.%2012%20Temmuz%202013\u2019te%20Keban\u2019da%20842,6%20metre%20olan%20g\u00f6l%20kot%20seviyesi,%2012%20Temmuz%202014\u2019te%20830,9%20metreye%20geriledi.%20Di\u011fer%20barajlar\u0131n%20kot%20seviyelerinde%20de%20h\u0131zl\u0131%20d\u00fc\u015f\u00fc\u015f%20ya\u015fan\u0131yor.%20%20%20%20%20%20Barajlardaki%20suyun%20azalmas\u0131,%20yeni%20bir%20elektrik%20krizine%20neden%20olacak.%20Uzmanlara%20g\u00f6re,%20ciddi%20bir%20kurakl\u0131k%20var.%20Kurakl\u0131k;%20bir%20yandan%20su%20gelirini%20azalt\u0131yor,%20di\u011fer%20yandan%20klimalar%20y\u00fcz\u00fcnden%20elektrik%20t\u00fcketimi%20art\u0131r\u0131yor.%20Enerji%20Y\u00f6netimi,%20elektrik%20ihtiyac\u0131n\u0131%20kar\u015f\u0131lamak%20i\u00e7in%20barajlara%20da%20y\u00fckleniyor.%20Ayn\u0131%20kaynaklar%20konuya%20a\u00e7\u0131kl\u0131k%20getirdi:%20K\u0131\u015f%20mevsimi%20a\u00e7\u0131s\u0131ndan%20kurak%20bir%20y\u0131l%20ge\u00e7ti.%20Barajlara%20\u00e7ok%20az%20su%20geldi.%20Mevsim%20yaz,%20havalar%20\u00e7ok%20s\u0131cak,%20elektrik%20t\u00fcketimi%20art\u0131yor.%20Yap\u0131lan%20i\u015f,%20gaza%20ilave%20barajlara%20y\u00fcklenmek.%20Oysa%20barajlar%20enerji%20ihtiyac\u0131n\u0131n%20kar\u015f\u0131lanmas\u0131nda%20\u00e7ok%20stratejik%20kullan\u0131lmal\u0131.%20Bir%20nevi%20enerji%20stoku%20yap\u0131yor.%20Su%20biterse,%20ihtiya\u00e7%20tamamen%20do\u011falgazla%20kar\u015f\u0131lanacak.%20Bu%20\u00e7ok%20b\u00fcy\u00fck%20kriz.%20\u00c7\u00fcnk\u00fc%20yeni%20ya\u011fmur%20ya\u011fmayacak%20ve%20k\u0131\u015fa%20barajlarda%20var%20olan%20suyla%20girilecek.\" target=\"_blank\">TIKLAYINIZ&gt;&gt;&gt;<\/a><\/p>\n<p>Kaynak: <em>Zaman<\/em><\/p>","protected":false},"excerpt":{"rendered":"<p>Sorry, this entry is only available in Turkish. For the sake of viewer convenience, the content is shown below in the alternative language. You may click the link to switch the active language.A\u015f\u0131r\u0131 s\u0131caklar elektrik t\u00fcketimine zirve yapt\u0131rd\u0131. Ge\u00e7en cuma 812,7 milyon kWh elektrik t\u00fcketimiyle cumhuriyet tarihinin rekoru k\u0131r\u0131ld\u0131. Talebin kar\u015f\u0131lanmas\u0131 i\u00e7in do\u011falgazla \u00e7al\u0131\u015fan santraller [&hellip;]<\/p>\n","protected":false},"author":1,"featured_media":29394,"comment_status":"open","ping_status":"open","sticky":false,"template":"","format":"standard","meta":[],"categories":[53],"tags":[16678,16679,8375,130,9118,16680,154,1033,1582,3479],"views":523,"_links":{"self":[{"href":"https:\/\/www.enerjigazetesi.ist\/en\/wp-json\/wp\/v2\/posts\/29393"}],"collection":[{"href":"https:\/\/www.enerjigazetesi.ist\/en\/wp-json\/wp\/v2\/posts"}],"about":[{"href":"https:\/\/www.enerjigazetesi.ist\/en\/wp-json\/wp\/v2\/types\/post"}],"author":[{"embeddable":true,"href":"https:\/\/www.enerjigazetesi.ist\/en\/wp-json\/wp\/v2\/users\/1"}],"replies":[{"embeddable":true,"href":"https:\/\/www.enerjigazetesi.ist\/en\/wp-json\/wp\/v2\/comments?post=29393"}],"version-history":[{"count":2,"href":"https:\/\/www.enerjigazetesi.ist\/en\/wp-json\/wp\/v2\/posts\/29393\/revisions"}],"predecessor-version":[{"id":29396,"href":"https:\/\/www.enerjigazetesi.ist\/en\/wp-json\/wp\/v2\/posts\/29393\/revisions\/29396"}],"wp:featuredmedia":[{"embeddable":true,"href":"https:\/\/www.enerjigazetesi.ist\/en\/wp-json\/wp\/v2\/media\/29394"}],"wp:attachment":[{"href":"https:\/\/www.enerjigazetesi.ist\/en\/wp-json\/wp\/v2\/media?parent=29393"}],"wp:term":[{"taxonomy":"category","embeddable":true,"href":"https:\/\/www.enerjigazetesi.ist\/en\/wp-json\/wp\/v2\/categories?post=29393"},{"taxonomy":"post_tag","embeddable":true,"href":"https:\/\/www.enerjigazetesi.ist\/en\/wp-json\/wp\/v2\/tags?post=29393"}],"curies":[{"name":"wp","href":"https:\/\/api.w.org\/{rel}","templated":true}]}}