{"id":29369,"date":"2014-07-15T08:54:40","date_gmt":"2014-07-15T05:54:40","guid":{"rendered":"https:\/\/www.enerjigazetesi.ist\/?p=29369"},"modified":"2014-07-15T08:54:40","modified_gmt":"2014-07-15T05:54:40","slug":"yargitaydan-elektrik-abonelerini-uzecek-karar","status":"publish","type":"post","link":"https:\/\/www.enerjigazetesi.ist\/en\/yargitaydan-elektrik-abonelerini-uzecek-karar\/","title":{"rendered":"(Turkish) Yarg\u0131tay\u2019dan Elektrik Abonelerini \u00dczecek Karar!"},"content":{"rendered":"<p class=\"qtranxs-available-languages-message qtranxs-available-languages-message-en\">Sorry, this entry is only available in <a href=\"https:\/\/www.enerjigazetesi.ist\/tr\/wp-json\/wp\/v2\/posts\/29369\" class=\"qtranxs-available-language-link qtranxs-available-language-link-tr\" title=\"Turkish\">Turkish<\/a>. For the sake of viewer convenience, the content is shown below in the alternative language. You may click the link to switch the active language.<\/p><p><strong>Yarg\u0131tay, elektrik faturalar\u0131na yans\u0131t\u0131lan \u2018kay\u0131p ka\u00e7ak bedeli\u2019 ile \u2018saya\u00e7 okuma bedeli\u2019nin hukuksuz oldu\u011fu y\u00f6n\u00fcndeki mahkeme karar\u0131n\u0131 bozdu.<\/strong><span id=\"more-66261\"><\/span><\/p>\n<p>Bolu Barosu\u2019na kay\u0131tl\u0131 avukat Re\u015fat Bulut\u2019un elektrik faturalar\u0131na yans\u0131t\u0131lan \u2018 kay\u0131p<a href=\"https:\/\/www.enerjigazetesi.ist\/wp-content\/uploads\/2014\/07\/elektrik-hat-23792383.jpg\"><img loading=\"lazy\" class=\"alignright size-medium wp-image-29370\" src=\"https:\/\/www.enerjigazetesi.ist\/wp-content\/uploads\/2014\/07\/elektrik-hat-23792383-300x194.jpg\" alt=\"elektrik-hat-23792383\" width=\"300\" height=\"194\" srcset=\"https:\/\/www.enerjigazetesi.ist\/wp-content\/uploads\/2014\/07\/elektrik-hat-23792383-300x194.jpg 300w, https:\/\/www.enerjigazetesi.ist\/wp-content\/uploads\/2014\/07\/elektrik-hat-23792383-500x323.jpg 500w, https:\/\/www.enerjigazetesi.ist\/wp-content\/uploads\/2014\/07\/elektrik-hat-23792383-77x50.jpg 77w, https:\/\/www.enerjigazetesi.ist\/wp-content\/uploads\/2014\/07\/elektrik-hat-23792383.jpg 855w\" sizes=\"(max-width: 300px) 100vw, 300px\" \/><\/a> ka\u00e7ak bedeli\u2019 ile \u2018saya\u00e7 okuma bedeli\u2019nin hukuka ayk\u0131r\u0131 oldu\u011fu gerek\u00e7esiyle Sakarya Elektrik Da\u011f\u0131t\u0131m A.\u015e. aleyhine a\u00e7t\u0131\u011f\u0131 davada yerel mahkemenin lehte verdi\u011fi karar Yarg\u0131tay\u2019dan d\u00f6nd\u00fc. Yarg\u0131tay 3\u2032\u00fcnc\u00fc Hukuk Dairesi, Enerji Piyasas\u0131 D\u00fczenleme Kurumu\u2019nun, kendisine verdi\u011fi yetki \u00e7er\u00e7evesinde bu bedelleri belirledi\u011fine h\u00fckmetti.<\/p>\n<p>Avukat Re\u015fat bulut\u2019un a\u00e7t\u0131\u011f\u0131 davada Bolu 1\u2032nci Asliye Hukuk Mahkemesi, bedelin al\u0131nmamas\u0131 ve al\u0131nan \u00fccretin de geriye d\u00f6n\u00fck olarak \u00f6denmesine karar verdi. Bu karar\u0131 Sakarya Elektrik Da\u011f\u0131t\u0131m A.\u015e. avukatlar\u0131 Yarg\u0131tay\u2019a ta\u015f\u0131d\u0131.<\/p>\n<p>Yarg\u0131tay 3\u2032\u00fcnc\u00fc Hukuk Dairesi, s\u00f6zkonusu bedelleri Enerji Piyasas\u0131 D\u00fczenleme Kurumu\u2019nun kendisine verilen yetki \u00e7er\u00e7evesinde belirledi\u011fine h\u00fckmetti. Yarg\u0131tay, karar\u0131nda \u201cYasal d\u00fczenleme uyar\u0131nca Enerji Piyasas\u0131 D\u00fczenleme Kurumu elektrik faturalar\u0131nda bulunacak ve \u00fccretlendirilecek tarife unsurlar\u0131n\u0131 belirleme yetkisine sahiptir. S\u00f6z konusu bedeli belirlemek \u00fczere al\u0131nan kurul karar\u0131, kurumun bir d\u00fczenleyici i\u015flemi olarak t\u00fcm t\u00fczel ve ger\u00e7ek ki\u015fileri ba\u011flay\u0131c\u0131 niteliktedir\u201d denildi.<\/p>\n<p>Kaynak: <a href=\"http:\/\/www.radikal.com.tr\/ekonomi\/yargitaydan_kacak_elektrik_kullanmayanlara_kotu_haber-1201569\" target=\"_blank\" rel=\"nofollow\">radikal<\/a><\/p>","protected":false},"excerpt":{"rendered":"<p>Sorry, this entry is only available in Turkish. For the sake of viewer convenience, the content is shown below in the alternative language. You may click the link to switch the active language.Yarg\u0131tay, elektrik faturalar\u0131na yans\u0131t\u0131lan \u2018kay\u0131p ka\u00e7ak bedeli\u2019 ile \u2018saya\u00e7 okuma bedeli\u2019nin hukuksuz oldu\u011fu y\u00f6n\u00fcndeki mahkeme karar\u0131n\u0131 bozdu. Bolu Barosu\u2019na kay\u0131tl\u0131 avukat Re\u015fat Bulut\u2019un [&hellip;]<\/p>\n","protected":false},"author":1,"featured_media":29370,"comment_status":"open","ping_status":"open","sticky":false,"template":"","format":"standard","meta":[],"categories":[51,53],"tags":[16651,7921,4061,1046,498,16652,16416],"views":596,"_links":{"self":[{"href":"https:\/\/www.enerjigazetesi.ist\/en\/wp-json\/wp\/v2\/posts\/29369"}],"collection":[{"href":"https:\/\/www.enerjigazetesi.ist\/en\/wp-json\/wp\/v2\/posts"}],"about":[{"href":"https:\/\/www.enerjigazetesi.ist\/en\/wp-json\/wp\/v2\/types\/post"}],"author":[{"embeddable":true,"href":"https:\/\/www.enerjigazetesi.ist\/en\/wp-json\/wp\/v2\/users\/1"}],"replies":[{"embeddable":true,"href":"https:\/\/www.enerjigazetesi.ist\/en\/wp-json\/wp\/v2\/comments?post=29369"}],"version-history":[{"count":1,"href":"https:\/\/www.enerjigazetesi.ist\/en\/wp-json\/wp\/v2\/posts\/29369\/revisions"}],"predecessor-version":[{"id":29371,"href":"https:\/\/www.enerjigazetesi.ist\/en\/wp-json\/wp\/v2\/posts\/29369\/revisions\/29371"}],"wp:featuredmedia":[{"embeddable":true,"href":"https:\/\/www.enerjigazetesi.ist\/en\/wp-json\/wp\/v2\/media\/29370"}],"wp:attachment":[{"href":"https:\/\/www.enerjigazetesi.ist\/en\/wp-json\/wp\/v2\/media?parent=29369"}],"wp:term":[{"taxonomy":"category","embeddable":true,"href":"https:\/\/www.enerjigazetesi.ist\/en\/wp-json\/wp\/v2\/categories?post=29369"},{"taxonomy":"post_tag","embeddable":true,"href":"https:\/\/www.enerjigazetesi.ist\/en\/wp-json\/wp\/v2\/tags?post=29369"}],"curies":[{"name":"wp","href":"https:\/\/api.w.org\/{rel}","templated":true}]}}