{"id":29337,"date":"2014-07-14T10:00:27","date_gmt":"2014-07-14T07:00:27","guid":{"rendered":"https:\/\/www.enerjigazetesi.ist\/?p=29337"},"modified":"2014-07-14T10:00:27","modified_gmt":"2014-07-14T07:00:27","slug":"34-milyon-abone-2015%e2%80%b2te-elektrigini-istedigi-tedarikciden-alabilecek","status":"publish","type":"post","link":"https:\/\/www.enerjigazetesi.ist\/en\/34-milyon-abone-2015%e2%80%b2te-elektrigini-istedigi-tedarikciden-alabilecek\/","title":{"rendered":"(Turkish) 34 Milyon Abone 2015\u2032te Elektri\u011fini \u0130stedi\u011fi Tedarik\u00e7iden Alabilecek!"},"content":{"rendered":"<p class=\"qtranxs-available-languages-message qtranxs-available-languages-message-en\">Sorry, this entry is only available in <a href=\"https:\/\/www.enerjigazetesi.ist\/tr\/wp-json\/wp\/v2\/posts\/29337\" class=\"qtranxs-available-language-link qtranxs-available-language-link-tr\" title=\"Turkish\">Turkish<\/a>. For the sake of viewer convenience, the content is shown below in the alternative language. You may click the link to switch the active language.<\/p><p><strong>Yani elektri\u011fi istedi\u011fi tedarik\u00e7iden alabilecek. B\u00f6ylece bug\u00fcne kadar yaln\u0131zca bor\u00e7-alacak \u00e7izgisinde i\u015fleyen elektrik sat\u0131\u015f\u0131nda, bir nevi \u2018kral abone\u2019 d\u00f6nemi ba\u015flayacak.<span id=\"more-66244\"><\/span> Abonelerini elinde tutmak isteyen \u015firketlerin bir\u00e7ok kampanyay\u0131 \u015fimdiden devreye soktu\u011funu g\u00f6r\u00fcyoruz.<\/strong><\/p>\n<p>Elektrik bundan birka\u00e7 y\u0131l \u00f6ncesine kadar kamu tekelinde sa\u011flanan bir hizmetti. Ancak serbestle\u015fme politikalar\u0131 sonucunda \u201cperakende elektrik\u201d<a href=\"https:\/\/www.enerjigazetesi.ist\/wp-content\/uploads\/2014\/07\/elektrik-serbest-t\u00fcketici-limiti.jpg\"><img loading=\"lazy\" class=\"alignright size-medium wp-image-29338\" src=\"https:\/\/www.enerjigazetesi.ist\/wp-content\/uploads\/2014\/07\/elektrik-serbest-t\u00fcketici-limiti-300x160.jpg\" alt=\"elektrik-serbest-t\u00fcketici-limiti\" width=\"300\" height=\"160\" srcset=\"https:\/\/www.enerjigazetesi.ist\/wp-content\/uploads\/2014\/07\/elektrik-serbest-t\u00fcketici-limiti-300x160.jpg 300w, https:\/\/www.enerjigazetesi.ist\/wp-content\/uploads\/2014\/07\/elektrik-serbest-t\u00fcketici-limiti-500x266.jpg 500w, https:\/\/www.enerjigazetesi.ist\/wp-content\/uploads\/2014\/07\/elektrik-serbest-t\u00fcketici-limiti-80x42.jpg 80w, https:\/\/www.enerjigazetesi.ist\/wp-content\/uploads\/2014\/07\/elektrik-serbest-t\u00fcketici-limiti.jpg 836w\" sizes=\"(max-width: 300px) 100vw, 300px\" \/><\/a> sekt\u00f6r\u00fcn\u00fcn iyiden iyiye olu\u015fmaya ba\u015flad\u0131\u011f\u0131n\u0131 g\u00f6r\u00fcyoruz. Birisi bunu \u201celektrik de art\u0131k \u00e7ikolata, \u015feker gibi basit ve pazarlanabilir bir \u00fcr\u00fcn haline d\u00f6n\u00fc\u015f\u00fcyor\u201d s\u00f6zleriyle tarif etmi\u015fti. Ger\u00e7ekten de elektrik almak yak\u0131nda bamba\u015fka bir boyut kazanacak. \u015e\u00f6yle ki, bug\u00fcn ayl\u0131k elektrik faturas\u0131 133 liray\u0131 ge\u00e7en aboneler, serbest t\u00fcketici olabiliyor, yani elektri\u011fi istedi\u011fi \u015firketten alabiliyor. 2015 y\u0131l\u0131ndan itibaren, bu hak t\u00fcm abonelere tan\u0131nacak. Yani T\u00fcrkiye\u2019deki 34 milyon elektrik abonesi serbest se\u00e7ime gidecek. Daha \u015fimdiden, \u015firketler aras\u0131nda m\u00fc\u015fteri kapma yar\u0131\u015f\u0131 ba\u015flad\u0131 bile\u2026 \u0130ndirimli elektrikten, sabit fiyat garantisine, \u201cKom\u015funu abone yap, prim kazan\u201ddan, \u00fccretsiz hayat sigortas\u0131na, pek \u00e7ok kampanya abonelere sunuluyor. Giderek k\u0131z\u0131\u015facak bu rekabetin, elektrik sekt\u00f6r\u00fcnde \u201cm\u00fc\u015fteri krald\u0131r\u201d yakla\u015f\u0131m\u0131n\u0131 ortaya \u00e7\u0131karmas\u0131 bekleniyor.<\/p>\n<h2>929 Bin Serbest\u00a0Olacak<\/h2>\n<p>31 Ocak\u2019tan itibaren y\u00fcr\u00fcrl\u00fc\u011fe giren d\u00fczenleme do\u011frultusunda, elektrik faturalar\u0131 133 liray\u0131 a\u015fan, yani 4500 kWh ve \u00fcst\u00fc elektrik t\u00fcketen kullan\u0131c\u0131lar, serbest t\u00fcketici haline geldi. \u00d6nceden bunun i\u00e7in ayl\u0131k elektrik t\u00fcketimi alt s\u0131n\u0131r\u0131n\u0131n 150 lira olmas\u0131 gerekiyordu. EPDK\u2019dan edinilen bilgilere g\u00f6re, T\u00fcrkiye\u2019deki serbest t\u00fcketici say\u0131s\u0131 929 bin 367 adete ula\u015ft\u0131. Bu say\u0131, daha \u00f6nceden yap\u0131lan tahminlerin de yerinde oldu\u011funu ortaya koyuyor. Alt s\u0131n\u0131r\u0131n 150 liradan, 133 liraya d\u00fc\u015f\u00fcr\u00fclmesinden hemen \u00f6nce konu\u015ftu\u011fumuz Elektrik Da\u011f\u0131t\u0131c\u0131lar\u0131 Derne\u011fi Y\u00f6netim Kurulu \u00dcyesi Ya\u015far Arslan, \u201cT\u00fcrkiye\u2019de bug\u00fcn 500 bin serbest t\u00fcketici bulunuyor. Limit d\u00fc\u015f\u00fcr\u00fcld\u00fc\u011f\u00fcnde sisteme 500 bin yeni serbest t\u00fcketici girecek\u201d demi\u015fti. \u015eu anda yakla\u015f\u0131k 1 milyon serbest t\u00fcketiciye ula\u015f\u0131lm\u0131\u015f olmas\u0131, ocak ay\u0131ndan bu yana, yani yakla\u015f\u0131k yedi ayl\u0131k d\u00f6nemde 500 bin abonenin serbest se\u00e7ime gitme hakk\u0131n\u0131 kulland\u0131\u011f\u0131n\u0131 g\u00f6steriyor.<\/p>\n<h2>Mecburi Al\u0131ma Avantaj<\/h2>\n<p>TOBB Enerji Sekt\u00f6r Meclis Ba\u015fkan Yard\u0131mc\u0131s\u0131 Alpay \u00dcnal, elektrikte serbest t\u00fcketici limitinin 133 liraya d\u00fc\u015fmesinin herkesten \u00e7ok t\u00fcketicilerin i\u015fine yarad\u0131\u011f\u0131n\u0131 dile getirerek, \u015funlar\u0131 s\u00f6yl\u00fcyor: \u201c\u00c7\u00fcnk\u00fc elektrik di\u011fer \u00fcr\u00fcnlerden \u00e7ok farkl\u0131 bir \u00fcr\u00fcn. Modern ya\u015fam d\u00fczeninde herkes kullanmak zorunda, vazge\u00e7mek m\u00fcmk\u00fcn de\u011fil. Herkesin zaten bir aboneli\u011fi var, di\u011fer sekt\u00f6rler gibi yeni bir \u00fcr\u00fcn almaya dolay\u0131s\u0131yla yeni bir masraf kalemi a\u00e7maya zorlayan bir alan de\u011fil. M\u00fc\u015fteriler taraf\u0131ndan bak\u0131nca yeni masraf\u0131n aksine mecburen almak zorunda oldu\u011funuz bir \u00fcr\u00fcn\u00fc indirimli almay\u0131 ve hatta yan\u0131nda hediyeler almay\u0131 sa\u011flayan bir sistem. Bu nedenle asl\u0131nda ekonomiye yeni bir boyut getiriyor ve \u00fcr\u00fcn de\u011fil indirim\/avantaj sat\u0131yoruz. Almak mecburiyetinde oldu\u011fumuz \u00fcr\u00fcn\u00fc ayn\u0131 kalite ile daha ucuza alma imk\u00e2n\u0131 sa\u011fl\u0131yoruz.\u201d<\/p>\n<h2>Yeni Bir\u00a0Pazar Do\u011fuyor<\/h2>\n<p>Elektrik sekt\u00f6r\u00fcn\u00fcn devlet tekelinden \u00e7\u0131karak, \u00f6zel sekt\u00f6r i\u00e7in bir rekabet alan\u0131na d\u00f6n\u00fc\u015fmesi \u015fimdiye kadar al\u0131\u015f\u0131lan\u0131n \u00e7ok d\u0131\u015f\u0131nda bir pazar\u0131 da ortaya \u00e7\u0131karacak. Ernst &amp; Young T\u00fcrkiye, Enerji Piyasalar\u0131 Dan\u0131\u015fmanl\u0131k Hizmetleri M\u00fcd\u00fcr\u00fc An\u0131l Sava\u015f K\u0131l\u0131\u00e7, do\u011facak yeni i\u015f alanlar\u0131 ve bu alanda i\u015f yapacak di\u011fer sekt\u00f6rleri \u015f\u00f6yle \u00f6zetliyor:<\/p>\n<p>Ara\u015ft\u0131rma \u015firketleri: Halihaz\u0131rda sekt\u00f6rde yeni yeni kap\u0131s\u0131 \u00e7al\u0131nmaya ba\u015flanan ara\u015ft\u0131rma \u015firketleri, m\u00fc\u015fteriyi daha iyi anlamak zorunda olan elektrik sekt\u00f6r\u00fcne hat\u0131r\u0131 say\u0131l\u0131r hacimlerde i\u015f yapacaklar. M\u00fc\u015fteriye etkisi: Di\u011fer hizmet sekt\u00f6rlerindeki m\u00fc\u015fteri ili\u015fkileri kalitesini art\u0131k elektrik sekt\u00f6r\u00fcnde de g\u00f6rmeye ba\u015flayaca\u011f\u0131z.<\/p>\n<p>Telekom \/ telekom altyap\u0131 \u015firketleri: \u00d6zellikle ak\u0131ll\u0131 saya\u00e7larla birlikte elektrik da\u011f\u0131t\u0131m i\u015fi telekomdaki gibi ak\u0131ll\u0131 \u015febeke y\u00f6netimi i\u015fine d\u00f6n\u00fc\u015fecek. Burada veri y\u00f6netimi kritik olacak ve telekom \/ telekom altyap\u0131 \u015firketleri bu alanda \u00f6nemli i\u015fler yapacaklar. M\u00fc\u015fteriye etkisi: Ak\u0131ll\u0131 evler, mobil uygulamalar gibi katma de\u011ferli hizmetler hayat\u0131m\u0131za girmeye ba\u015flayacak ve elektrik tedarik\u00e7imizi kolayca de\u011fi\u015ftirmemiz m\u00fcmk\u00fcn olacak.<\/p>\n<p>DEVAMI \u0130\u00c7\u0130N <a href=\"http:\/\/www.hurriyet.com.tr\/ekonomi\/26801131.asp\" target=\"_blank\" rel=\"nofollow\">TIKLAYINIZ&gt;&gt;&gt;<\/a><\/p>","protected":false},"excerpt":{"rendered":"<p>Sorry, this entry is only available in Turkish. For the sake of viewer convenience, the content is shown below in the alternative language. You may click the link to switch the active language.Yani elektri\u011fi istedi\u011fi tedarik\u00e7iden alabilecek. B\u00f6ylece bug\u00fcne kadar yaln\u0131zca bor\u00e7-alacak \u00e7izgisinde i\u015fleyen elektrik sat\u0131\u015f\u0131nda, bir nevi \u2018kral abone\u2019 d\u00f6nemi ba\u015flayacak. Abonelerini elinde tutmak [&hellip;]<\/p>\n","protected":false},"author":1,"featured_media":29338,"comment_status":"open","ping_status":"open","sticky":false,"template":"","format":"standard","meta":[],"categories":[51,53],"tags":[4835,1229,1462,750,16616,16617,16618,16619],"views":622,"_links":{"self":[{"href":"https:\/\/www.enerjigazetesi.ist\/en\/wp-json\/wp\/v2\/posts\/29337"}],"collection":[{"href":"https:\/\/www.enerjigazetesi.ist\/en\/wp-json\/wp\/v2\/posts"}],"about":[{"href":"https:\/\/www.enerjigazetesi.ist\/en\/wp-json\/wp\/v2\/types\/post"}],"author":[{"embeddable":true,"href":"https:\/\/www.enerjigazetesi.ist\/en\/wp-json\/wp\/v2\/users\/1"}],"replies":[{"embeddable":true,"href":"https:\/\/www.enerjigazetesi.ist\/en\/wp-json\/wp\/v2\/comments?post=29337"}],"version-history":[{"count":1,"href":"https:\/\/www.enerjigazetesi.ist\/en\/wp-json\/wp\/v2\/posts\/29337\/revisions"}],"predecessor-version":[{"id":29339,"href":"https:\/\/www.enerjigazetesi.ist\/en\/wp-json\/wp\/v2\/posts\/29337\/revisions\/29339"}],"wp:featuredmedia":[{"embeddable":true,"href":"https:\/\/www.enerjigazetesi.ist\/en\/wp-json\/wp\/v2\/media\/29338"}],"wp:attachment":[{"href":"https:\/\/www.enerjigazetesi.ist\/en\/wp-json\/wp\/v2\/media?parent=29337"}],"wp:term":[{"taxonomy":"category","embeddable":true,"href":"https:\/\/www.enerjigazetesi.ist\/en\/wp-json\/wp\/v2\/categories?post=29337"},{"taxonomy":"post_tag","embeddable":true,"href":"https:\/\/www.enerjigazetesi.ist\/en\/wp-json\/wp\/v2\/tags?post=29337"}],"curies":[{"name":"wp","href":"https:\/\/api.w.org\/{rel}","templated":true}]}}