{"id":29328,"date":"2014-07-14T09:34:23","date_gmt":"2014-07-14T06:34:23","guid":{"rendered":"https:\/\/www.enerjigazetesi.ist\/?p=29328"},"modified":"2014-07-14T09:34:23","modified_gmt":"2014-07-14T06:34:23","slug":"bakan-yildiz-turkiye-32-5-milyar-euro-odemekten-kurtuldu","status":"publish","type":"post","link":"https:\/\/www.enerjigazetesi.ist\/en\/bakan-yildiz-turkiye-32-5-milyar-euro-odemekten-kurtuldu\/","title":{"rendered":"(Turkish) Bakan Y\u0131ld\u0131z: \u201cT\u00fcrkiye 32.5 Milyar Euro \u00d6demekten Kurtuldu\u201d"},"content":{"rendered":"<p class=\"qtranxs-available-languages-message qtranxs-available-languages-message-en\">Sorry, this entry is only available in <a href=\"https:\/\/www.enerjigazetesi.ist\/tr\/wp-json\/wp\/v2\/posts\/29328\" class=\"qtranxs-available-language-link qtranxs-available-language-link-tr\" title=\"Turkish\">Turkish<\/a>. For the sake of viewer convenience, the content is shown below in the alternative language. You may click the link to switch the active language.<\/p><p><strong>Enerji ve Tabii Kaynaklar Bakan\u0131 Taner Y\u0131ld\u0131z, T\u00fcrkiye\u2019nin gerek Uluslararas\u0131 Yat\u0131r\u0131m Anla\u015fmazl\u0131klar\u0131n\u0131n \u00c7\u00f6z\u00fcm Merkezi (ICSID) gerekse, Milletleraras\u0131 Ticaret Merkezi (ICC) nezdinde a\u00e7\u0131lan 7 davay\u0131 da kazanarak, 32.5 milyar Euro\u2019luk y\u00fckten kurtuldu\u011funu s\u00f6yledi.<a href=\"https:\/\/www.enerjigazetesi.ist\/wp-content\/uploads\/2014\/07\/taner-y\u0131ld\u0131z.jpg\"><img loading=\"lazy\" class=\"alignright size-medium wp-image-29329\" src=\"https:\/\/www.enerjigazetesi.ist\/wp-content\/uploads\/2014\/07\/taner-y\u0131ld\u0131z-300x189.jpg\" alt=\"taner-y\u0131ld\u0131z\" width=\"300\" height=\"189\" srcset=\"https:\/\/www.enerjigazetesi.ist\/wp-content\/uploads\/2014\/07\/taner-y\u0131ld\u0131z-300x189.jpg 300w, https:\/\/www.enerjigazetesi.ist\/wp-content\/uploads\/2014\/07\/taner-y\u0131ld\u0131z-500x316.jpg 500w, https:\/\/www.enerjigazetesi.ist\/wp-content\/uploads\/2014\/07\/taner-y\u0131ld\u0131z-80x50.jpg 80w, https:\/\/www.enerjigazetesi.ist\/wp-content\/uploads\/2014\/07\/taner-y\u0131ld\u0131z.jpg 799w\" sizes=\"(max-width: 300px) 100vw, 300px\" \/><\/a><\/strong><span id=\"more-66242\"><\/span><\/p>\n<p>Bakan Y\u0131ld\u0131z, Cem Uzan taraf\u0131ndan Stockholm Ticaret Odas\u0131 (SCC) Tahkim Merkezi\u2019nde 7 Mart\u2019ta T\u00fcrkiye aleyhine 2.5 milyar Euro tazminat talepli yeni tahkim davas\u0131 a\u00e7t\u0131\u011f\u0131n\u0131 da s\u00f6yledi.<\/p>\n<p>Enerji ve Tabii Kaynaklar Bakan\u0131 Taner Y\u0131ld\u0131z, d\u00fcn Kayseri\u2019deki temaslar\u0131 s\u0131ras\u0131nda, T\u00fcrkiye\u2019nin uluslararas\u0131 alanda a\u00e7\u0131lan 7 davay\u0131 da kazanarak, 32.5 milyar Euro\u2019luk y\u00fckten kurtuldu\u011funu anlatt\u0131. \u0130lk tahkim davas\u0131n\u0131n Karayip denizinde, K\u00fc\u00e7\u00fck Antiller Adalar Toplulu\u011funda, Hollanda\u2019ya ba\u011fl\u0131 Cura\u00e7ao adas\u0131nda Taylan Morova taraf\u0131ndan kurulan Alapl\u0131 Elektrik B.V. avukatlar\u0131 taraf\u0131ndan 27 A\u011fustos 2008 tarihinde ICSID nezdinde, T\u00fcrkiye aleyhine 100 milyon Amerikan dolar\u0131 tazminat talebiyle a\u00e7\u0131ld\u0131\u011fn\u0131 s\u00f6yledi. Y\u0131ld\u0131z, \u015funlar\u0131 s\u00f6yledi:<\/p>\n<p>\u201cTahkim davas\u0131nda, Hakem Heyeti 16 Temmuz 2012 tarihinde 2\u2019ye kar\u015f\u0131 1 oy \u00e7oklu\u011fu ile davac\u0131n\u0131n Enerji \u015eart\u0131 Anla\u015fmas\u0131 ve Hollanda-T\u00fcrkiye \u0130ki Tarafl\u0131 Ticaret Anla\u015fmas\u0131 h\u00fck\u00fcmleri \u00e7er\u00e7evesinde korunmas\u0131 gereken bir yabanc\u0131 yat\u0131r\u0131mc\u0131 olmad\u0131\u011f\u0131 sonucuna varm\u0131\u015f ve yetkisizlik nedeniyle davac\u0131n\u0131n talepleriyle birlikte davay\u0131 reddetmi\u015ftir. Alapl\u0131 Elektrik B.V. 16 Kas\u0131m 2012 tarihinde ilk Hakem Heyeti taraf\u0131ndan verilen karar\u0131n iptali i\u00e7in yeniden ICSID\u2019e ba\u015fvuruda bulunmu\u015f ve iptal davas\u0131 (annulment of the award) a\u00e7m\u0131\u015ft\u0131r. Davan\u0131n yaz\u0131l\u0131 yarg\u0131lama a\u015famas\u0131 tamamland\u0131ktan sonra 17-18 Aral\u0131k 2013 tarihlerinde Fransa\u2019n\u0131n Paris \u015fehrinde davan\u0131n duru\u015fmas\u0131 yap\u0131lm\u0131\u015f ve yarg\u0131lama kapat\u0131lm\u0131\u015ft\u0131r. Hakem Heyeti 10 Temmuz 2014 tarihinde vermi\u015f oldu\u011fu kararla davan\u0131n ve iptal talebinin oybirli\u011fi ile reddedilmesine h\u00fckmetmi\u015ftir. Davac\u0131n\u0131n t\u00fcm iddia ve taleplerinin oybirli\u011fi ile reddedilmesine karar vermi\u015ftir. ICSID tahkim yarg\u0131lamas\u0131nda herhangi bir temyiz veya karar d\u00fczeltme merci bulunmad\u0131\u011f\u0131 i\u00e7in karar kesinle\u015fmi\u015ftir. Alapl\u0131 ile Devletimiz aras\u0131ndaki uyu\u015fmazl\u0131k temyizi kabil olmayacak \u015fekilde Devletimiz lehine sonu\u00e7lanm\u0131\u015ft\u0131r. Alapl\u0131 \u015firketi gerek Hakem Heyetinin \u00fccret ve masraflar\u0131n\u0131 gerekse Devletimizin yapm\u0131\u015f oldu\u011fu yarg\u0131lama giderleri ve avukatl\u0131k masraflar\u0131n\u0131 \u00f6demekle y\u00fck\u00fcml\u00fc tutulmu\u015ftur. Dava sonucunda Devletimize hi\u00e7bir ek mali k\u00fclfet y\u00fcklenmemi\u015ftir.\u201d<\/p>\n<h2>T\u00fcrkiye 6\u00a0Tahkim ve Milletler Aras\u0131 Ticaret Davas\u0131 Kazand\u0131<\/h2>\n<p>Bakan Y\u0131ld\u0131z, \u201cT\u00fcrkiye lehine sonu\u00e7lanan ve bakanl\u0131\u011f\u0131m\u0131z sorumlulu\u011funda takiph edilen di\u011fer tahkim davalar\u0131ndan ICSID nezdinde Uzanlar taraf\u0131ndan a\u00e7\u0131lan 3 dava da lehimize sonu\u00e7lanm\u0131\u015ft\u0131r\u201d dedi. Y\u0131ld\u0131z, \u015f\u00f6yle devam etti:<\/p>\n<p>\u201cBunlar; Libananco davas\u0131: 23.5 milyar dolar tazminat talep ediliyordu. Europe Cement Investment and Trade S.A davas\u0131: 3.8 milyar dolar tazminat talep ediliyordu ve Cementownia Nova Huta davas\u0131, ki 4.6 milyar dolar tazminat talep ediliyordu. Ayr\u0131ca ICC nezdinde a\u00e7\u0131lan 3 dava da lehimize sonu\u00e7lanm\u0131\u015ft\u0131r. Bunlardan birincisi 309 milyon dolar istenen Kanel Kangal, ikincisi 95 milyon dolar istenen K\u0131z\u0131l\u0131rmak Elektrik A\u015e davas\u0131 ve sonuncusu da 72 milyon dolar talep edilen Temzet davas\u0131yd\u0131.\u201d<\/p>\n<p>DEVAMI \u0130\u00c7\u0130N <a href=\"http:\/\/www.milliyet.com.tr\/turkiye-32-5-milyar-odemekten\/ekonomi\/detay\/1911274\/default.htm\" target=\"_blank\" rel=\"nofollow\">TIKLAYINIZ&gt;&gt;&gt;<\/a><\/p>\n<p>Kaynak: Enerji Enstit\u00fcs\u00fc<\/p>","protected":false},"excerpt":{"rendered":"<p>Sorry, this entry is only available in Turkish. For the sake of viewer convenience, the content is shown below in the alternative language. You may click the link to switch the active language.Enerji ve Tabii Kaynaklar Bakan\u0131 Taner Y\u0131ld\u0131z, T\u00fcrkiye\u2019nin gerek Uluslararas\u0131 Yat\u0131r\u0131m Anla\u015fmazl\u0131klar\u0131n\u0131n \u00c7\u00f6z\u00fcm Merkezi (ICSID) gerekse, Milletleraras\u0131 Ticaret Merkezi (ICC) nezdinde a\u00e7\u0131lan 7 [&hellip;]<\/p>\n","protected":false},"author":1,"featured_media":29329,"comment_status":"open","ping_status":"open","sticky":false,"template":"","format":"standard","meta":[],"categories":[53],"tags":[15939,665,10428,16605,16606,15940,16607,16608,16609,667,16610],"views":653,"_links":{"self":[{"href":"https:\/\/www.enerjigazetesi.ist\/en\/wp-json\/wp\/v2\/posts\/29328"}],"collection":[{"href":"https:\/\/www.enerjigazetesi.ist\/en\/wp-json\/wp\/v2\/posts"}],"about":[{"href":"https:\/\/www.enerjigazetesi.ist\/en\/wp-json\/wp\/v2\/types\/post"}],"author":[{"embeddable":true,"href":"https:\/\/www.enerjigazetesi.ist\/en\/wp-json\/wp\/v2\/users\/1"}],"replies":[{"embeddable":true,"href":"https:\/\/www.enerjigazetesi.ist\/en\/wp-json\/wp\/v2\/comments?post=29328"}],"version-history":[{"count":1,"href":"https:\/\/www.enerjigazetesi.ist\/en\/wp-json\/wp\/v2\/posts\/29328\/revisions"}],"predecessor-version":[{"id":29330,"href":"https:\/\/www.enerjigazetesi.ist\/en\/wp-json\/wp\/v2\/posts\/29328\/revisions\/29330"}],"wp:featuredmedia":[{"embeddable":true,"href":"https:\/\/www.enerjigazetesi.ist\/en\/wp-json\/wp\/v2\/media\/29329"}],"wp:attachment":[{"href":"https:\/\/www.enerjigazetesi.ist\/en\/wp-json\/wp\/v2\/media?parent=29328"}],"wp:term":[{"taxonomy":"category","embeddable":true,"href":"https:\/\/www.enerjigazetesi.ist\/en\/wp-json\/wp\/v2\/categories?post=29328"},{"taxonomy":"post_tag","embeddable":true,"href":"https:\/\/www.enerjigazetesi.ist\/en\/wp-json\/wp\/v2\/tags?post=29328"}],"curies":[{"name":"wp","href":"https:\/\/api.w.org\/{rel}","templated":true}]}}