{"id":29287,"date":"2014-07-12T09:36:57","date_gmt":"2014-07-12T06:36:57","guid":{"rendered":"https:\/\/www.enerjigazetesi.ist\/?p=29287"},"modified":"2014-07-12T09:36:57","modified_gmt":"2014-07-12T06:36:57","slug":"gunes-ile-sogutma-tesvik-edilmeli","status":"publish","type":"post","link":"https:\/\/www.enerjigazetesi.ist\/en\/gunes-ile-sogutma-tesvik-edilmeli\/","title":{"rendered":"(Turkish) \u201cG\u00fcne\u015f \u0130le So\u011futma Te\u015fvik Edilmeli\u201d"},"content":{"rendered":"<p class=\"qtranxs-available-languages-message qtranxs-available-languages-message-en\">Sorry, this entry is only available in <a href=\"https:\/\/www.enerjigazetesi.ist\/tr\/wp-json\/wp\/v2\/posts\/29287\" class=\"qtranxs-available-language-link qtranxs-available-language-link-tr\" title=\"Turkish\">Turkish<\/a>. For the sake of viewer convenience, the content is shown below in the alternative language. You may click the link to switch the active language.<\/p><p><strong>Enerji Verimlili\u011fi Derne\u011fi (ENVERDER) Bursa \u015eubesi Ba\u015fkan\u0131 Mustafa Uysal, yaz aylar\u0131n\u0131n vazge\u00e7ilmez cihazlar\u0131 klimalar\u0131n se\u00e7imi ve kullan\u0131m\u0131 konusunda vatanda\u015flar\u0131 uyard\u0131.<\/strong><strong>\u00dclkenin elektrik arz\u0131n\u0131n \u00f6nemli k\u0131sm\u0131n\u0131n ithal \u00fcr\u00fcnden yap\u0131ld\u0131\u011f\u0131na dikkati \u00e7eken Dr. Uysal, klima cihazlar\u0131 ile so\u011futman\u0131n p\u00fcf noktalar\u0131 hakk\u0131nda bilgi verdi.<a href=\"https:\/\/www.enerjigazetesi.ist\/wp-content\/uploads\/2014\/07\/timthumb.jpg\"><img loading=\"lazy\" class=\"alignright size-full wp-image-29288\" src=\"https:\/\/www.enerjigazetesi.ist\/wp-content\/uploads\/2014\/07\/timthumb.jpg\" alt=\"timthumb\" width=\"300\" height=\"300\" srcset=\"https:\/\/www.enerjigazetesi.ist\/wp-content\/uploads\/2014\/07\/timthumb.jpg 300w, https:\/\/www.enerjigazetesi.ist\/wp-content\/uploads\/2014\/07\/timthumb-150x150.jpg 150w, https:\/\/www.enerjigazetesi.ist\/wp-content\/uploads\/2014\/07\/timthumb-50x50.jpg 50w\" sizes=\"(max-width: 300px) 100vw, 300px\" \/><\/a><\/strong><\/p>\n<p>So\u011futma ihtiyac\u0131n\u0131n bug\u00fcnlerde daha da artaca\u011f\u0131na ve buna ba\u011fl\u0131 olarak elektrik t\u00fcketiminin de artaca\u011f\u0131n\u0131 kaydeden Uysal, \u201cSo\u011futma en do\u011fal hakk\u0131m\u0131z ama bu hak bizim ekonomimizi bozuyor ise daha dikkatli davranmal\u0131y\u0131z. Hem so\u011futma tesisat\u0131n\u0131n se\u00e7iminde hem de i\u015fletmesinde uzmanlar\u0131ndan destek alarak, hem kendi cebinize hem de \u00fclke ekonomisine katk\u0131da bulunabilirsiniz.\u201d dedi.<\/p>\n<p>\u201cG\u00fcne\u015f ile so\u011futma te\u015fvik edilmeli\u201d<\/p>\n<p>So\u011futma ama\u00e7l\u0131 merkezi klima sisteminin kurulmas\u0131n\u0131n en verimli y\u00f6ntem oldu\u011funu vurgulayan Uysal, bu sistemlerde \u0131s\u0131 pompas\u0131 takviyesi ile enerji t\u00fcketimleri y\u00fczde 40\u2019lara varan oranlarda d\u00fc\u015f\u00fcr\u00fclebildi\u011fini hat\u0131rlatt\u0131. \u00d6zellikle al\u0131\u015fveri\u015f merkezleri ve kamu binalar\u0131ndaki so\u011futma sistemlerinin bu y\u00f6nde g\u00f6zden ge\u00e7irilmesini \u00f6neren Uysal, \u0131s\u0131 yal\u0131t\u0131m\u0131n\u0131n yaz\u0131n da \u00e7ok etkili oldu\u011funu hat\u0131rlatt\u0131.<\/p>\n<p>Alternatif so\u011futma teknolojisi olarak g\u00fcne\u015fin, \u00f6zellikle tatil b\u00f6lgelerindeki otellerde kullan\u0131lmas\u0131 gerekti\u011fini vurgulayan Uysal, \u015funlar\u0131 dile getirdi: \u201cG\u00fcne\u015ften elde edilen \u0131s\u0131n\u0131n farkl\u0131 gaz kombinasyonlar\u0131ndan olu\u015fan so\u011futma gaz\u0131 ile \u00e7evrilmesi ile yaz\u0131n s\u0131cak g\u00fcnlerini \u00e7ok az enerji harcayarak istedi\u011fimiz klimatik ortam\u0131 sa\u011flayabiliriz. \u00d6zellikle tatil b\u00f6lgeleri ve al\u0131\u015fveri\u015f merkezlerinde bu y\u00f6ntem kullan\u0131larak hem elektri\u011fe ba\u011fl\u0131 enerji t\u00fcketimimizi azaltabilir hem de daha sa\u011fl\u0131kl\u0131 bir so\u011futma sa\u011flayabiliriz. Enerji ve Tabii Kaynaklar Bakanl\u0131\u011f\u0131 bunu bir zorunluluk haline getirmelidir. Bu durum ayn\u0131 zamanda karbon sal\u0131m\u0131n\u0131 azaltaca\u011f\u0131ndan, \u00c7evre ve \u015eehircilik Bakanl\u0131\u011f\u0131\u2019n\u0131n da \u00e7al\u0131\u015fma konular\u0131 aras\u0131na da girmektedir. \u00dclkemizde bu y\u00f6nde sa\u011flanacak enerji verimlili\u011fi ile Antalya\u2019n\u0131n elektrik enerjisi t\u00fcketimine denk bir getiri sa\u011flayabiliriz. \u00dcstelik bu teknoloji i\u00e7in yurt d\u0131\u015f\u0131na bedel \u00f6demek zorunda de\u011filiz, yerli \u00fcretim ile bu teknoloji kullan\u0131labilmektedir. S\u0131cak b\u00f6lgelerdeki \u00e7at\u0131lara yerle\u015ftirilen g\u00fcne\u015f kolekt\u00f6rleri yeniden tasarlanarak hem \u0131s\u0131tma, hem de so\u011futmaya uygun hale getirilerek, yaz k\u0131\u015f kullan\u0131labilir. B\u00f6ylelikle hem yeni bir \u00fcretim sahas\u0131 olu\u015fturmu\u015f, hem de enerji sarfiyat\u0131m\u0131z\u0131 azaltm\u0131\u015f oluruz.\u201d<\/p>\n<p>Uysal, klima se\u00e7iminde dikkat edilmesi gerekenler hakk\u0131nda \u015fu bilgileri verdi: \u201cKlima al\u0131rken di\u011fer elektrikli e\u015fyalar\u0131 se\u00e7ti\u011fimiz gibi hangi enerji s\u0131n\u0131f\u0131nda oldu\u011funa dikkat etmemiz gerekir. A-G aras\u0131 de\u011fi\u015fen enerji seviyelerinden en az elektrik harcayan\u0131 A s\u0131n\u0131f\u0131d\u0131r. G\u2019ye do\u011fru elektrik t\u00fcketimi artar. E\u011fer kulland\u0131\u011f\u0131n\u0131z kliman\u0131n \u00f6mr\u00fc 10 y\u0131l\u0131 ge\u00e7mi\u015fse gerek enerji s\u0131n\u0131f\u0131 A olmad\u0131\u011f\u0131 i\u00e7in gerekse kullan\u0131mdan \u00f6t\u00fcr\u00fc enerji t\u00fcketimi fazlad\u0131r. Aradaki enerji t\u00fcketimi fark\u0131 y\u00fczde 40\u2032lara ula\u015fabilir. Bir klima al\u0131rken \u0131s\u0131tmak veya so\u011futmak istedi\u011finiz mekan\u0131n boyutuna uygun bir model se\u00e7mek gereklidir. Yetersiz veya gere\u011finden g\u00fc\u00e7l\u00fc klimalar enerji t\u00fcketiminizi artt\u0131r\u0131r. Mekana g\u00f6re k\u00fc\u00e7\u00fck BTU\u2019lu klima al\u0131n\u0131rsa klima oday\u0131 bir t\u00fcrl\u00fc istenilen s\u0131cakl\u0131\u011fa ula\u015ft\u0131ramayaca\u011f\u0131 i\u00e7in s\u00fcrekli \u00e7al\u0131\u015facak ve elektrik t\u00fcketimi artacakt\u0131r. Mekana g\u00f6re b\u00fcy\u00fck BTU\u2019lu klima al\u0131n\u0131rsa mekan birden so\u011fuyacak, kompres\u00f6r s\u0131k s\u0131k kapan\u0131p a\u00e7\u0131laca\u011f\u0131 i\u00e7in fazla elektrik kullan\u0131lacakt\u0131r. Klimayla so\u011futma yap\u0131lan mekanlarda g\u00fcne\u015f \u0131\u015f\u0131nlar\u0131n\u0131n pencereden i\u00e7eri girmesi so\u011futmaya negatif etki yapar. Bu nedenle m\u00fcmk\u00fcnse g\u00fcne\u015flikler a\u00e7\u0131lmayarak g\u00fcne\u015f \u0131\u015f\u0131nlar\u0131n\u0131n eve girmesi engellenebilir. Odan\u0131n karanl\u0131k olmamas\u0131 i\u00e7in g\u00fcne\u015fe bakmayan pencere perdelerini a\u00e7\u0131larak oda i\u00e7i ayd\u0131nlatma sa\u011flanabilir. Evinizin \u0131s\u0131 yal\u0131t\u0131ml\u0131 olmas\u0131, klimayla \u0131s\u0131tma ve so\u011futma yaparken i\u00e7 \u0131s\u0131 daha uzun s\u00fcre korunaca\u011f\u0131 i\u00e7in enerji tasarrufu a\u00e7\u0131s\u0131ndan olumlu katk\u0131 sa\u011flar. Duvar yal\u0131t\u0131mlar\u0131 in\u015faat a\u015famas\u0131nda ancak ayarlanabilir. Yine de kap\u0131 ve pencerelerden ya\u015fanacak \u0131s\u0131 kay\u0131plar\u0131n\u0131 \u00f6nlemek i\u00e7in \u00e7e\u015fitli teknikler kullan\u0131labilir. Evinizin ne kadar \u0131s\u0131naca\u011f\u0131 ya da ne kadar so\u011fuyaca\u011f\u0131na iyi karar vermelisiniz.\u201d<\/p>\n<p>Uysal, filtreleri temizlenmeyen bir kliman\u0131n enerji t\u00fcketiminin di\u011ferlerine oranla daha fazla oldu\u011funu s\u00f6zlerine ekledi.<\/p>\n<p>Kaynak: Cihan<\/p>","protected":false},"excerpt":{"rendered":"<p>Sorry, this entry is only available in Turkish. For the sake of viewer convenience, the content is shown below in the alternative language. You may click the link to switch the active language.Enerji Verimlili\u011fi Derne\u011fi (ENVERDER) Bursa \u015eubesi Ba\u015fkan\u0131 Mustafa Uysal, yaz aylar\u0131n\u0131n vazge\u00e7ilmez cihazlar\u0131 klimalar\u0131n se\u00e7imi ve kullan\u0131m\u0131 konusunda vatanda\u015flar\u0131 uyard\u0131.\u00dclkenin elektrik arz\u0131n\u0131n \u00f6nemli [&hellip;]<\/p>\n","protected":false},"author":1,"featured_media":29288,"comment_status":"open","ping_status":"open","sticky":false,"template":"","format":"standard","meta":[],"categories":[53],"tags":[1525,800,227,796,1616,16583],"views":723,"_links":{"self":[{"href":"https:\/\/www.enerjigazetesi.ist\/en\/wp-json\/wp\/v2\/posts\/29287"}],"collection":[{"href":"https:\/\/www.enerjigazetesi.ist\/en\/wp-json\/wp\/v2\/posts"}],"about":[{"href":"https:\/\/www.enerjigazetesi.ist\/en\/wp-json\/wp\/v2\/types\/post"}],"author":[{"embeddable":true,"href":"https:\/\/www.enerjigazetesi.ist\/en\/wp-json\/wp\/v2\/users\/1"}],"replies":[{"embeddable":true,"href":"https:\/\/www.enerjigazetesi.ist\/en\/wp-json\/wp\/v2\/comments?post=29287"}],"version-history":[{"count":1,"href":"https:\/\/www.enerjigazetesi.ist\/en\/wp-json\/wp\/v2\/posts\/29287\/revisions"}],"predecessor-version":[{"id":29289,"href":"https:\/\/www.enerjigazetesi.ist\/en\/wp-json\/wp\/v2\/posts\/29287\/revisions\/29289"}],"wp:featuredmedia":[{"embeddable":true,"href":"https:\/\/www.enerjigazetesi.ist\/en\/wp-json\/wp\/v2\/media\/29288"}],"wp:attachment":[{"href":"https:\/\/www.enerjigazetesi.ist\/en\/wp-json\/wp\/v2\/media?parent=29287"}],"wp:term":[{"taxonomy":"category","embeddable":true,"href":"https:\/\/www.enerjigazetesi.ist\/en\/wp-json\/wp\/v2\/categories?post=29287"},{"taxonomy":"post_tag","embeddable":true,"href":"https:\/\/www.enerjigazetesi.ist\/en\/wp-json\/wp\/v2\/tags?post=29287"}],"curies":[{"name":"wp","href":"https:\/\/api.w.org\/{rel}","templated":true}]}}