{"id":29258,"date":"2014-07-11T17:35:52","date_gmt":"2014-07-11T14:35:52","guid":{"rendered":"https:\/\/www.enerjigazetesi.ist\/?p=29258"},"modified":"2014-07-11T17:35:52","modified_gmt":"2014-07-11T14:35:52","slug":"cin-elektrikli-arac-satisindan-vergi-almayacak","status":"publish","type":"post","link":"https:\/\/www.enerjigazetesi.ist\/en\/cin-elektrikli-arac-satisindan-vergi-almayacak\/","title":{"rendered":"(Turkish) \u00c7in Elektrikli Ara\u00e7 Sat\u0131\u015f\u0131ndan Vergi Almayacak!"},"content":{"rendered":"<p class=\"qtranxs-available-languages-message qtranxs-available-languages-message-en\">Sorry, this entry is only available in <a href=\"https:\/\/www.enerjigazetesi.ist\/tr\/wp-json\/wp\/v2\/posts\/29258\" class=\"qtranxs-available-language-link qtranxs-available-language-link-tr\" title=\"Turkish\">Turkish<\/a>. For the sake of viewer convenience, the content is shown below in the alternative language. You may click the link to switch the active language.<\/p><p><strong>\u00c7in h\u00fck\u00fcmeti hava kirlili\u011fini ve en<a href=\"https:\/\/www.enerjigazetesi.ist\/wp-content\/uploads\/2014\/07\/cin-elektrikli-arac-satisindan-vergi-almayacak.jpg\"><img loading=\"lazy\" class=\"alignleft size-medium wp-image-29259\" src=\"https:\/\/www.enerjigazetesi.ist\/wp-content\/uploads\/2014\/07\/cin-elektrikli-arac-satisindan-vergi-almayacak-300x224.jpg\" alt=\"cin-elektrikli-arac-satisindan-vergi-almayacak\" width=\"300\" height=\"224\" srcset=\"https:\/\/www.enerjigazetesi.ist\/wp-content\/uploads\/2014\/07\/cin-elektrikli-arac-satisindan-vergi-almayacak-300x224.jpg 300w, https:\/\/www.enerjigazetesi.ist\/wp-content\/uploads\/2014\/07\/cin-elektrikli-arac-satisindan-vergi-almayacak-66x50.jpg 66w, https:\/\/www.enerjigazetesi.ist\/wp-content\/uploads\/2014\/07\/cin-elektrikli-arac-satisindan-vergi-almayacak.jpg 448w\" sizes=\"(max-width: 300px) 100vw, 300px\" \/><\/a>erji ba\u011f\u0131ml\u0131l\u0131\u011f\u0131n\u0131 azaltmak i\u00e7in elektrikli ara\u00e7 sat\u0131\u015flar\u0131nda y\u00fczde on oran\u0131nda vergi muafiyeti uygulayacak.<\/strong><\/p>\n<p>\u00c7in Halk Cumhuriyeti son d\u00f6nemlerde insan sa\u011fl\u0131\u011f\u0131n\u0131 ciddi oranlarda tehdit eden hava kirlili\u011fi ile m\u00fccadele etmek ve enerji ba\u011f\u0131ml\u0131l\u0131\u011f\u0131n\u0131 azaltmak i\u00e7in elektrikli ara\u00e7 sat\u0131\u015flar\u0131nda y\u00fczde on oran\u0131nda bir vergi indirimi yapacak.<\/p>\n<p>\u00c7in Merkezi H\u00fck\u00fcmet\u2019in internet sitesinde d\u00fcn yay\u0131nlanan habere g\u00f6re, elektrikli arabalar, hibrit arabalar ve yak\u0131t h\u00fccreli ara\u00e7lar 1 Eyl\u00fcl itibari ile 2017 y\u0131l\u0131 sonuna kadar vergiden muaf tutulacak.<\/p>\n<p>Elektrikli ara\u00e7lara sa\u011flanan bu vergi muafiyetinin elektrikli araba sat\u0131\u015flar\u0131n\u0131 artt\u0131rmas\u0131 planlan\u0131yor.<\/p>\n<p>Kaynak: <a href=\"http:\/\/enerjigunlugu.net\/cin-elektrikli-arac-satisindan-vergi-almayacak_9283.html\" target=\"_blank\" rel=\"nofollow\">Enerji G\u00fcnl\u00fc\u011f\u00fc<\/a><\/p>","protected":false},"excerpt":{"rendered":"<p>Sorry, this entry is only available in Turkish. For the sake of viewer convenience, the content is shown below in the alternative language. You may click the link to switch the active language.\u00c7in h\u00fck\u00fcmeti hava kirlili\u011fini ve enerji ba\u011f\u0131ml\u0131l\u0131\u011f\u0131n\u0131 azaltmak i\u00e7in elektrikli ara\u00e7 sat\u0131\u015flar\u0131nda y\u00fczde on oran\u0131nda vergi muafiyeti uygulayacak. \u00c7in Halk Cumhuriyeti son d\u00f6nemlerde [&hellip;]<\/p>\n","protected":false},"author":1,"featured_media":29259,"comment_status":"open","ping_status":"open","sticky":false,"template":"","format":"standard","meta":[],"categories":[51,53],"tags":[886,68,215,63,67,1009,165,5793,16564],"views":733,"_links":{"self":[{"href":"https:\/\/www.enerjigazetesi.ist\/en\/wp-json\/wp\/v2\/posts\/29258"}],"collection":[{"href":"https:\/\/www.enerjigazetesi.ist\/en\/wp-json\/wp\/v2\/posts"}],"about":[{"href":"https:\/\/www.enerjigazetesi.ist\/en\/wp-json\/wp\/v2\/types\/post"}],"author":[{"embeddable":true,"href":"https:\/\/www.enerjigazetesi.ist\/en\/wp-json\/wp\/v2\/users\/1"}],"replies":[{"embeddable":true,"href":"https:\/\/www.enerjigazetesi.ist\/en\/wp-json\/wp\/v2\/comments?post=29258"}],"version-history":[{"count":1,"href":"https:\/\/www.enerjigazetesi.ist\/en\/wp-json\/wp\/v2\/posts\/29258\/revisions"}],"predecessor-version":[{"id":29260,"href":"https:\/\/www.enerjigazetesi.ist\/en\/wp-json\/wp\/v2\/posts\/29258\/revisions\/29260"}],"wp:featuredmedia":[{"embeddable":true,"href":"https:\/\/www.enerjigazetesi.ist\/en\/wp-json\/wp\/v2\/media\/29259"}],"wp:attachment":[{"href":"https:\/\/www.enerjigazetesi.ist\/en\/wp-json\/wp\/v2\/media?parent=29258"}],"wp:term":[{"taxonomy":"category","embeddable":true,"href":"https:\/\/www.enerjigazetesi.ist\/en\/wp-json\/wp\/v2\/categories?post=29258"},{"taxonomy":"post_tag","embeddable":true,"href":"https:\/\/www.enerjigazetesi.ist\/en\/wp-json\/wp\/v2\/tags?post=29258"}],"curies":[{"name":"wp","href":"https:\/\/api.w.org\/{rel}","templated":true}]}}