{"id":29175,"date":"2014-07-10T17:52:36","date_gmt":"2014-07-10T14:52:36","guid":{"rendered":"https:\/\/www.enerjigazetesi.ist\/?p=29175"},"modified":"2014-07-10T17:52:36","modified_gmt":"2014-07-10T14:52:36","slug":"guney-akim-projesinin-ana-hattinin-insaat-sozlesmesi-imzalandi","status":"publish","type":"post","link":"https:\/\/www.enerjigazetesi.ist\/en\/guney-akim-projesinin-ana-hattinin-insaat-sozlesmesi-imzalandi\/","title":{"rendered":"(Turkish) G\u00fcney Ak\u0131m Projesinin Ana Hatt\u0131n\u0131n \u0130n\u015faat S\u00f6zle\u015fmesi \u0130mzaland\u0131!"},"content":{"rendered":"<p class=\"qtranxs-available-languages-message qtranxs-available-languages-message-en\">Sorry, this entry is only available in <a href=\"https:\/\/www.enerjigazetesi.ist\/tr\/wp-json\/wp\/v2\/posts\/29175\" class=\"qtranxs-available-language-link qtranxs-available-language-link-tr\" title=\"Turkish\">Turkish<\/a>. For the sake of viewer convenience, the content is shown below in the alternative language. You may click the link to switch the active language.<\/p><p><strong>S\u0131rbistan topraklar\u0131nda bulunacak ve 2,1 milyar Euro de\u011ferindeki G\u00fcney Ak\u0131m projesinin ana hatt\u0131n\u0131n in\u015faat s\u00f6zle\u015fmesi Belgrad\u2019da imzaland\u0131.<a href=\"https:\/\/www.enerjigazetesi.ist\/wp-content\/uploads\/2014\/07\/g\u00fcney-ak\u0131m-gaz-289833.jpg\"><img loading=\"lazy\" class=\"alignright size-medium wp-image-29176\" src=\"https:\/\/www.enerjigazetesi.ist\/wp-content\/uploads\/2014\/07\/g\u00fcney-ak\u0131m-gaz-289833-300x207.jpg\" alt=\"g\u00fcney-ak\u0131m-gaz-289833\" width=\"300\" height=\"207\" srcset=\"https:\/\/www.enerjigazetesi.ist\/wp-content\/uploads\/2014\/07\/g\u00fcney-ak\u0131m-gaz-289833-300x207.jpg 300w, https:\/\/www.enerjigazetesi.ist\/wp-content\/uploads\/2014\/07\/g\u00fcney-ak\u0131m-gaz-289833-500x346.jpg 500w, https:\/\/www.enerjigazetesi.ist\/wp-content\/uploads\/2014\/07\/g\u00fcney-ak\u0131m-gaz-289833-72x50.jpg 72w, https:\/\/www.enerjigazetesi.ist\/wp-content\/uploads\/2014\/07\/g\u00fcney-ak\u0131m-gaz-289833.jpg 859w\" sizes=\"(max-width: 300px) 100vw, 300px\" \/><\/a><\/strong><span id=\"more-66159\"><\/span><\/p>\n<p>G\u00fcney Ak\u0131m S\u0131rbistan (South Stream Serbia AG) ile OAO Tsentrogaz \u015firketleri aras\u0131ndaki imza t\u00f6renine Serbiyazgaz Ba\u015fkan\u0131 Du\u015fan Bayatovi\u00e7, Gazprom\u2019un proje y\u00f6netim departman\u0131 ba\u015fkan yard\u0131mc\u0131s\u0131 Aleksandr S\u0131romyatin ve Tsentrgaz Genel M\u00fcd\u00fcr\u00fc Stanislav Anikeev kat\u0131ld\u0131. Yap\u0131lan a\u00e7\u0131klamalarda bu boru hatt\u0131ndan ilk do\u011falgaz 2016 y\u0131l\u0131n\u0131n sonunda g\u00f6nderilecek.<\/p>\n<p>Tsentrgaz 2014 Mart ay\u0131nda ba\u015flayan ihaleyi kazanm\u0131\u015ft\u0131. \u015eirket projelendirme, ekipman ve malzemelerin teminat\u0131, in\u015faat ve montaj \u00e7al\u0131\u015fmalar\u0131, personellerin e\u011fitiminden sorumlu olacak. S\u00f6zle\u015fme boru hatt\u0131n\u0131n in\u015faat\u0131nda S\u0131rp \u015firketlerin g\u00f6rev almas\u0131n\u0131 \u00f6n g\u00f6r\u00fcyor.<\/p>\n<p>2009 Kas\u0131m ay\u0131nda G\u00fcney Ak\u0131m S\u0131rbistan adl\u0131 bir \u015firket kurulmu\u015ftu. Bu \u015firketin hisselerinin %51\u2032i Gazprom\u2019a, %49\u2032u ise Serbiyagaz\u2019a ait.<\/p>\n<p>Kaynak: Enerji Enstit\u00fcs\u00fc<\/p>","protected":false},"excerpt":{"rendered":"<p>Sorry, this entry is only available in Turkish. For the sake of viewer convenience, the content is shown below in the alternative language. You may click the link to switch the active language.S\u0131rbistan topraklar\u0131nda bulunacak ve 2,1 milyar Euro de\u011ferindeki G\u00fcney Ak\u0131m projesinin ana hatt\u0131n\u0131n in\u015faat s\u00f6zle\u015fmesi Belgrad\u2019da imzaland\u0131. G\u00fcney Ak\u0131m S\u0131rbistan (South Stream Serbia [&hellip;]<\/p>\n","protected":false},"author":1,"featured_media":29176,"comment_status":"open","ping_status":"open","sticky":false,"template":"","format":"standard","meta":[],"categories":[46,53],"tags":[16523,1277,1278,16524,16525,16526,16527],"views":657,"_links":{"self":[{"href":"https:\/\/www.enerjigazetesi.ist\/en\/wp-json\/wp\/v2\/posts\/29175"}],"collection":[{"href":"https:\/\/www.enerjigazetesi.ist\/en\/wp-json\/wp\/v2\/posts"}],"about":[{"href":"https:\/\/www.enerjigazetesi.ist\/en\/wp-json\/wp\/v2\/types\/post"}],"author":[{"embeddable":true,"href":"https:\/\/www.enerjigazetesi.ist\/en\/wp-json\/wp\/v2\/users\/1"}],"replies":[{"embeddable":true,"href":"https:\/\/www.enerjigazetesi.ist\/en\/wp-json\/wp\/v2\/comments?post=29175"}],"version-history":[{"count":1,"href":"https:\/\/www.enerjigazetesi.ist\/en\/wp-json\/wp\/v2\/posts\/29175\/revisions"}],"predecessor-version":[{"id":29177,"href":"https:\/\/www.enerjigazetesi.ist\/en\/wp-json\/wp\/v2\/posts\/29175\/revisions\/29177"}],"wp:featuredmedia":[{"embeddable":true,"href":"https:\/\/www.enerjigazetesi.ist\/en\/wp-json\/wp\/v2\/media\/29176"}],"wp:attachment":[{"href":"https:\/\/www.enerjigazetesi.ist\/en\/wp-json\/wp\/v2\/media?parent=29175"}],"wp:term":[{"taxonomy":"category","embeddable":true,"href":"https:\/\/www.enerjigazetesi.ist\/en\/wp-json\/wp\/v2\/categories?post=29175"},{"taxonomy":"post_tag","embeddable":true,"href":"https:\/\/www.enerjigazetesi.ist\/en\/wp-json\/wp\/v2\/tags?post=29175"}],"curies":[{"name":"wp","href":"https:\/\/api.w.org\/{rel}","templated":true}]}}