{"id":29133,"date":"2014-07-10T09:31:14","date_gmt":"2014-07-10T06:31:14","guid":{"rendered":"https:\/\/www.enerjigazetesi.ist\/?p=29133"},"modified":"2014-07-10T09:31:14","modified_gmt":"2014-07-10T06:31:14","slug":"elektrik-tuketimi-haziranda-yuzde-3-artti","status":"publish","type":"post","link":"https:\/\/www.enerjigazetesi.ist\/en\/elektrik-tuketimi-haziranda-yuzde-3-artti\/","title":{"rendered":"(Turkish) Elektrik T\u00fcketimi Haziran\u2019da Y\u00fczde 3 Artt\u0131&#8230;"},"content":{"rendered":"<p class=\"qtranxs-available-languages-message qtranxs-available-languages-message-en\">Sorry, this entry is only available in <a href=\"https:\/\/www.enerjigazetesi.ist\/tr\/wp-json\/wp\/v2\/posts\/29133\" class=\"qtranxs-available-language-link qtranxs-available-language-link-tr\" title=\"Turkish\">Turkish<\/a>. For the sake of viewer convenience, the content is shown below in the alternative language. You may click the link to switch the active language.<\/p><p><strong>T\u00fcrkiye Elektrik \u0130letim A\u015e\u2019nin (TE\u0130A\u015e) ge\u00e7ici verilerine g\u00f6re, T\u00fcrkiye\u2019nin elektrik t\u00fcketimi Haziran ay\u0131nda <a href=\"https:\/\/www.enerjigazetesi.ist\/wp-content\/uploads\/2014\/07\/elektrik-tuketimi-ve-uretimi-2014-teias.jpg\"><img loading=\"lazy\" class=\"alignright size-medium wp-image-29141\" src=\"https:\/\/www.enerjigazetesi.ist\/wp-content\/uploads\/2014\/07\/elektrik-tuketimi-ve-uretimi-2014-teias-300x187.jpg\" alt=\"elektrik-tuketimi-ve-uretimi-2014-teias\" width=\"300\" height=\"187\" srcset=\"https:\/\/www.enerjigazetesi.ist\/wp-content\/uploads\/2014\/07\/elektrik-tuketimi-ve-uretimi-2014-teias-300x187.jpg 300w, https:\/\/www.enerjigazetesi.ist\/wp-content\/uploads\/2014\/07\/elektrik-tuketimi-ve-uretimi-2014-teias-500x312.jpg 500w, https:\/\/www.enerjigazetesi.ist\/wp-content\/uploads\/2014\/07\/elektrik-tuketimi-ve-uretimi-2014-teias-80x50.jpg 80w, https:\/\/www.enerjigazetesi.ist\/wp-content\/uploads\/2014\/07\/elektrik-tuketimi-ve-uretimi-2014-teias.jpg 679w\" sizes=\"(max-width: 300px) 100vw, 300px\" \/><\/a>y\u00fczde 3 art\u0131\u015fla 20.576 milyar kWh olarak ger\u00e7ekle\u015fti.<\/strong><span id=\"more-66138\"><\/span><\/p>\n<p>TE\u0130A\u015e verilerine g\u00f6re, Haziran ay\u0131nda T\u00fcrkiye\u2019de \u00fcretilen toplam elektrik enerjisi miktar\u0131 da y\u00fczde 3 art\u0131\u015fla 20.187 milyar kWh oldu. Ge\u00e7ti\u011fimiz y\u0131l Haziran ay\u0131nda T\u00fcrkiye\u2019nin elektrik \u00fcretimi 19.556 milyar kWh, t\u00fcketim miktar\u0131 ise 19.950 milyar kWh seviyesindeydi.<\/p>\n<p>Haziran ay\u0131nda en y\u00fcksek elektrik puant\u0131 27 Haziran g\u00fcn\u00fc saat 14:20\u2032de<strong> 38.656, 7 MW<\/strong> seviyesinde ger\u00e7ekle\u015fti. Ge\u00e7en sene yaz aylar\u0131nda en y\u00fcksek elektrik puant\u0131 20.08.2014 tarihinde\u00a0<strong>38.273,98<\/strong> olarak ger\u00e7ekle\u015fmi\u015fti. \u00d6n\u00fcm\u00fczdeki aylarda daha y\u00fcksek seviyelerin g\u00f6r\u00fclmesi bekleniyor.<\/p>\n<p>\u00d6te yandan, Haziran ay\u0131 elektrik \u00fcretiminde sonu\u00e7lar \u015f\u00f6yle:<\/p>\n<p><a href=\"https:\/\/www.enerjigazetesi.ist\/wp-content\/uploads\/2014\/07\/barajli-santrallarde-su-durumu-hidroelektrik.png\"><img loading=\"lazy\" class=\"aligncenter size-medium wp-image-29134\" src=\"https:\/\/www.enerjigazetesi.ist\/wp-content\/uploads\/2014\/07\/barajli-santrallarde-su-durumu-hidroelektrik-300x198.png\" alt=\"barajli-santrallarde-su-durumu-hidroelektrik\" width=\"300\" height=\"198\" srcset=\"https:\/\/www.enerjigazetesi.ist\/wp-content\/uploads\/2014\/07\/barajli-santrallarde-su-durumu-hidroelektrik-300x198.png 300w, https:\/\/www.enerjigazetesi.ist\/wp-content\/uploads\/2014\/07\/barajli-santrallarde-su-durumu-hidroelektrik-500x331.png 500w, https:\/\/www.enerjigazetesi.ist\/wp-content\/uploads\/2014\/07\/barajli-santrallarde-su-durumu-hidroelektrik-75x50.png 75w, https:\/\/www.enerjigazetesi.ist\/wp-content\/uploads\/2014\/07\/barajli-santrallarde-su-durumu-hidroelektrik.png 634w\" sizes=\"(max-width: 300px) 100vw, 300px\" \/><\/a><\/p>\n<p>&nbsp;<\/p>\n<p><a href=\"https:\/\/www.enerjigazetesi.ist\/wp-content\/uploads\/2014\/07\/kuruluslara-gore-elektirk-uretimi.png\"><img loading=\"lazy\" class=\"aligncenter size-medium wp-image-29135\" src=\"https:\/\/www.enerjigazetesi.ist\/wp-content\/uploads\/2014\/07\/kuruluslara-gore-elektirk-uretimi-300x250.png\" alt=\"kuruluslara-gore-elektirk-uretimi\" width=\"300\" height=\"250\" srcset=\"https:\/\/www.enerjigazetesi.ist\/wp-content\/uploads\/2014\/07\/kuruluslara-gore-elektirk-uretimi-300x250.png 300w, https:\/\/www.enerjigazetesi.ist\/wp-content\/uploads\/2014\/07\/kuruluslara-gore-elektirk-uretimi-479x400.png 479w, https:\/\/www.enerjigazetesi.ist\/wp-content\/uploads\/2014\/07\/kuruluslara-gore-elektirk-uretimi-59x50.png 59w, https:\/\/www.enerjigazetesi.ist\/wp-content\/uploads\/2014\/07\/kuruluslara-gore-elektirk-uretimi.png 566w\" sizes=\"(max-width: 300px) 100vw, 300px\" \/><\/a><\/p>\n<p><a href=\"https:\/\/www.enerjigazetesi.ist\/wp-content\/uploads\/2014\/07\/elektrik-uretimi-kuruluslara-gore-dagilimi.png\"><img loading=\"lazy\" class=\"aligncenter size-medium wp-image-29136\" src=\"https:\/\/www.enerjigazetesi.ist\/wp-content\/uploads\/2014\/07\/elektrik-uretimi-kuruluslara-gore-dagilimi-300x116.png\" alt=\"elektrik-uretimi-kuruluslara-gore-dagilimi\" width=\"300\" height=\"116\" srcset=\"https:\/\/www.enerjigazetesi.ist\/wp-content\/uploads\/2014\/07\/elektrik-uretimi-kuruluslara-gore-dagilimi-300x116.png 300w, https:\/\/www.enerjigazetesi.ist\/wp-content\/uploads\/2014\/07\/elektrik-uretimi-kuruluslara-gore-dagilimi-500x194.png 500w, https:\/\/www.enerjigazetesi.ist\/wp-content\/uploads\/2014\/07\/elektrik-uretimi-kuruluslara-gore-dagilimi-80x31.png 80w, https:\/\/www.enerjigazetesi.ist\/wp-content\/uploads\/2014\/07\/elektrik-uretimi-kuruluslara-gore-dagilimi.png 603w\" sizes=\"(max-width: 300px) 100vw, 300px\" \/><\/a><\/p>\n<p>&nbsp;<\/p>\n<p><a href=\"https:\/\/www.enerjigazetesi.ist\/wp-content\/uploads\/2014\/07\/yerli-yabanci-kaynaklar-elektrik-ureitmi.png\"><img loading=\"lazy\" class=\"aligncenter size-medium wp-image-29137\" src=\"https:\/\/www.enerjigazetesi.ist\/wp-content\/uploads\/2014\/07\/yerli-yabanci-kaynaklar-elektrik-ureitmi-300x88.png\" alt=\"yerli-yabanci-kaynaklar-elektrik-ureitmi\" width=\"300\" height=\"88\" srcset=\"https:\/\/www.enerjigazetesi.ist\/wp-content\/uploads\/2014\/07\/yerli-yabanci-kaynaklar-elektrik-ureitmi-300x88.png 300w, https:\/\/www.enerjigazetesi.ist\/wp-content\/uploads\/2014\/07\/yerli-yabanci-kaynaklar-elektrik-ureitmi-500x147.png 500w, https:\/\/www.enerjigazetesi.ist\/wp-content\/uploads\/2014\/07\/yerli-yabanci-kaynaklar-elektrik-ureitmi-80x23.png 80w, https:\/\/www.enerjigazetesi.ist\/wp-content\/uploads\/2014\/07\/yerli-yabanci-kaynaklar-elektrik-ureitmi.png 744w\" sizes=\"(max-width: 300px) 100vw, 300px\" \/><\/a><\/p>\n<p><a href=\"https:\/\/www.enerjigazetesi.ist\/wp-content\/uploads\/2014\/07\/yerli-yabanci-kaynaklar-elektrik-ureitmi1.png\">\u00a0<\/a><\/p>\n<p><a href=\"https:\/\/www.enerjigazetesi.ist\/wp-content\/uploads\/2014\/07\/kaynaklara-gore-elektrik-uretimi-komur-gaz-hidrolik-ruzgar.png\"><img loading=\"lazy\" class=\"aligncenter size-medium wp-image-29139\" src=\"https:\/\/www.enerjigazetesi.ist\/wp-content\/uploads\/2014\/07\/kaynaklara-gore-elektrik-uretimi-komur-gaz-hidrolik-ruzgar-300x137.png\" alt=\"kaynaklara-gore-elektrik-uretimi-komur-gaz-hidrolik-ruzgar\" width=\"300\" height=\"137\" srcset=\"https:\/\/www.enerjigazetesi.ist\/wp-content\/uploads\/2014\/07\/kaynaklara-gore-elektrik-uretimi-komur-gaz-hidrolik-ruzgar-300x137.png 300w, https:\/\/www.enerjigazetesi.ist\/wp-content\/uploads\/2014\/07\/kaynaklara-gore-elektrik-uretimi-komur-gaz-hidrolik-ruzgar-500x229.png 500w, https:\/\/www.enerjigazetesi.ist\/wp-content\/uploads\/2014\/07\/kaynaklara-gore-elektrik-uretimi-komur-gaz-hidrolik-ruzgar-80x36.png 80w, https:\/\/www.enerjigazetesi.ist\/wp-content\/uploads\/2014\/07\/kaynaklara-gore-elektrik-uretimi-komur-gaz-hidrolik-ruzgar.png 705w\" sizes=\"(max-width: 300px) 100vw, 300px\" \/><\/a><\/p>\n<p>&nbsp;<\/p>\n<p><a href=\"https:\/\/www.enerjigazetesi.ist\/wp-content\/uploads\/2014\/07\/elektrik-uretimi-kaynaklara-gore-dagilimi.png\"><img loading=\"lazy\" class=\"aligncenter size-medium wp-image-29140\" src=\"https:\/\/www.enerjigazetesi.ist\/wp-content\/uploads\/2014\/07\/elektrik-uretimi-kaynaklara-gore-dagilimi-300x161.png\" alt=\"elektrik-uretimi-kaynaklara-gore-dagilimi\" width=\"300\" height=\"161\" srcset=\"https:\/\/www.enerjigazetesi.ist\/wp-content\/uploads\/2014\/07\/elektrik-uretimi-kaynaklara-gore-dagilimi-300x161.png 300w, https:\/\/www.enerjigazetesi.ist\/wp-content\/uploads\/2014\/07\/elektrik-uretimi-kaynaklara-gore-dagilimi-500x269.png 500w, https:\/\/www.enerjigazetesi.ist\/wp-content\/uploads\/2014\/07\/elektrik-uretimi-kaynaklara-gore-dagilimi-80x43.png 80w, https:\/\/www.enerjigazetesi.ist\/wp-content\/uploads\/2014\/07\/elektrik-uretimi-kaynaklara-gore-dagilimi.png 723w\" sizes=\"(max-width: 300px) 100vw, 300px\" \/><\/a><\/p>\n<p>Kaynak: Enerji Enstit\u00fcs\u00fc<\/p>\n<p>&nbsp;<\/p>\n<p>&nbsp;<\/p>\n<p>&nbsp;<\/p>\n<p>&nbsp;<\/p>\n<p>&nbsp;<\/p>\n<p>&nbsp;<\/p>\n<p>&nbsp;<\/p>\n<p>&nbsp;<\/p>\n<p>&nbsp;<\/p>\n<p>&nbsp;<\/p>\n<p>&nbsp;<\/p>\n<p>&nbsp;<\/p>\n<p>&nbsp;<\/p>\n<p>&nbsp;<\/p>\n<p>&nbsp;<\/p>\n<p>&nbsp;<\/p>\n<p>&nbsp;<\/p>\n<p>&nbsp;<\/p>","protected":false},"excerpt":{"rendered":"<p>Sorry, this entry is only available in Turkish. For the sake of viewer convenience, the content is shown below in the alternative language. You may click the link to switch the active language.T\u00fcrkiye Elektrik \u0130letim A\u015e\u2019nin (TE\u0130A\u015e) ge\u00e7ici verilerine g\u00f6re, T\u00fcrkiye\u2019nin elektrik t\u00fcketimi Haziran ay\u0131nda y\u00fczde 3 art\u0131\u015fla 20.576 milyar kWh olarak ger\u00e7ekle\u015fti. TE\u0130A\u015e verilerine [&hellip;]<\/p>\n","protected":false},"author":1,"featured_media":29141,"comment_status":"open","ping_status":"open","sticky":false,"template":"","format":"standard","meta":[],"categories":[51,53],"tags":[3804,16504,2990,130,16505],"views":2157,"_links":{"self":[{"href":"https:\/\/www.enerjigazetesi.ist\/en\/wp-json\/wp\/v2\/posts\/29133"}],"collection":[{"href":"https:\/\/www.enerjigazetesi.ist\/en\/wp-json\/wp\/v2\/posts"}],"about":[{"href":"https:\/\/www.enerjigazetesi.ist\/en\/wp-json\/wp\/v2\/types\/post"}],"author":[{"embeddable":true,"href":"https:\/\/www.enerjigazetesi.ist\/en\/wp-json\/wp\/v2\/users\/1"}],"replies":[{"embeddable":true,"href":"https:\/\/www.enerjigazetesi.ist\/en\/wp-json\/wp\/v2\/comments?post=29133"}],"version-history":[{"count":1,"href":"https:\/\/www.enerjigazetesi.ist\/en\/wp-json\/wp\/v2\/posts\/29133\/revisions"}],"predecessor-version":[{"id":29142,"href":"https:\/\/www.enerjigazetesi.ist\/en\/wp-json\/wp\/v2\/posts\/29133\/revisions\/29142"}],"wp:featuredmedia":[{"embeddable":true,"href":"https:\/\/www.enerjigazetesi.ist\/en\/wp-json\/wp\/v2\/media\/29141"}],"wp:attachment":[{"href":"https:\/\/www.enerjigazetesi.ist\/en\/wp-json\/wp\/v2\/media?parent=29133"}],"wp:term":[{"taxonomy":"category","embeddable":true,"href":"https:\/\/www.enerjigazetesi.ist\/en\/wp-json\/wp\/v2\/categories?post=29133"},{"taxonomy":"post_tag","embeddable":true,"href":"https:\/\/www.enerjigazetesi.ist\/en\/wp-json\/wp\/v2\/tags?post=29133"}],"curies":[{"name":"wp","href":"https:\/\/api.w.org\/{rel}","templated":true}]}}