{"id":29002,"date":"2014-07-07T15:08:28","date_gmt":"2014-07-07T12:08:28","guid":{"rendered":"https:\/\/www.enerjigazetesi.ist\/?p=29002"},"modified":"2014-07-07T15:08:28","modified_gmt":"2014-07-07T12:08:28","slug":"oettingerden-almanyaya-kaya-gazina-kapiyi-acik-birakin-cagrisi","status":"publish","type":"post","link":"https:\/\/www.enerjigazetesi.ist\/en\/oettingerden-almanyaya-kaya-gazina-kapiyi-acik-birakin-cagrisi\/","title":{"rendered":"(Turkish) Oettinger\u2019den Almanya\u2019ya \u2018Kaya Gaz\u0131na Kap\u0131y\u0131 A\u00e7\u0131k B\u0131rak\u0131n\u2019 \u00c7a\u011fr\u0131s\u0131!"},"content":{"rendered":"<p class=\"qtranxs-available-languages-message qtranxs-available-languages-message-en\">Sorry, this entry is only available in <a href=\"https:\/\/www.enerjigazetesi.ist\/tr\/wp-json\/wp\/v2\/posts\/29002\" class=\"qtranxs-available-language-link qtranxs-available-language-link-tr\" title=\"Turkish\">Turkish<\/a>. For the sake of viewer convenience, the content is shown below in the alternative language. You may click the link to switch the active language.<\/p><p><strong>Avrupa Komisyonu\u2019nun enerjiden sorumlu \u00fcyesi G\u00fcnther Oettinger, Almanya\u2019da iki bakan\u0131n dile getirdi\u011fine benzer endi\u015felerin \u00fcstesinden gelinmesi halinde Avrupa\u2019n\u0131n enerji ihtiyac\u0131n\u0131n onda birini kaya gaz\u0131ndan kar\u015f\u0131layabilece\u011fini s\u00f6yledi. Almanya Ba\u015fbakan\u0131 Angela Merkel liderli\u011findeki H\u0131ristiyan Demokratlar\u2019a mensup olan Oettinger, \u0130ngiltere ve Polonya gibi baz\u0131 AB \u00fclkelerinin kaya gaz\u0131ndan faydalanmaya istekli oldu\u011fu bir ortamda Almanya\u2019n\u0131n da se\u00e7eneklerini a\u00e7\u0131k b\u0131rakmas\u0131 gerekti\u011fini s\u00f6yledi.<\/strong><\/p>\n<p>BZ am Sonntag gazetesine konu\u015fan Oettinger, \u2018Uzun vadede Avrupa\u2019n\u0131n ihtiyac\u0131n\u0131n onda birini bu yoldan kar\u015f\u0131lama potansiyeline sahip oldu\u011funu d\u00fc\u015f\u00fcn\u00fcyorum\u2019 dedi ve bu sayede enerjide Rusya\u2019ya ba\u011f\u0131ml\u0131l\u0131\u011f\u0131n da d\u00fc\u015f\u00fcr<a href=\"https:\/\/www.enerjigazetesi.ist\/wp-content\/uploads\/2014\/07\/oettingerden-almanyaya-kaya-gazina-kapiyi-acik-birakin-cagrisi.jpg\"><img loading=\"lazy\" class=\"alignright size-medium wp-image-29003\" src=\"https:\/\/www.enerjigazetesi.ist\/wp-content\/uploads\/2014\/07\/oettingerden-almanyaya-kaya-gazina-kapiyi-acik-birakin-cagrisi-300x189.jpg\" alt=\"oettingerden-almanyaya-kaya-gazina-kapiyi-acik-birakin-cagrisi\" width=\"300\" height=\"189\" srcset=\"https:\/\/www.enerjigazetesi.ist\/wp-content\/uploads\/2014\/07\/oettingerden-almanyaya-kaya-gazina-kapiyi-acik-birakin-cagrisi-300x189.jpg 300w, https:\/\/www.enerjigazetesi.ist\/wp-content\/uploads\/2014\/07\/oettingerden-almanyaya-kaya-gazina-kapiyi-acik-birakin-cagrisi-500x315.jpg 500w, https:\/\/www.enerjigazetesi.ist\/wp-content\/uploads\/2014\/07\/oettingerden-almanyaya-kaya-gazina-kapiyi-acik-birakin-cagrisi-80x50.jpg 80w, https:\/\/www.enerjigazetesi.ist\/wp-content\/uploads\/2014\/07\/oettingerden-almanyaya-kaya-gazina-kapiyi-acik-birakin-cagrisi.jpg 600w\" sizes=\"(max-width: 300px) 100vw, 300px\" \/><\/a>\u00fclebilece\u011fini alt\u0131n\u0131 \u00e7izdi.<\/p>\n<p>Almanya\u2019da kaya gaz\u0131 sondaj\u0131n\u0131 d\u00fczenleyen yasay\u0131 haz\u0131rlamakla g\u00f6revli Ekonomi Bakan\u0131 Sigmar Gabriel ve \u00c7evre Bakan\u0131 Barbara Hendricks, d\u00fczenleme tekliflerini Cuma g\u00fcn\u00fc milletvekilleriyle payla\u015ft\u0131.<\/p>\n<p>Gabriel gibi Sosyal Demokrat Partili olan Hendricks, \u2018geleneksel olmayan hidrolik k\u0131rma y\u00f6ntemlerine izin verilmeyece\u011fini\u2019 a\u00e7\u0131klad\u0131.<\/p>\n<p>\u0130ki bakan, y\u00fczeye \u00fc\u00e7 bin metreden daha yak\u0131nda bulunan rezervlerin \u00e7\u0131kar\u0131lmas\u0131n\u0131n \u00f6n\u00fcne ge\u00e7meyi ve su kalitesini korumak i\u00e7in daha s\u0131k\u0131 yasalar \u00e7\u0131karmay\u0131 planlan\u0131yor.<\/p>\n<p>Kaya gaz\u0131 sondaj\u0131nda kullan\u0131lan hidrolik k\u0131rma y\u00f6nteminde yer alt\u0131ndaki kaya tabakalar\u0131 aras\u0131na s\u0131k\u0131\u015fm\u0131\u015f do\u011falgaz\u0131n \u00e7\u0131kar\u0131lmas\u0131 i\u00e7in y\u00fcksek bas\u0131n\u00e7ta su ve kimyasal uygulan\u0131yor. Pek \u00e7ok Alman vatanda\u015f\u0131, ba\u015fta i\u00e7me sular\u0131n\u0131n kirlenmesi olmak \u00fczere \u00e7evreye ili\u015fkin kayg\u0131lar sebebiyle bu y\u00f6nteme kar\u015f\u0131 \u00e7\u0131k\u0131yor.<\/p>\n<p>Ancak Alman sanayiciler, bir yandan kendilerinin enerji maliyetleri artarken kaya gaz\u0131 sayesinde enerji fiyatlar\u0131n\u0131n ABD\u2019de d\u00fc\u015fmesi sebebiyle rekabet g\u00fc\u00e7lerini kaybedeceklerinden endi\u015fe ediyor ve kaya gaz\u0131na giderek daha \u00e7ok destek veriyor.<\/p>\n<p>Almanya Federal Jeobilimler Enstit\u00fcs\u00fc\u2019n\u00fcn iki y\u0131l \u00f6nce yapt\u0131\u011f\u0131 bir \u00e7al\u0131\u015fmaya g\u00f6re \u00fclkede 0.7 ile 2.3 trilyon metrek\u00fcp kaya gaz\u0131 bulunuyor olabilir.<\/p>\n<p>Kaynak: <a href=\"http:\/\/www.euractiv.com.tr\/enerji\/article\/oettingerden-almanyaya-kaya-gazina-kapiyi-acik-birakin-cagrisi-029937\" target=\"_blank\" rel=\"nofollow\">euractiv<\/a><\/p>","protected":false},"excerpt":{"rendered":"<p>Sorry, this entry is only available in Turkish. For the sake of viewer convenience, the content is shown below in the alternative language. You may click the link to switch the active language.Avrupa Komisyonu\u2019nun enerjiden sorumlu \u00fcyesi G\u00fcnther Oettinger, Almanya\u2019da iki bakan\u0131n dile getirdi\u011fine benzer endi\u015felerin \u00fcstesinden gelinmesi halinde Avrupa\u2019n\u0131n enerji ihtiyac\u0131n\u0131n onda birini kaya [&hellip;]<\/p>\n","protected":false},"author":1,"featured_media":29003,"comment_status":"open","ping_status":"open","sticky":false,"template":"","format":"standard","meta":[],"categories":[53],"tags":[929,3969,63,774,67,1009,165,5457,16433,168],"views":573,"_links":{"self":[{"href":"https:\/\/www.enerjigazetesi.ist\/en\/wp-json\/wp\/v2\/posts\/29002"}],"collection":[{"href":"https:\/\/www.enerjigazetesi.ist\/en\/wp-json\/wp\/v2\/posts"}],"about":[{"href":"https:\/\/www.enerjigazetesi.ist\/en\/wp-json\/wp\/v2\/types\/post"}],"author":[{"embeddable":true,"href":"https:\/\/www.enerjigazetesi.ist\/en\/wp-json\/wp\/v2\/users\/1"}],"replies":[{"embeddable":true,"href":"https:\/\/www.enerjigazetesi.ist\/en\/wp-json\/wp\/v2\/comments?post=29002"}],"version-history":[{"count":1,"href":"https:\/\/www.enerjigazetesi.ist\/en\/wp-json\/wp\/v2\/posts\/29002\/revisions"}],"predecessor-version":[{"id":29004,"href":"https:\/\/www.enerjigazetesi.ist\/en\/wp-json\/wp\/v2\/posts\/29002\/revisions\/29004"}],"wp:featuredmedia":[{"embeddable":true,"href":"https:\/\/www.enerjigazetesi.ist\/en\/wp-json\/wp\/v2\/media\/29003"}],"wp:attachment":[{"href":"https:\/\/www.enerjigazetesi.ist\/en\/wp-json\/wp\/v2\/media?parent=29002"}],"wp:term":[{"taxonomy":"category","embeddable":true,"href":"https:\/\/www.enerjigazetesi.ist\/en\/wp-json\/wp\/v2\/categories?post=29002"},{"taxonomy":"post_tag","embeddable":true,"href":"https:\/\/www.enerjigazetesi.ist\/en\/wp-json\/wp\/v2\/tags?post=29002"}],"curies":[{"name":"wp","href":"https:\/\/api.w.org\/{rel}","templated":true}]}}