{"id":28933,"date":"2014-07-05T19:33:14","date_gmt":"2014-07-05T16:33:14","guid":{"rendered":"https:\/\/www.enerjigazetesi.ist\/?p=28933"},"modified":"2014-07-05T19:33:14","modified_gmt":"2014-07-05T16:33:14","slug":"7-adimda-dogru-klima-kullanimi","status":"publish","type":"post","link":"https:\/\/www.enerjigazetesi.ist\/en\/7-adimda-dogru-klima-kullanimi\/","title":{"rendered":"(Turkish) 7 Ad\u0131mda Do\u011fru Klima Kullan\u0131m\u0131!"},"content":{"rendered":"<p class=\"qtranxs-available-languages-message qtranxs-available-languages-message-en\">Sorry, this entry is only available in <a href=\"https:\/\/www.enerjigazetesi.ist\/tr\/wp-json\/wp\/v2\/posts\/28933\" class=\"qtranxs-available-language-link qtranxs-available-language-link-tr\" title=\"Turkish\">Turkish<\/a>. For the sake of viewer convenience, the content is shown below in the alternative language. You may click the link to switch the active language.<\/p><p><strong>\u0130klimlendirme sekt\u00f6r\u00fcn\u00fcn \u00f6nc\u00fc \u015firketlerinden Alarko Carrier, havalar\u0131n \u0131s\u0131nmas\u0131yla birlikte artan klima talebi kar\u015f\u0131s\u0131nda, t\u00fcketicileri do\u011fru klima kullan\u0131m\u0131 ve enerji tasarrufu konusunda uyar\u0131yor. Alarko Carrier, son y\u0131llarda enerji tasarrufu sa\u011flayan inverter teknolojisine sahip klimalara artan talebe ra\u011fmen, t\u00fcketicilerin %80\u2019inin klimay\u0131 yanl\u0131\u015f kulland\u0131\u011f\u0131n\u0131 belirtiyor. \u0130\u015fte 7 ad\u0131mda do\u011fru klima kullan\u0131m\u0131n\u0131n p\u00fcf noktalar\u0131\u2026<\/strong><\/p>\n<p><strong>1)<\/strong> <strong>Uygun s\u0131cakl\u0131\u011f\u0131 se\u00e7in:<\/strong> Ev veya ofis i\u00e7in konfor s\u0131cakl\u0131\u011f\u0131n\u0131 yaz\u0131n 23-26 derece, k\u0131\u015f\u0131n ise 20-24 derece aral\u0131\u011f\u0131nda tutarak enerji tasarrufu sa\u011flayabilirsiniz.<a href=\"https:\/\/www.enerjigazetesi.ist\/wp-content\/uploads\/2012\/10\/klima-enerji-harcamasi-azalma.jpg\"><img loading=\"lazy\" class=\"alignright size-medium wp-image-2847\" src=\"https:\/\/www.enerjigazetesi.ist\/wp-content\/uploads\/2012\/10\/klima-enerji-harcamasi-azalma-300x215.jpg\" alt=\"klima-enerji-harcamasi-azalma\" width=\"300\" height=\"215\" srcset=\"https:\/\/www.enerjigazetesi.ist\/wp-content\/uploads\/2012\/10\/klima-enerji-harcamasi-azalma-300x215.jpg 300w, https:\/\/www.enerjigazetesi.ist\/wp-content\/uploads\/2012\/10\/klima-enerji-harcamasi-azalma-69x50.jpg 69w, https:\/\/www.enerjigazetesi.ist\/wp-content\/uploads\/2012\/10\/klima-enerji-harcamasi-azalma.jpg 436w\" sizes=\"(max-width: 300px) 100vw, 300px\" \/><\/a><\/p>\n<p><strong>2)<\/strong> <strong>G\u00fcne\u015f \u0131\u015f\u0131nlar\u0131n\u0131n i\u00e7eri girmesini engelleyici \u00f6nlemler al\u0131n:<\/strong> Klima kullan\u0131lan alanlarda \u2013\u00f6zellikle \u00e7ok s\u0131cak g\u00fcnlerde- perde, jaluzi ve kepenklerle g\u00fcne\u015f \u0131\u015f\u0131nlar\u0131n\u0131n i\u00e7eri girmesini engelleyerek enerji t\u00fcketimini azaltabilirsiniz.<\/p>\n<p><strong>3)<\/strong> <strong>Kliman\u0131n i\u00e7 ve d\u0131\u015f \u00fcnitesinin konumuna dikkat edin:<\/strong> Kliman\u0131n i\u00e7 ve d\u0131\u015f \u00fcnitesinin hava giri\u015f-\u00e7\u0131k\u0131\u015f yerinin kapanmamas\u0131na dikkat edip, d\u0131\u015f \u00fcniteyi binan\u0131n daha az g\u00fcne\u015f alan taraf\u0131na monte ettirerek, so\u011futman\u0131n olumsuz etkilenmesinin \u00f6n\u00fcne ge\u00e7ebilirsiniz.<\/p>\n<p><strong>4)<\/strong> <strong>Nemli g\u00fcnlerde kliman\u0131z\u0131 nem alma modunda \u00e7al\u0131\u015ft\u0131r\u0131n<\/strong>: Nemin yo\u011fun oldu\u011fu g\u00fcnlerde klimay\u0131 nem alma modunda \u00e7al\u0131\u015ft\u0131rarak daha az enerji harcay\u0131p, konfor art\u0131\u015f\u0131 sa\u011flayabilirsiniz.<\/p>\n<p><strong>5)<\/strong> <strong>Binan\u0131zdaki \u0131s\u0131 yal\u0131t\u0131m\u0131na dikkat edin:<\/strong> E\u011fer eski bir binadaysan\u0131z yal\u0131t\u0131m\u0131 yenileyip, i\u00e7 \u0131s\u0131 dengesini daha uzun koruyabilir, enerji tasarrufu sa\u011flayabilirsiniz.<\/p>\n<p><strong>6)<\/strong> <strong>Klima filtrelerinin periyodik bak\u0131m\u0131n\u0131 yapt\u0131r\u0131n:<\/strong> Periyodik bak\u0131mlarla cihaz\u0131n\u0131z\u0131n \u00f6mr\u00fcn\u00fc uzatabilir ve ya\u015fanabilecek olumsuzluklar\u0131n \u00f6n\u00fcne ge\u00e7ebilirsiniz.<\/p>\n<p><strong>7)<\/strong> <strong>R410A so\u011futucu gazl\u0131 klima kullan\u0131m\u0131na dikkat edin:<\/strong> Klimada verimlili\u011fi y\u00fcksek ve \u00e7evreye zarar vermeyen R410A gaz\u0131n\u0131n kullan\u0131ld\u0131\u011f\u0131ndan emin olarak enerji verimlili\u011fini art\u0131rabilirsiniz.<\/p>\n<p>Yay\u0131nc\u0131: <a href=\"https:\/\/www.enerjigazetesi.ist\" target=\"_blank\">Enerji Gazetesi<\/a><\/p>","protected":false},"excerpt":{"rendered":"<p>Sorry, this entry is only available in Turkish. For the sake of viewer convenience, the content is shown below in the alternative language. You may click the link to switch the active language.\u0130klimlendirme sekt\u00f6r\u00fcn\u00fcn \u00f6nc\u00fc \u015firketlerinden Alarko Carrier, havalar\u0131n \u0131s\u0131nmas\u0131yla birlikte artan klima talebi kar\u015f\u0131s\u0131nda, t\u00fcketicileri do\u011fru klima kullan\u0131m\u0131 ve enerji tasarrufu konusunda uyar\u0131yor. Alarko [&hellip;]<\/p>\n","protected":false},"author":1,"featured_media":2847,"comment_status":"open","ping_status":"open","sticky":false,"template":"","format":"standard","meta":[],"categories":[53,52],"tags":[15737,15738,63,67,1009,165,103,12,16391,16392,793],"views":792,"_links":{"self":[{"href":"https:\/\/www.enerjigazetesi.ist\/en\/wp-json\/wp\/v2\/posts\/28933"}],"collection":[{"href":"https:\/\/www.enerjigazetesi.ist\/en\/wp-json\/wp\/v2\/posts"}],"about":[{"href":"https:\/\/www.enerjigazetesi.ist\/en\/wp-json\/wp\/v2\/types\/post"}],"author":[{"embeddable":true,"href":"https:\/\/www.enerjigazetesi.ist\/en\/wp-json\/wp\/v2\/users\/1"}],"replies":[{"embeddable":true,"href":"https:\/\/www.enerjigazetesi.ist\/en\/wp-json\/wp\/v2\/comments?post=28933"}],"version-history":[{"count":1,"href":"https:\/\/www.enerjigazetesi.ist\/en\/wp-json\/wp\/v2\/posts\/28933\/revisions"}],"predecessor-version":[{"id":28934,"href":"https:\/\/www.enerjigazetesi.ist\/en\/wp-json\/wp\/v2\/posts\/28933\/revisions\/28934"}],"wp:featuredmedia":[{"embeddable":true,"href":"https:\/\/www.enerjigazetesi.ist\/en\/wp-json\/wp\/v2\/media\/2847"}],"wp:attachment":[{"href":"https:\/\/www.enerjigazetesi.ist\/en\/wp-json\/wp\/v2\/media?parent=28933"}],"wp:term":[{"taxonomy":"category","embeddable":true,"href":"https:\/\/www.enerjigazetesi.ist\/en\/wp-json\/wp\/v2\/categories?post=28933"},{"taxonomy":"post_tag","embeddable":true,"href":"https:\/\/www.enerjigazetesi.ist\/en\/wp-json\/wp\/v2\/tags?post=28933"}],"curies":[{"name":"wp","href":"https:\/\/api.w.org\/{rel}","templated":true}]}}