{"id":28858,"date":"2014-07-04T19:31:22","date_gmt":"2014-07-04T16:31:22","guid":{"rendered":"https:\/\/www.enerjigazetesi.ist\/?p=28858"},"modified":"2014-07-04T19:31:22","modified_gmt":"2014-07-04T16:31:22","slug":"suriyenin-en-buyuk-petrol-sahasi-isidin-eline-gecti","status":"publish","type":"post","link":"https:\/\/www.enerjigazetesi.ist\/en\/suriyenin-en-buyuk-petrol-sahasi-isidin-eline-gecti\/","title":{"rendered":"(Turkish) Suriye\u2019nin En B\u00fcy\u00fck Petrol Sahas\u0131 I\u015e\u0130D\u2019in Eline Ge\u00e7ti&#8230;"},"content":{"rendered":"<p class=\"qtranxs-available-languages-message qtranxs-available-languages-message-en\">Sorry, this entry is only available in <a href=\"https:\/\/www.enerjigazetesi.ist\/tr\/wp-json\/wp\/v2\/posts\/28858\" class=\"qtranxs-available-language-link qtranxs-available-language-link-tr\" title=\"Turkish\">Turkish<\/a>. For the sake of viewer convenience, the content is shown below in the alternative language. You may click the link to switch the active language.<\/p><p><strong>Suriye \u0130nsan Haklar\u0131 G\u00f6zlemevi, I\u015e\u0130D\u2019in Deyr Ez-Zor kenti yak\u0131nlar\u0131ndaki Suriye\u2019nin en b\u00fcy\u00fck petrol sahas\u0131n\u0131 ele ge\u00e7irdi\u011fini duyurdu. G\u00f6zlemevi\u2019ne g\u00f6re, Nusra Cephesi\u2019nin \u00e7ekilmesinin ard\u0131ndan b\u00f6lge I\u015e\u0130D\u2019in eline ge\u00e7ti. \u0130ngiltere merkezli Suriye \u0130nsan Haklar\u0131 G\u00f6zlemevi\u2019ne g\u00f6re, I\u015e\u0130D, Suriye\u2019nin en b\u00fcy\u00fck petrol kuyusunu ele ge\u00e7irdi. \u00dclkenin do\u011fusundaki Deyr Ez-Zor kenti yak\u0131nlar\u0131ndaki El \u00d6mer petrol sahas\u0131 daha \u00f6nce Nusra cephesinin denetimindeydi. Nusra Cephesi, I\u015e\u0130D\u2019le herhangi bir \u00e7at\u0131\u015fmaya girmeden b\u00f6lgeden \u00e7ekilince petrol sahas\u0131 I\u015e\u0130D\u2019in eline ge\u00e7ti.<\/strong><\/p>\n<p>El \u00d6mer petrol kuyusu, Suriye\u2019nin do\u011fusunda yer alan Deyr Ez Zor kentinin do\u011fu k\u0131rsal\u0131nda bulunuyor. Kentin g\u00fcneyinde, I\u015e\u0130D\u2019in ayn\u0131 g\u00fcn i\u00e7inde Nusra Cephesi\u2019nin e<a href=\"https:\/\/www.enerjigazetesi.ist\/wp-content\/uploads\/2014\/07\/suriyenin-en-buyuk-petrol-sahasi-isidin-eline-gecti.jpg\"><img loading=\"lazy\" class=\"alignleft size-medium wp-image-28859\" src=\"https:\/\/www.enerjigazetesi.ist\/wp-content\/uploads\/2014\/07\/suriyenin-en-buyuk-petrol-sahasi-isidin-eline-gecti-300x203.jpg\" alt=\"suriyenin-en-buyuk-petrol-sahasi-isidin-eline-gecti\" width=\"300\" height=\"203\" srcset=\"https:\/\/www.enerjigazetesi.ist\/wp-content\/uploads\/2014\/07\/suriyenin-en-buyuk-petrol-sahasi-isidin-eline-gecti-300x203.jpg 300w, https:\/\/www.enerjigazetesi.ist\/wp-content\/uploads\/2014\/07\/suriyenin-en-buyuk-petrol-sahasi-isidin-eline-gecti-500x339.jpg 500w, https:\/\/www.enerjigazetesi.ist\/wp-content\/uploads\/2014\/07\/suriyenin-en-buyuk-petrol-sahasi-isidin-eline-gecti-73x50.jpg 73w, https:\/\/www.enerjigazetesi.ist\/wp-content\/uploads\/2014\/07\/suriyenin-en-buyuk-petrol-sahasi-isidin-eline-gecti.jpg 628w\" sizes=\"(max-width: 300px) 100vw, 300px\" \/><\/a>linden ald\u0131\u011f\u0131 Meyadin ve \u0130\u015fara kasabalar\u0131 var.<\/p>\n<p>Aktivistlere g\u00f6re, Nusra Cephesi\u2019nin \u00e7ekilmesinden sonra b\u00f6lgedeki baz\u0131 silahl\u0131 gruplar, I\u015e\u0130D\u2019e kar\u015f\u0131 koyamayacaklar\u0131ndan dolay\u0131 ve daha fazla M\u00fcsl\u00fcman kan\u0131 d\u00f6k\u00fclmemesi i\u00e7in, I\u015e\u0130D\u2019e \u2018biat\u2019 etti.<\/p>\n<p><strong>\u2018Silahl\u0131 gruplar I\u015e\u0130D\u2019e biat etti\u2019<\/strong><\/p>\n<p>Yay\u0131nlanan bir videoda \u0130\u015fara kasabas\u0131n\u0131n a\u015firetleri I\u015e\u0130D\u2019e biat ettiklerini, b\u00f6lgedeki silahl\u0131 gruplar\u0131n I\u015e\u0130D\u2019e kar\u015f\u0131 sava\u015fmayaca\u011f\u0131n\u0131 ve kendilerinin Suriyeli muhaliflerden farkl\u0131 olduklar\u0131n\u0131 duyurdu.<\/p>\n<p>Aktivistlere g\u00f6re, I\u015e\u0130D\u2019in ku\u015fatma alt\u0131nda tuttu\u011fu Deyr Ez Zor kentinin merkezindeki silahl\u0131 gruplar\u0131n da I\u015e\u0130D\u2019e \u2018biat etmesi\u2019 bekleniyor.<\/p>\n<p>G\u00f6zlemevi\u2019ne g\u00f6re, Nusra cephesi ve di\u011fer muhalif gruplar El \u00d6mer petrol sahas\u0131n\u0131, Kas\u0131m 2013\u2032te rejim g\u00fc\u00e7lerinin elinden alm\u0131\u015ft\u0131.<\/p>\n<p>Muhalifler, i\u015fletmeye devam ettikleri petrol sahas\u0131nda g\u00fcnl\u00fck 10 bin varil petrol\u00fcn \u2018sat\u0131\u015f\u0131n\u0131 ger\u00e7ekle\u015ftiriyordu\u2019.<\/p>\n<p>2011\u2032deki ayaklanmalar\u0131n \u00f6ncesinde petrol sahas\u0131nda g\u00fcnl\u00fck \u00fcretim 30 bin varildi.<\/p>\n<p><strong>Haberin Devam\u0131 i\u00e7in <a href=\"http:\/\/www.aljazeera.com.tr\/haber\/suriyenin-en-buyuk-petrol-sahasi-isidin\" target=\"_blank\" rel=\"nofollow\">t\u0131klay\u0131n\u0131z&gt;&gt;&gt;<\/a><\/strong><\/p>\n<p>Kaynak: Aljazeera<\/p>","protected":false},"excerpt":{"rendered":"<p>Sorry, this entry is only available in Turkish. For the sake of viewer convenience, the content is shown below in the alternative language. You may click the link to switch the active language.Suriye \u0130nsan Haklar\u0131 G\u00f6zlemevi, I\u015e\u0130D\u2019in Deyr Ez-Zor kenti yak\u0131nlar\u0131ndaki Suriye\u2019nin en b\u00fcy\u00fck petrol sahas\u0131n\u0131 ele ge\u00e7irdi\u011fini duyurdu. G\u00f6zlemevi\u2019ne g\u00f6re, Nusra Cephesi\u2019nin \u00e7ekilmesinin ard\u0131ndan [&hellip;]<\/p>\n","protected":false},"author":1,"featured_media":28859,"comment_status":"open","ping_status":"open","sticky":false,"template":"","format":"standard","meta":[],"categories":[53,44],"tags":[16351,16352,16350,63,67,1009,165,13970,16353,4731,16354,16355],"views":549,"_links":{"self":[{"href":"https:\/\/www.enerjigazetesi.ist\/en\/wp-json\/wp\/v2\/posts\/28858"}],"collection":[{"href":"https:\/\/www.enerjigazetesi.ist\/en\/wp-json\/wp\/v2\/posts"}],"about":[{"href":"https:\/\/www.enerjigazetesi.ist\/en\/wp-json\/wp\/v2\/types\/post"}],"author":[{"embeddable":true,"href":"https:\/\/www.enerjigazetesi.ist\/en\/wp-json\/wp\/v2\/users\/1"}],"replies":[{"embeddable":true,"href":"https:\/\/www.enerjigazetesi.ist\/en\/wp-json\/wp\/v2\/comments?post=28858"}],"version-history":[{"count":1,"href":"https:\/\/www.enerjigazetesi.ist\/en\/wp-json\/wp\/v2\/posts\/28858\/revisions"}],"predecessor-version":[{"id":28860,"href":"https:\/\/www.enerjigazetesi.ist\/en\/wp-json\/wp\/v2\/posts\/28858\/revisions\/28860"}],"wp:featuredmedia":[{"embeddable":true,"href":"https:\/\/www.enerjigazetesi.ist\/en\/wp-json\/wp\/v2\/media\/28859"}],"wp:attachment":[{"href":"https:\/\/www.enerjigazetesi.ist\/en\/wp-json\/wp\/v2\/media?parent=28858"}],"wp:term":[{"taxonomy":"category","embeddable":true,"href":"https:\/\/www.enerjigazetesi.ist\/en\/wp-json\/wp\/v2\/categories?post=28858"},{"taxonomy":"post_tag","embeddable":true,"href":"https:\/\/www.enerjigazetesi.ist\/en\/wp-json\/wp\/v2\/tags?post=28858"}],"curies":[{"name":"wp","href":"https:\/\/api.w.org\/{rel}","templated":true}]}}