{"id":28810,"date":"2014-07-03T15:23:16","date_gmt":"2014-07-03T12:23:16","guid":{"rendered":"https:\/\/www.enerjigazetesi.ist\/?p=28810"},"modified":"2014-07-03T15:23:34","modified_gmt":"2014-07-03T12:23:34","slug":"asiri-sicaklar-nedeniyle-elektrik-tuketimi-tavan-yapti","status":"publish","type":"post","link":"https:\/\/www.enerjigazetesi.ist\/en\/asiri-sicaklar-nedeniyle-elektrik-tuketimi-tavan-yapti\/","title":{"rendered":"(Turkish) A\u015f\u0131r\u0131 S\u0131caklar Nedeniyle Elektrik T\u00fcketimi Tavan Yapt\u0131&#8230;"},"content":{"rendered":"<p class=\"qtranxs-available-languages-message qtranxs-available-languages-message-en\">Sorry, this entry is only available in <a href=\"https:\/\/www.enerjigazetesi.ist\/tr\/wp-json\/wp\/v2\/posts\/28810\" class=\"qtranxs-available-language-link qtranxs-available-language-link-tr\" title=\"Turkish\">Turkish<\/a>. For the sake of viewer convenience, the content is shown below in the alternative language. You may click the link to switch the active language.<\/p><p><strong><span style=\"color: #000000;\">S\u0131cakl\u0131klar\u0131n artmas\u0131yla haziranda y\u0131l i\u00e7indeki en y\u00fcksek elektrik t\u00fcketimi rakam\u0131 yakaland\u0131. T\u00fcrkiye\u2019nin elektrik t\u00fcketimi, 27 Haziranda 783 bin 61 megavatsaate ula\u015ft\u0131. Ayn\u0131 g\u00fcnde puant elektrik t\u00fcketimi saatlik olarak\u00a038.656,69 MW oldu.<\/span><\/strong><\/p>\n<p>T\u00fcrkiye Elektrik \u0130letim A\u015e verilerine g\u00f6<span style=\"color: #000000;\"><a href=\"https:\/\/www.enerjigazetesi.ist\/wp-content\/uploads\/2014\/07\/asiri-sicaklar-nedeniyle-elektrik-tuketimi-tavan-yapti.jpg\"><img loading=\"lazy\" class=\"alignleft size-medium wp-image-28811\" src=\"https:\/\/www.enerjigazetesi.ist\/wp-content\/uploads\/2014\/07\/asiri-sicaklar-nedeniyle-elektrik-tuketimi-tavan-yapti-300x198.jpg\" alt=\"asiri-sicaklar-nedeniyle-elektrik-tuketimi-tavan-yapti\" width=\"300\" height=\"198\" srcset=\"https:\/\/www.enerjigazetesi.ist\/wp-content\/uploads\/2014\/07\/asiri-sicaklar-nedeniyle-elektrik-tuketimi-tavan-yapti-300x198.jpg 300w, https:\/\/www.enerjigazetesi.ist\/wp-content\/uploads\/2014\/07\/asiri-sicaklar-nedeniyle-elektrik-tuketimi-tavan-yapti-500x330.jpg 500w, https:\/\/www.enerjigazetesi.ist\/wp-content\/uploads\/2014\/07\/asiri-sicaklar-nedeniyle-elektrik-tuketimi-tavan-yapti-75x50.jpg 75w, https:\/\/www.enerjigazetesi.ist\/wp-content\/uploads\/2014\/07\/asiri-sicaklar-nedeniyle-elektrik-tuketimi-tavan-yapti.jpg 600w\" sizes=\"(max-width: 300px) 100vw, 300px\" \/><\/a><\/span>re, artan hava s\u0131cakl\u0131klar\u0131 T\u00fcrkiye\u2019nin elektrik t\u00fcketimine yans\u0131d\u0131. So\u011futma ve serinleme ihtiyac\u0131 ile turizm sezonunun ba\u015flamas\u0131yla klima kullan\u0131m\u0131ndaki art\u0131\u015f, tar\u0131msal sulama ve sanayi \u00fcretimi elektrik t\u00fcketimini art\u0131rd\u0131.<\/p>\n<p>Elektrik t\u00fcketimi haziran ay\u0131n\u0131n ilk yar\u0131s\u0131nda yakla\u015f\u0131k 650-700 bin megavat aras\u0131nda de\u011fi\u015fim g\u00f6sterdi. S\u0131cakl\u0131k ortalamalar\u0131n\u0131n ay\u0131n ikinci yar\u0131s\u0131nda artmaya ba\u015flamas\u0131yla elektrik t\u00fcketiminde de belirgin bir art\u0131\u015f oldu. Elektrik t\u00fcketimi, 27 Haziranda y\u0131l i\u00e7indeki en y\u00fcksek noktaya ula\u015ft\u0131. Bu tarihteki elektrik t\u00fcketimi 783 bin 61 megavatsaati buldu.<\/p>\n<p>Ge\u00e7ti\u011fimiz sene, Haziran ay\u0131 en y\u00fcksek elektrik puant\u0131 37.277 MW olarak ger\u00e7ekle\u015fmi\u015fti, y\u0131ll\u0131k bazda pik y\u00fckte art\u0131\u015f oran\u0131 % 3,7 oldu.<\/p>\n<p><strong>Haziran ay\u0131 g\u00fcnlere g\u00f6re saatlik puant\u00a0y\u00fck grafi\u011fi:<\/strong><\/p>\n<p><a href=\"http:\/\/enerjienstitusu.com\/wp-content\/uploads\/elektrik-tuketimi-haziran-2014-pik-yuk.png\" target=\"_blank\"><img loading=\"lazy\" class=\"aligncenter  wp-image-65977\" style=\"opacity: 1;\" src=\"http:\/\/enerjienstitusu.com\/wp-content\/uploads\/elektrik-tuketimi-haziran-2014-pik-yuk.png\" alt=\"elektrik tuketimi haziran 2014 pik yuk\" width=\"575\" height=\"236\" data-src=\"http:\/\/enerjienstitusu.com\/wp-content\/uploads\/elektrik-tuketimi-haziran-2014-pik-yuk.png\" data-unveil=\"true\" \/><\/a><br \/>\nKaynak: <a href=\"http:\/\/enerjienstitusu.com\/2014\/07\/03\/asiri-sicaklar-nedeniyle-elektrik-tuketimi-tavan-yapti\/\" target=\"_blank\" rel=\"nofollow\">Enerji Enstit\u00fcs\u00fc<\/a><\/p>","protected":false},"excerpt":{"rendered":"<p>Sorry, this entry is only available in Turkish. For the sake of viewer convenience, the content is shown below in the alternative language. You may click the link to switch the active language.S\u0131cakl\u0131klar\u0131n artmas\u0131yla haziranda y\u0131l i\u00e7indeki en y\u00fcksek elektrik t\u00fcketimi rakam\u0131 yakaland\u0131. T\u00fcrkiye\u2019nin elektrik t\u00fcketimi, 27 Haziranda 783 bin 61 megavatsaate ula\u015ft\u0131. Ayn\u0131 g\u00fcnde [&hellip;]<\/p>\n","protected":false},"author":1,"featured_media":28811,"comment_status":"open","ping_status":"open","sticky":false,"template":"","format":"standard","meta":[],"categories":[51,53],"tags":[63,67,1009,165],"views":851,"_links":{"self":[{"href":"https:\/\/www.enerjigazetesi.ist\/en\/wp-json\/wp\/v2\/posts\/28810"}],"collection":[{"href":"https:\/\/www.enerjigazetesi.ist\/en\/wp-json\/wp\/v2\/posts"}],"about":[{"href":"https:\/\/www.enerjigazetesi.ist\/en\/wp-json\/wp\/v2\/types\/post"}],"author":[{"embeddable":true,"href":"https:\/\/www.enerjigazetesi.ist\/en\/wp-json\/wp\/v2\/users\/1"}],"replies":[{"embeddable":true,"href":"https:\/\/www.enerjigazetesi.ist\/en\/wp-json\/wp\/v2\/comments?post=28810"}],"version-history":[{"count":1,"href":"https:\/\/www.enerjigazetesi.ist\/en\/wp-json\/wp\/v2\/posts\/28810\/revisions"}],"predecessor-version":[{"id":28812,"href":"https:\/\/www.enerjigazetesi.ist\/en\/wp-json\/wp\/v2\/posts\/28810\/revisions\/28812"}],"wp:featuredmedia":[{"embeddable":true,"href":"https:\/\/www.enerjigazetesi.ist\/en\/wp-json\/wp\/v2\/media\/28811"}],"wp:attachment":[{"href":"https:\/\/www.enerjigazetesi.ist\/en\/wp-json\/wp\/v2\/media?parent=28810"}],"wp:term":[{"taxonomy":"category","embeddable":true,"href":"https:\/\/www.enerjigazetesi.ist\/en\/wp-json\/wp\/v2\/categories?post=28810"},{"taxonomy":"post_tag","embeddable":true,"href":"https:\/\/www.enerjigazetesi.ist\/en\/wp-json\/wp\/v2\/tags?post=28810"}],"curies":[{"name":"wp","href":"https:\/\/api.w.org\/{rel}","templated":true}]}}