{"id":28523,"date":"2014-06-27T09:32:59","date_gmt":"2014-06-27T06:32:59","guid":{"rendered":"https:\/\/www.enerjigazetesi.ist\/?p=28523"},"modified":"2014-06-27T13:19:46","modified_gmt":"2014-06-27T10:19:46","slug":"tubitak-ve-enerji-bakanliginin-girisimiyle-enerji-santralleri-yerli-uretim-olacak","status":"publish","type":"post","link":"https:\/\/www.enerjigazetesi.ist\/en\/tubitak-ve-enerji-bakanliginin-girisimiyle-enerji-santralleri-yerli-uretim-olacak\/","title":{"rendered":"(Turkish) T\u00dcB\u0130TAK ve Enerji Bakanl\u0131\u011f\u0131 \u0130le Enerji Santrallerinde Yerli \u00dcretim&#8230;"},"content":{"rendered":"<p class=\"qtranxs-available-languages-message qtranxs-available-languages-message-en\">Sorry, this entry is only available in <a href=\"https:\/\/www.enerjigazetesi.ist\/tr\/wp-json\/wp\/v2\/posts\/28523\" class=\"qtranxs-available-language-link qtranxs-available-language-link-tr\" title=\"Turkish\">Turkish<\/a>. For the sake of viewer convenience, the content is shown below in the alternative language. You may click the link to switch the active language.<\/p><p><strong>T\u00dcB\u0130TAK ve Enerji Bakanl\u0131\u011f\u0131\u2019n\u0131n haz\u0131rlad\u0131\u011f\u0131 projede, termik santraller ve HES\u2019ler yerli imk\u00e2nlarla \u00fcretilecek. Ayr\u0131ca k\u00f6m\u00fcrden s\u0131v\u0131 yak\u0131t \u00fcretimi ger\u00e7ekle\u015ftirilecek.<\/strong><span id=\"more-65817\"><\/span><\/p>\n<p>Milli tank, mili helikopter ve milli f\u00fczeden sonra \u015fimdi milli santraller geliyor. Termik ve hidroelektrik santraller<a href=\"https:\/\/www.enerjigazetesi.ist\/wp-content\/uploads\/2014\/06\/soma-termik-santrali.jpg\"><img loading=\"lazy\" class=\"alignright size-medium wp-image-28524\" src=\"https:\/\/www.enerjigazetesi.ist\/wp-content\/uploads\/2014\/06\/soma-termik-santrali-300x216.jpg\" alt=\"soma-termik-santrali\" width=\"300\" height=\"216\" srcset=\"https:\/\/www.enerjigazetesi.ist\/wp-content\/uploads\/2014\/06\/soma-termik-santrali-300x216.jpg 300w, https:\/\/www.enerjigazetesi.ist\/wp-content\/uploads\/2014\/06\/soma-termik-santrali-500x360.jpg 500w, https:\/\/www.enerjigazetesi.ist\/wp-content\/uploads\/2014\/06\/soma-termik-santrali-69x50.jpg 69w, https:\/\/www.enerjigazetesi.ist\/wp-content\/uploads\/2014\/06\/soma-termik-santrali.jpg 837w\" sizes=\"(max-width: 300px) 100vw, 300px\" \/><\/a> (HES), kazan ve t\u00fcrbinine kadar art\u0131k yerli olacak.<\/p>\n<p>T\u00dcB\u0130TAK ve Enerji Bakanl\u0131\u011f\u0131, konuya y\u00f6nelik i\u015f birli\u011fi yaparken, yerli santral \u00fcretme projesinde gelinen a\u015fama, son Bilim Teknoloji Y\u00fcksek Kurulu\u2019nda (BTYK) masaya yat\u0131r\u0131ld\u0131.<\/p>\n<p>BTYK\u2019ya sunulan projeye g\u00f6re, yerli termik santral \u00fcretmek i\u00e7in tasar\u0131m ve imalat alan\u0131nda \u00f6zel sekt\u00f6rle i\u015f birli\u011fi yap\u0131lacak.<\/p>\n<p>Projede pilot olarak ise Soma A Termik Santrali\u2019nin 1. \u00fcnitesi se\u00e7ildi. Bu \u00fcnitedeki ekipmanlar s\u00f6k\u00fclerek, nas\u0131l yerli olarak \u00fcretilebilir diye ara\u015ft\u0131r\u0131lacak.<\/p>\n<p>Proje ile yakma kazan\u0131, t\u00fcrbin, jenerat\u00f6r, imalat, montaj ve \u00fcretim gibi alanlarda yerlile\u015fme yap\u0131lacak.<\/p>\n<p>Hidroelektrik alan\u0131nda da yerli tasar\u0131m ve \u00fcretim yap\u0131lacak.<\/p>\n<p>Hedef, 5 y\u0131l i\u00e7inde ba\u015flang\u0131\u00e7 olarak 5 MW, sonras\u0131nda da 20 MW \u00fczeri g\u00fcce sahip santrallerde y\u00fczde 80 yerlilik oran\u0131na ula\u015fmak.<\/p>\n<p>HES yerlile\u015ftirmesi projesinde ise pilot olarak Kepez santralinin birinci \u00fcnitesi se\u00e7ildi.<\/p>\n<p>Bu kapsamda, t\u00fcrbin, jenerat\u00f6r, ana vana, h\u0131z reg\u00fclat\u00f6r\u00fc, ikaz sistemi, elektrik sistemleri ile SCADA otomasyonu yerlile\u015ftirilecek. R\u00fczg\u00e2r ve g\u00fcne\u015f enerji santralleri i\u00e7in de yerlile\u015fme hedefi belirlenirken, prototip t\u00fcrbin \u00fcretimine de ba\u015fland\u0131.<\/p>\n<p>Ayr\u0131ca, d\u00fcnyada uygulanan k\u00f6m\u00fcr gazla\u015ft\u0131rma ve elde edilen gazdan s\u0131v\u0131 yak\u0131t \u00fcretimi teknolojisi T\u00fcrkiye\u2019ye de getirilecek. Bu ama\u00e7la T\u00dcB\u0130TAK taraf\u0131ndan pilot bir tesis kurulmas\u0131 \u00e7al\u0131\u015fmalar\u0131na ba\u015fland\u0131.<\/p>\n<p>Bu tesiste, gazla\u015ft\u0131rma, gaz temizleme, gaz ay\u0131rma ve s\u0131v\u0131 yak\u0131t \u00fcretimi yap\u0131lacak.<\/p>\n<p>Kaynak: <a href=\"http:\/\/www.turkiyegazetesi.com.tr\/ekonomi\/166322.aspx\" target=\"_blank\" rel=\"nofollow\">T\u00fcrkiye<\/a><\/p>","protected":false},"excerpt":{"rendered":"<p>Sorry, this entry is only available in Turkish. For the sake of viewer convenience, the content is shown below in the alternative language. You may click the link to switch the active language.T\u00dcB\u0130TAK ve Enerji Bakanl\u0131\u011f\u0131\u2019n\u0131n haz\u0131rlad\u0131\u011f\u0131 projede, termik santraller ve HES\u2019ler yerli imk\u00e2nlarla \u00fcretilecek. Ayr\u0131ca k\u00f6m\u00fcrden s\u0131v\u0131 yak\u0131t \u00fcretimi ger\u00e7ekle\u015ftirilecek. Milli tank, mili helikopter [&hellip;]<\/p>\n","protected":false},"author":1,"featured_media":28524,"comment_status":"open","ping_status":"open","sticky":false,"template":"","format":"standard","meta":[],"categories":[53],"tags":[16191,16192,963,3458,35370,3239,400,16193,2262,1971],"views":827,"_links":{"self":[{"href":"https:\/\/www.enerjigazetesi.ist\/en\/wp-json\/wp\/v2\/posts\/28523"}],"collection":[{"href":"https:\/\/www.enerjigazetesi.ist\/en\/wp-json\/wp\/v2\/posts"}],"about":[{"href":"https:\/\/www.enerjigazetesi.ist\/en\/wp-json\/wp\/v2\/types\/post"}],"author":[{"embeddable":true,"href":"https:\/\/www.enerjigazetesi.ist\/en\/wp-json\/wp\/v2\/users\/1"}],"replies":[{"embeddable":true,"href":"https:\/\/www.enerjigazetesi.ist\/en\/wp-json\/wp\/v2\/comments?post=28523"}],"version-history":[{"count":3,"href":"https:\/\/www.enerjigazetesi.ist\/en\/wp-json\/wp\/v2\/posts\/28523\/revisions"}],"predecessor-version":[{"id":28538,"href":"https:\/\/www.enerjigazetesi.ist\/en\/wp-json\/wp\/v2\/posts\/28523\/revisions\/28538"}],"wp:featuredmedia":[{"embeddable":true,"href":"https:\/\/www.enerjigazetesi.ist\/en\/wp-json\/wp\/v2\/media\/28524"}],"wp:attachment":[{"href":"https:\/\/www.enerjigazetesi.ist\/en\/wp-json\/wp\/v2\/media?parent=28523"}],"wp:term":[{"taxonomy":"category","embeddable":true,"href":"https:\/\/www.enerjigazetesi.ist\/en\/wp-json\/wp\/v2\/categories?post=28523"},{"taxonomy":"post_tag","embeddable":true,"href":"https:\/\/www.enerjigazetesi.ist\/en\/wp-json\/wp\/v2\/tags?post=28523"}],"curies":[{"name":"wp","href":"https:\/\/api.w.org\/{rel}","templated":true}]}}