{"id":28474,"date":"2014-06-26T09:44:00","date_gmt":"2014-06-26T06:44:00","guid":{"rendered":"https:\/\/www.enerjigazetesi.ist\/?p=28474"},"modified":"2014-06-26T09:44:00","modified_gmt":"2014-06-26T06:44:00","slug":"yildiz-iraktaki-siyasi-kriz-turkiyenin-enerji-maliyetlerini-arttirdi","status":"publish","type":"post","link":"https:\/\/www.enerjigazetesi.ist\/en\/yildiz-iraktaki-siyasi-kriz-turkiyenin-enerji-maliyetlerini-arttirdi\/","title":{"rendered":"(Turkish) Y\u0131ld\u0131z: \u201cIrak\u2019taki Siyasi Kriz T\u00fcrkiye\u2019nin Enerji Maliyetlerini Artt\u0131rd\u0131\u201d"},"content":{"rendered":"<p class=\"qtranxs-available-languages-message qtranxs-available-languages-message-en\">Sorry, this entry is only available in <a href=\"https:\/\/www.enerjigazetesi.ist\/tr\/wp-json\/wp\/v2\/posts\/28474\" class=\"qtranxs-available-language-link qtranxs-available-language-link-tr\" title=\"Turkish\">Turkish<\/a>. For the sake of viewer convenience, the content is shown below in the alternative language. You may click the link to switch the active language.<\/p><p><strong>Enerji Bakan\u0131 Taner Y\u0131ld\u0131z, I\u015e\u0130D\u2019in Irak\u2019ta yapt\u0131\u011f\u0131 silahl\u0131 sald\u0131r\u0131lar\u0131n ard\u0131ndan T\u00fcrkiye\u2019de enerji maliyetlerinin y\u00fczde 3, petrol maliyetinin ise y\u00fczde 5 artt\u0131\u011f\u0131n\u0131 s\u00f6yledi.<\/strong><span id=\"more-65773\"><\/span><\/p>\n<p><a href=\"https:\/\/www.enerjigazetesi.ist\/wp-content\/uploads\/2014\/06\/taner-y\u0131ld\u0131z1.jpg\"><img loading=\"lazy\" class=\"alignright size-medium wp-image-28475\" src=\"https:\/\/www.enerjigazetesi.ist\/wp-content\/uploads\/2014\/06\/taner-y\u0131ld\u0131z1-300x158.jpg\" alt=\"taner-y\u0131ld\u0131z\" width=\"300\" height=\"158\" srcset=\"https:\/\/www.enerjigazetesi.ist\/wp-content\/uploads\/2014\/06\/taner-y\u0131ld\u0131z1-300x158.jpg 300w, https:\/\/www.enerjigazetesi.ist\/wp-content\/uploads\/2014\/06\/taner-y\u0131ld\u0131z1-500x263.jpg 500w, https:\/\/www.enerjigazetesi.ist\/wp-content\/uploads\/2014\/06\/taner-y\u0131ld\u0131z1-80x42.jpg 80w, https:\/\/www.enerjigazetesi.ist\/wp-content\/uploads\/2014\/06\/taner-y\u0131ld\u0131z1.jpg 853w\" sizes=\"(max-width: 300px) 100vw, 300px\" \/><\/a>Enerji ve Tabii Kaynaklar Bakan\u0131 Taner Y\u0131ld\u0131z, gazetecilerin g\u00fcndeme ili\u015fkin sorular\u0131n\u0131 yan\u0131tlad\u0131.<\/p>\n<p>Enerji Bakan\u0131, Irak\u2019taki siyasi istikrar\u0131n bozulmas\u0131n\u0131n enerji sekt\u00f6r\u00fcn\u00fc etkiledi\u011fi belirtti.<\/p>\n<p>\u201cPetrol\u00fcn\u00a0107-108 dolarlara d\u00fc\u015fen varil fiyat\u0131, I\u015e\u0130D\u2019in\u00a0faaliyeleri nedeniyle ortaya \u00e7\u0131kan geli\u015fmelerle\u00a0115 dolar seviyesine y\u00fckseldi. Bunun k\u0131smen\u00a0daha da artabilece\u011fi konu\u015fuluyor. Paritedeki y\u00fckselmeler de enerji maliyetlerini ilgilendiriyor. Toplamda T\u00fcrkiye\u2019nin b\u00fct\u00fcn enerji\u00a0maliyetlerinin ana enerji kaynaklar\u0131 a\u00e7\u0131s\u0131ndan\u00a0bakt\u0131\u011f\u0131m\u0131zda neredeyse\u00a0y\u00fczde 70\u2032nde\u00a0y\u00fczde 8\u2032ler civar\u0131nda, toplamda ise y\u00fczde\u00a05,5-6\u2032lar civar\u0131nda maliyetimizin artt\u0131\u011f\u0131n\u0131 g\u00f6r\u00fcyoruz. Bunlar\u0131 her zaman oldu\u011fu gibi kendi i\u00e7imizde kurdu\u011fumuz yap\u0131yla\u00a0beraber vatanda\u015f\u0131m\u0131za, sanayicimize yans\u0131tmamaya \u00e7al\u0131\u015f\u0131yoruz. \u201d dedi.<\/p>\n<p>Kaynak: Enerji Enstit\u00fcs\u00fc<\/p>","protected":false},"excerpt":{"rendered":"<p>Sorry, this entry is only available in Turkish. For the sake of viewer convenience, the content is shown below in the alternative language. You may click the link to switch the active language.Enerji Bakan\u0131 Taner Y\u0131ld\u0131z, I\u015e\u0130D\u2019in Irak\u2019ta yapt\u0131\u011f\u0131 silahl\u0131 sald\u0131r\u0131lar\u0131n ard\u0131ndan T\u00fcrkiye\u2019de enerji maliyetlerinin y\u00fczde 3, petrol maliyetinin ise y\u00fczde 5 artt\u0131\u011f\u0131n\u0131 s\u00f6yledi. Enerji [&hellip;]<\/p>\n","protected":false},"author":1,"featured_media":28475,"comment_status":"open","ping_status":"open","sticky":false,"template":"","format":"standard","meta":[],"categories":[53],"tags":[165,1389,13970,667,16170],"views":566,"_links":{"self":[{"href":"https:\/\/www.enerjigazetesi.ist\/en\/wp-json\/wp\/v2\/posts\/28474"}],"collection":[{"href":"https:\/\/www.enerjigazetesi.ist\/en\/wp-json\/wp\/v2\/posts"}],"about":[{"href":"https:\/\/www.enerjigazetesi.ist\/en\/wp-json\/wp\/v2\/types\/post"}],"author":[{"embeddable":true,"href":"https:\/\/www.enerjigazetesi.ist\/en\/wp-json\/wp\/v2\/users\/1"}],"replies":[{"embeddable":true,"href":"https:\/\/www.enerjigazetesi.ist\/en\/wp-json\/wp\/v2\/comments?post=28474"}],"version-history":[{"count":1,"href":"https:\/\/www.enerjigazetesi.ist\/en\/wp-json\/wp\/v2\/posts\/28474\/revisions"}],"predecessor-version":[{"id":28476,"href":"https:\/\/www.enerjigazetesi.ist\/en\/wp-json\/wp\/v2\/posts\/28474\/revisions\/28476"}],"wp:featuredmedia":[{"embeddable":true,"href":"https:\/\/www.enerjigazetesi.ist\/en\/wp-json\/wp\/v2\/media\/28475"}],"wp:attachment":[{"href":"https:\/\/www.enerjigazetesi.ist\/en\/wp-json\/wp\/v2\/media?parent=28474"}],"wp:term":[{"taxonomy":"category","embeddable":true,"href":"https:\/\/www.enerjigazetesi.ist\/en\/wp-json\/wp\/v2\/categories?post=28474"},{"taxonomy":"post_tag","embeddable":true,"href":"https:\/\/www.enerjigazetesi.ist\/en\/wp-json\/wp\/v2\/tags?post=28474"}],"curies":[{"name":"wp","href":"https:\/\/api.w.org\/{rel}","templated":true}]}}