{"id":28432,"date":"2014-06-25T10:06:23","date_gmt":"2014-06-25T07:06:23","guid":{"rendered":"https:\/\/www.enerjigazetesi.ist\/?p=28432"},"modified":"2014-06-25T10:06:23","modified_gmt":"2014-06-25T07:06:23","slug":"fransa-enerjide-donusum-planini-sundu","status":"publish","type":"post","link":"https:\/\/www.enerjigazetesi.ist\/en\/fransa-enerjide-donusum-planini-sundu\/","title":{"rendered":"(Turkish) Fransa, Enerjide D\u00f6n\u00fc\u015f\u00fcm Plan\u0131n\u0131 Sundu!"},"content":{"rendered":"<p class=\"qtranxs-available-languages-message qtranxs-available-languages-message-en\">Sorry, this entry is only available in <a href=\"https:\/\/www.enerjigazetesi.ist\/tr\/wp-json\/wp\/v2\/posts\/28432\" class=\"qtranxs-available-language-link qtranxs-available-language-link-tr\" title=\"Turkish\">Turkish<\/a>. For the sake of viewer convenience, the content is shown below in the alternative language. You may click the link to switch the active language.<\/p><p><strong>2030 y\u0131l\u0131nda enerji ihtiyac\u0131n\u0131n y\u00fczde 40&#8217;\u0131n\u0131 yenilebilir kaynaklardan kar\u015f\u0131lamay\u0131 hedefleyen Fransa, bu alandaki yat\u0131r\u0131mlar\u0131 art\u0131rmak ve bina yal\u0131t\u0131m\u0131n\u0131 te\u015fvik etmek i\u00e7in ucuz krediler ve vergi indirimleri i\u00e7eren bir plan a\u00e7\u0131klad\u0131.<\/strong><\/p>\n<div id=\"articlebody\">\n<div id=\"arightside\">\n<div class=\"sinzercia\">\n<div class=\"bannersquare\"><noscript>&amp;amp;lt;a href=&#8217;http:\/\/ads.monogram.sk\/www\/delivery\/ck.php?n=a8fe207b&amp;amp;amp;amp;cb=6933&#8242; target=&#8217;_blank&#8217;&amp;amp;gt;&amp;amp;lt;img src=&#8217;http:\/\/ads.monogram.sk\/www\/delivery\/avw.php?zoneid=378&amp;amp;amp;amp;cb=6933&amp;amp;amp;amp;n=a8fe207b&#8217; border=&#8217;0&#8242; alt=&#8221; \/&amp;amp;gt;&amp;amp;lt;\/a&amp;amp;gt<\/noscript><a href=\"https:\/\/www.enerjigazetesi.ist\/wp-content\/uploads\/2014\/06\/untitled.png\"><img loading=\"lazy\" class=\"alignright size-full wp-image-28433\" src=\"https:\/\/www.enerjigazetesi.ist\/wp-content\/uploads\/2014\/06\/untitled.png\" alt=\"untitled\" width=\"275\" height=\"178\" srcset=\"https:\/\/www.enerjigazetesi.ist\/wp-content\/uploads\/2014\/06\/untitled.png 275w, https:\/\/www.enerjigazetesi.ist\/wp-content\/uploads\/2014\/06\/untitled-77x50.png 77w\" sizes=\"(max-width: 275px) 100vw, 275px\" \/><\/a>Fransa Enerji ve \u00c7evre Bakan\u0131 Segolene Royal ve Maliye Michel Sapin&#8217;in a\u00e7\u0131klad\u0131\u011f\u0131 planda vatanda\u015flara ve \u015firketlere devlet deste\u011fi ve yerel projeleri desteklemek i\u00e7in 5 milyar Euro tutar\u0131nda kredi verilmesi \u00f6ng\u00f6r\u00fcl\u00fcyor.<\/p>\n<p>Royal,&#8217;Bu planla \u00e7evreyi koruyacak ve yeni i\u015f olanaklar\u0131 yarataca\u011f\u0131z&#8217; dedi.<\/p>\n<p>Fransa \u015fu anda elektri\u011finin y\u00fczde 14&#8217;\u00fcn\u00fc yenilenebilir kaynaklardan kar\u015f\u0131l\u0131yor.<\/p>\n<p>Ev sahipleri, yal\u0131t\u0131m giderlerinin y\u00fczde 30&#8217;una kadar\u0131n\u0131 gelir vergilerinden d\u00fc\u015f\u00fcrebilecek. Ayn\u0131 zamanda renovasyon i\u015fleri i\u00e7in faizsiz krediye eri\u015fim kolayla\u015ft\u0131r\u0131lacak.<\/p>\n<p>Fransa ayn\u0131 zamanda yal\u0131t\u0131m ve yenilenebilir enerji alan\u0131nda faaliyet g\u00f6steren KOB\u0130&#8217;ler i\u00e7in bir fon olu\u015fturacak.<\/p>\n<p>Sapin, &#8216;Enerjide d\u00f6n\u00fc\u015f\u00fcm uzun vadeli bir yat\u0131r\u0131md\u0131r, ancak k\u00e2rl\u0131 bir yat\u0131r\u0131md\u0131r ve bu sebeple finansman bulabilecektir&#8217; dedi.<\/p><\/div>\n<div class=\"bannersquare\"><\/div>\n<div class=\"bannersquare\">Kaynak: euractiv<\/div>\n<\/div>\n<\/div>\n<\/div>\n<p><\/p>","protected":false},"excerpt":{"rendered":"<p>Sorry, this entry is only available in Turkish. For the sake of viewer convenience, the content is shown below in the alternative language. You may click the link to switch the active language.2030 y\u0131l\u0131nda enerji ihtiyac\u0131n\u0131n y\u00fczde 40&#8217;\u0131n\u0131 yenilebilir kaynaklardan kar\u015f\u0131lamay\u0131 hedefleyen Fransa, bu alandaki yat\u0131r\u0131mlar\u0131 art\u0131rmak ve bina yal\u0131t\u0131m\u0131n\u0131 te\u015fvik etmek i\u00e7in ucuz krediler [&hellip;]<\/p>\n","protected":false},"author":1,"featured_media":28433,"comment_status":"open","ping_status":"open","sticky":false,"template":"","format":"standard","meta":[],"categories":[53],"tags":[63,16144,1346,16141,16143,16142,128,105],"views":813,"_links":{"self":[{"href":"https:\/\/www.enerjigazetesi.ist\/en\/wp-json\/wp\/v2\/posts\/28432"}],"collection":[{"href":"https:\/\/www.enerjigazetesi.ist\/en\/wp-json\/wp\/v2\/posts"}],"about":[{"href":"https:\/\/www.enerjigazetesi.ist\/en\/wp-json\/wp\/v2\/types\/post"}],"author":[{"embeddable":true,"href":"https:\/\/www.enerjigazetesi.ist\/en\/wp-json\/wp\/v2\/users\/1"}],"replies":[{"embeddable":true,"href":"https:\/\/www.enerjigazetesi.ist\/en\/wp-json\/wp\/v2\/comments?post=28432"}],"version-history":[{"count":1,"href":"https:\/\/www.enerjigazetesi.ist\/en\/wp-json\/wp\/v2\/posts\/28432\/revisions"}],"predecessor-version":[{"id":28434,"href":"https:\/\/www.enerjigazetesi.ist\/en\/wp-json\/wp\/v2\/posts\/28432\/revisions\/28434"}],"wp:featuredmedia":[{"embeddable":true,"href":"https:\/\/www.enerjigazetesi.ist\/en\/wp-json\/wp\/v2\/media\/28433"}],"wp:attachment":[{"href":"https:\/\/www.enerjigazetesi.ist\/en\/wp-json\/wp\/v2\/media?parent=28432"}],"wp:term":[{"taxonomy":"category","embeddable":true,"href":"https:\/\/www.enerjigazetesi.ist\/en\/wp-json\/wp\/v2\/categories?post=28432"},{"taxonomy":"post_tag","embeddable":true,"href":"https:\/\/www.enerjigazetesi.ist\/en\/wp-json\/wp\/v2\/tags?post=28432"}],"curies":[{"name":"wp","href":"https:\/\/api.w.org\/{rel}","templated":true}]}}