{"id":28422,"date":"2014-06-25T09:19:05","date_gmt":"2014-06-25T06:19:05","guid":{"rendered":"https:\/\/www.enerjigazetesi.ist\/?p=28422"},"modified":"2014-06-25T09:19:05","modified_gmt":"2014-06-25T06:19:05","slug":"diagram-enerji-sektoru-ne-kadar-su-harciyor","status":"publish","type":"post","link":"https:\/\/www.enerjigazetesi.ist\/en\/diagram-enerji-sektoru-ne-kadar-su-harciyor\/","title":{"rendered":"(Turkish) Diagram: Enerji Sekt\u00f6r\u00fc Ne Kadar Su Harc\u0131yor!"},"content":{"rendered":"<p class=\"qtranxs-available-languages-message qtranxs-available-languages-message-en\">Sorry, this entry is only available in <a href=\"https:\/\/www.enerjigazetesi.ist\/tr\/wp-json\/wp\/v2\/posts\/28422\" class=\"qtranxs-available-language-link qtranxs-available-language-link-tr\" title=\"Turkish\">Turkish<\/a>. For the sake of viewer convenience, the content is shown below in the alternative language. You may click the link to switch the active language.<\/p><p><strong>ABD\u2019de enerji sekt\u00f6r\u00fcnde ne kadar su israf edildi\u011fini g\u00f6steren ilgin\u00e7 bir diagram yay\u0131nland\u0131. Grafikte, Amerika\u2019da enerji sekt\u00f6r\u00fcn\u00fcn ne kadar verimsiz su kulland\u0131\u011f\u0131 g\u00f6sterildi.<\/strong> <strong>ABD\u00a0Enerji Bakanl\u0131\u011f\u0131, k\u00fcresel \u0131s\u0131nma \u00fczerindeki etkilerini g\u00f6rmek i\u00e7in su ile g\u00fcne\u015f aras\u0131nda ili\u015fkiye\u00a0yo\u011funla\u015ft\u0131.<a href=\"https:\/\/www.enerjigazetesi.ist\/wp-content\/uploads\/2014\/06\/enerji-sektorunda-su-israfi-atik-water-waste-energy.jpg\"><img loading=\"lazy\" class=\"alignright size-medium wp-image-28424\" src=\"https:\/\/www.enerjigazetesi.ist\/wp-content\/uploads\/2014\/06\/enerji-sektorunda-su-israfi-atik-water-waste-energy-300x217.jpg\" alt=\"enerji-sektorunda-su-israfi-atik-water-waste-energy\" width=\"300\" height=\"217\" srcset=\"https:\/\/www.enerjigazetesi.ist\/wp-content\/uploads\/2014\/06\/enerji-sektorunda-su-israfi-atik-water-waste-energy-300x217.jpg 300w, https:\/\/www.enerjigazetesi.ist\/wp-content\/uploads\/2014\/06\/enerji-sektorunda-su-israfi-atik-water-waste-energy-500x362.jpg 500w, https:\/\/www.enerjigazetesi.ist\/wp-content\/uploads\/2014\/06\/enerji-sektorunda-su-israfi-atik-water-waste-energy-69x50.jpg 69w, https:\/\/www.enerjigazetesi.ist\/wp-content\/uploads\/2014\/06\/enerji-sektorunda-su-israfi-atik-water-waste-energy.jpg 953w\" sizes=\"(max-width: 300px) 100vw, 300px\" \/><\/a><\/strong><span id=\"more-65695\"><\/span><\/p>\n<p>Bu kapsamda, su-enerji teknoloji tak\u0131m\u0131 yeni bir rapor yay\u0131nlad\u0131. Raporda, termoelektrik \u00fcretimin tatl\u0131su t\u00fcketiminin y\u00fczde 4\u2032\u00fcn\u00fc t\u00fcketti\u011fi\u00a0tespit edildi. Denizden \u00e7ekilden sular\u0131n y\u00fczde 95\u2032inin k\u00f6m\u00fcr, n\u00fckleer, gas, jeotermali i\u00e7eren termoelektrik so\u011futmada kullan\u0131ld\u0131\u011f\u0131 belirtildi.<\/p>\n<p>Raporada, gelecekte karbon yakalama gibi baz\u0131 enerji teknolojilerin uygulamlar\u0131nda art\u0131\u015f ile\u00a0enerji sistemlerinde su kullan\u0131m\u0131n\u0131n artaca\u011f\u0131 vurgusu yap\u0131l\u0131rken, r\u00fczgar ve fotovoltaik g\u00fcne\u015f gibi teknolojiler ile t\u00fcketimin azalaca\u011f\u0131 yaz\u0131ld\u0131.<\/p>\n<p>So\u011futma sistemli santrallar, ABD\u2019nin elektrik ihtiyac\u0131n\u0131n y\u00fczde 23\u2032\u00fcn\u00fc kar\u015f\u0131larken, b\u00fct\u00fcn satnrallarda kullan\u0131lan suyun \u00fc\u00e7te ikisini kullan\u0131yor. ABD\u2019de k\u00f6m\u00fcr santralar\u0131n\u0131n yar\u0131s\u0131ndan fazlas\u0131nda su so\u011futma kullan\u0131yor. Bu oran\u0131n h\u0131zla de\u011fi\u015febilece\u011fi belirtiliyor. Ge\u00e7ti\u011fimiz aylarda, ABD <span style=\"color: #545454;\">Enerji Bilgi \u0130daresi k\u0131sa d\u00f6nemde kapat\u0131lmas\u0131n\u0131 \u00f6ng\u00f6rd\u00fc\u011f\u00fc k\u00f6m\u00fcr santrallar\u0131 oran\u0131n\u0131 y\u00fczde 50 olarak a\u00e7\u0131klam\u0131\u015ft\u0131. 2016\u2032ya kadar <strong>60 GW<\/strong> kurulu g\u00fcc\u00fcnde k\u00f6m\u00fcr santral\u0131n\u0131n kapat\u0131laca\u011f\u0131 tahmin ediliyor. ABD kurulu g\u00fcc\u00fcn\u00fcn geli\u015fimini a\u015fa\u011f\u0131daki grafikte bulabilirsiniz:\u00a0<a href=\"https:\/\/www.enerjigazetesi.ist\/wp-content\/uploads\/2014\/06\/amerika-elektrik-kurulu-gucu.png\"><img loading=\"lazy\" class=\"aligncenter size-medium wp-image-28423\" src=\"https:\/\/www.enerjigazetesi.ist\/wp-content\/uploads\/2014\/06\/amerika-elektrik-kurulu-gucu-300x241.png\" alt=\"amerika-elektrik-kurulu-gucu\" width=\"300\" height=\"241\" srcset=\"https:\/\/www.enerjigazetesi.ist\/wp-content\/uploads\/2014\/06\/amerika-elektrik-kurulu-gucu-300x241.png 300w, https:\/\/www.enerjigazetesi.ist\/wp-content\/uploads\/2014\/06\/amerika-elektrik-kurulu-gucu-62x50.png 62w, https:\/\/www.enerjigazetesi.ist\/wp-content\/uploads\/2014\/06\/amerika-elektrik-kurulu-gucu.png 493w\" sizes=\"(max-width: 300px) 100vw, 300px\" \/><\/a><\/span><\/p>\n<p>Kaynak: Enerji Enstit\u00fcs\u00fc<\/p>\n<p>&nbsp;<\/p>\n<p>&nbsp;<\/p>\n<p><a href=\"https:\/\/www.enerjigazetesi.ist\/wp-content\/uploads\/2014\/06\/amerika-elektrik-kurulu-gucu.png\">\u00a0<\/a><\/p>","protected":false},"excerpt":{"rendered":"<p>Sorry, this entry is only available in Turkish. For the sake of viewer convenience, the content is shown below in the alternative language. You may click the link to switch the active language.ABD\u2019de enerji sekt\u00f6r\u00fcnde ne kadar su israf edildi\u011fini g\u00f6steren ilgin\u00e7 bir diagram yay\u0131nland\u0131. Grafikte, Amerika\u2019da enerji sekt\u00f6r\u00fcn\u00fcn ne kadar verimsiz su kulland\u0131\u011f\u0131 g\u00f6sterildi. [&hellip;]<\/p>\n","protected":false},"author":1,"featured_media":28424,"comment_status":"open","ping_status":"open","sticky":false,"template":"","format":"standard","meta":[],"categories":[53],"tags":[1198,16129,63,16130,16131,16132,16133,16134,227,69],"views":778,"_links":{"self":[{"href":"https:\/\/www.enerjigazetesi.ist\/en\/wp-json\/wp\/v2\/posts\/28422"}],"collection":[{"href":"https:\/\/www.enerjigazetesi.ist\/en\/wp-json\/wp\/v2\/posts"}],"about":[{"href":"https:\/\/www.enerjigazetesi.ist\/en\/wp-json\/wp\/v2\/types\/post"}],"author":[{"embeddable":true,"href":"https:\/\/www.enerjigazetesi.ist\/en\/wp-json\/wp\/v2\/users\/1"}],"replies":[{"embeddable":true,"href":"https:\/\/www.enerjigazetesi.ist\/en\/wp-json\/wp\/v2\/comments?post=28422"}],"version-history":[{"count":1,"href":"https:\/\/www.enerjigazetesi.ist\/en\/wp-json\/wp\/v2\/posts\/28422\/revisions"}],"predecessor-version":[{"id":28425,"href":"https:\/\/www.enerjigazetesi.ist\/en\/wp-json\/wp\/v2\/posts\/28422\/revisions\/28425"}],"wp:featuredmedia":[{"embeddable":true,"href":"https:\/\/www.enerjigazetesi.ist\/en\/wp-json\/wp\/v2\/media\/28424"}],"wp:attachment":[{"href":"https:\/\/www.enerjigazetesi.ist\/en\/wp-json\/wp\/v2\/media?parent=28422"}],"wp:term":[{"taxonomy":"category","embeddable":true,"href":"https:\/\/www.enerjigazetesi.ist\/en\/wp-json\/wp\/v2\/categories?post=28422"},{"taxonomy":"post_tag","embeddable":true,"href":"https:\/\/www.enerjigazetesi.ist\/en\/wp-json\/wp\/v2\/tags?post=28422"}],"curies":[{"name":"wp","href":"https:\/\/api.w.org\/{rel}","templated":true}]}}