{"id":28408,"date":"2014-06-24T19:36:28","date_gmt":"2014-06-24T16:36:28","guid":{"rendered":"https:\/\/www.enerjigazetesi.ist\/?p=28408"},"modified":"2014-06-24T19:41:43","modified_gmt":"2014-06-24T16:41:43","slug":"kuresel-iklim-degisikligi-ile-mucadele-de-isi-yalitimi-sart","status":"publish","type":"post","link":"https:\/\/www.enerjigazetesi.ist\/en\/kuresel-iklim-degisikligi-ile-mucadele-de-isi-yalitimi-sart\/","title":{"rendered":"(Turkish) K\u00fcresel \u0130klim De\u011fi\u015fikli\u011fi \u0130le M\u00fccadele de Is\u0131 Yal\u0131t\u0131m\u0131 \u015eart&#8230;"},"content":{"rendered":"<p class=\"qtranxs-available-languages-message qtranxs-available-languages-message-en\">Sorry, this entry is only available in <a href=\"https:\/\/www.enerjigazetesi.ist\/tr\/wp-json\/wp\/v2\/posts\/28408\" class=\"qtranxs-available-language-link qtranxs-available-language-link-tr\" title=\"Turkish\">Turkish<\/a>. For the sake of viewer convenience, the content is shown below in the alternative language. You may click the link to switch the active language.<\/p><p><\/p>\n<h3><strong>K\u00dcRESEL \u0130KL\u0130M DE\u011e\u0130\u015e\u0130KL\u0130\u011e\u0130N\u0130N G\u00d6ZLE G\u00d6R\u00dcL\u00dcR SONUCU: HORTUM<\/strong><\/h3>\n<p><strong>K\u00fcresel iklim de\u011fi\u015fikli\u011finin g\u00f6zle g\u00f6r\u00fcl\u00fcr sonu\u00e7lar\u0131ndan olan hortumlar\u0131n \u00fclkemizde de g\u00f6r\u00fclmeye ba\u015flamas\u0131yla, k\u00fcresel iklim de\u011fi\u015fikli\u011fi bir kez daha g\u00fcndeme geldi.<\/strong><\/p>\n<p>\u0130stanbul ba\u015fta olmak \u00fczere \u00fclk<a href=\"https:\/\/www.enerjigazetesi.ist\/wp-content\/uploads\/2014\/06\/kuresel-iklim-degisikligi-ile-mucadele-de-isi-yalitimi-sart.jpg\"><img loading=\"lazy\" class=\"alignleft size-medium wp-image-28409\" src=\"https:\/\/www.enerjigazetesi.ist\/wp-content\/uploads\/2014\/06\/kuresel-iklim-degisikligi-ile-mucadele-de-isi-yalitimi-sart-300x222.jpg\" alt=\"kuresel-iklim-degisikligi-ile-mucadele-de-isi-yalitimi-sart\" width=\"300\" height=\"222\" srcset=\"https:\/\/www.enerjigazetesi.ist\/wp-content\/uploads\/2014\/06\/kuresel-iklim-degisikligi-ile-mucadele-de-isi-yalitimi-sart-300x222.jpg 300w, https:\/\/www.enerjigazetesi.ist\/wp-content\/uploads\/2014\/06\/kuresel-iklim-degisikligi-ile-mucadele-de-isi-yalitimi-sart-500x370.jpg 500w, https:\/\/www.enerjigazetesi.ist\/wp-content\/uploads\/2014\/06\/kuresel-iklim-degisikligi-ile-mucadele-de-isi-yalitimi-sart-67x50.jpg 67w, https:\/\/www.enerjigazetesi.ist\/wp-content\/uploads\/2014\/06\/kuresel-iklim-degisikligi-ile-mucadele-de-isi-yalitimi-sart.jpg 600w\" sizes=\"(max-width: 300px) 100vw, 300px\" \/><\/a>e genelinde g\u00f6r\u00fclmeye ba\u015flayan hortum, y\u0131ld\u0131r\u0131m ve ani bast\u0131ran sa\u011fanak ya\u011f\u0131\u015flar ya\u015fam\u0131 olumsuz etkilemeye ba\u015flad\u0131. T\u00fcrkiye i\u00e7in b\u00f6yle olaylar\u0131n normal olmad\u0131\u011f\u0131n\u0131 a\u00e7\u0131klayan uzmanlar, ilerleyen g\u00fcnlerde bu olaylar\u0131n artarak devam edece\u011fi bilgisini veriyor. Uzmanlar bu durumu K\u00fcresel \u0130klim de\u011fi\u015fikli\u011finin T\u00fcrkiye\u2019de g\u00f6r\u00fcnen etkileri olarak de\u011ferlendiriyor.<\/p>\n<p><strong><span style=\"font-family: 'Verdana','sans-serif';\">Atmosferdeki Sera Gazlar\u0131n\u0131n Azalt\u0131lmas\u0131 \u015eart<\/span><\/strong><\/p>\n<p>Atmosferdeki sera gazlar\u0131n\u0131n art\u0131\u015f\u0131n\u0131n %25\u2019i binalar\u0131 \u0131s\u0131tmak i\u00e7in harcanan yak\u0131tlardan kaynakl\u0131d\u0131r. Binalarda yap\u0131lacak do\u011fru bir d\u0131\u015f cephe \u0131s\u0131 yal\u0131t\u0131m uygulamas\u0131 ile %50 oran\u0131nda daha az yak\u0131t t\u00fcketerek sera gazlar\u0131n\u0131 azaltmak, iklim de\u011fi\u015fikli\u011fi ile m\u00fccadele i\u00e7in al\u0131nabilecek en \u00f6ncelikli \u00f6nlemlerin ba\u015f\u0131nda gelmektedir.<\/p>\n<p>Konuyla ilgili a\u00e7\u0131klama yapan <strong><span style=\"font-family: 'Verdana','sans-serif';\">Betek Pazarlama Genel M\u00fcd\u00fcr Yard\u0131mc\u0131s\u0131 G\u00fclay Dindoruk<\/span><\/strong>, \u201c<em> \u0130klim de\u011fi\u015fikli\u011fi ile m\u00fccadelede acilen \u00f6nlemler al\u0131nmal\u0131. Bunlar\u0131n ba\u015f\u0131nda da do\u011fal kaynaklar\u0131n s\u00fcrd\u00fcr\u00fclebilirli\u011fi, karbon sal\u0131n\u0131m\u0131n\u0131n azalt\u0131lmas\u0131 ve enerji t\u00fcketiminin d\u00fc\u015f\u00fcr\u00fclmesi gelmelidir. Aksi takdirde k\u00fcresel \u0131s\u0131nman\u0131n meydana getirdi\u011fi olumsuz sonu\u00e7lar\u0131 \u00e7ok daha fazla hissediyor olaca\u011f\u0131z. Is\u0131 yal\u0131t\u0131m\u0131 ve enerji verimlili\u011fi ise iklim de\u011fi\u015fikli\u011fi ile m\u00fccadelede kilit rol \u00fcstleniyor.\u201d<\/em> dedi.<\/p>\n<p><strong><span style=\"font-family: 'Verdana','sans-serif';\">\u2018\u2019Is\u0131 Yal\u0131t\u0131m\u0131\u2019\u2019 \u0130klim De\u011fi\u015fikli\u011fi \u0130le M\u00fccadelenin Anahtar\u0131<\/span><\/strong><\/p>\n<p>\u00dclkemizde enerjinin %37,2\u2019si binalarda, %32\u2019si sanayide ve %20\u2019si ula\u015f\u0131mda harcan\u0131yor. Binalarda t\u00fcketilen enerjinin en b\u00fcy\u00fck pay\u0131 ise \u0131s\u0131tmadan kaynaklan\u0131yor. Konutlarda t\u00fcketilen toplam enerjinin yakla\u015f\u0131k %75\u2019inden fazlas\u0131 \u0131s\u0131tma ve so\u011futma i\u00e7in t\u00fcketiliyor. Bu enerjinin de b\u00fcy\u00fck bir oran\u0131 yal\u0131t\u0131ms\u0131z ya da k\u00f6t\u00fc yal\u0131t\u0131lm\u0131\u015f d\u0131\u015f duvarlar y\u00fcz\u00fcnden kayboluyor. Do\u011fru \u00fcr\u00fcn ve uyguluma ile ise binalarda %50&#8217;ye varan tasarruflar sa\u011flanabiliyor. Bu da atmosfere b\u0131rakt\u0131\u011f\u0131m\u0131z sera gaz\u0131 sal\u0131n\u0131m oranlar\u0131nda azalma sa\u011fl\u0131yor.<\/p>\n<p>Filli Boya Yal\u0131t\u0131m 2003 \u2013 2013 y\u0131llar\u0131 aras\u0131nda ger\u00e7ekle\u015ftirdi\u011fi yal\u0131t\u0131mlarla \u00fclkemizin 2,9 milyon ton karbondioksit e\u015fde\u011feri sera gaz\u0131 sal\u0131m\u0131 tasarruf etmesini sa\u011flad\u0131. Bu oran 503 bin hektar alana yay\u0131l\u0131 Bolu ormanlar\u0131n\u0131n bir y\u0131lda so\u011furdu\u011fu karbondioksitin 2,1 kat\u0131na e\u015fde\u011ferdir<\/p>\n<p>Yay\u0131nc\u0131: <a href=\"https:\/\/www.enerjigazetesi.ist\" target=\"_blank\">Enerji Gazetesi<\/a><\/p>","protected":false},"excerpt":{"rendered":"<p>Sorry, this entry is only available in Turkish. For the sake of viewer convenience, the content is shown below in the alternative language. You may click the link to switch the active language. K\u00dcRESEL \u0130KL\u0130M DE\u011e\u0130\u015e\u0130KL\u0130\u011e\u0130N\u0130N G\u00d6ZLE G\u00d6R\u00dcL\u00dcR SONUCU: HORTUM K\u00fcresel iklim de\u011fi\u015fikli\u011finin g\u00f6zle g\u00f6r\u00fcl\u00fcr sonu\u00e7lar\u0131ndan olan hortumlar\u0131n \u00fclkemizde de g\u00f6r\u00fclmeye ba\u015flamas\u0131yla, k\u00fcresel iklim de\u011fi\u015fikli\u011fi [&hellip;]<\/p>\n","protected":false},"author":1,"featured_media":28409,"comment_status":"open","ping_status":"open","sticky":false,"template":"","format":"standard","meta":[],"categories":[53,52],"tags":[10498,63,67,1009,165,12,9128,10019,380,1471,442],"views":1299,"_links":{"self":[{"href":"https:\/\/www.enerjigazetesi.ist\/en\/wp-json\/wp\/v2\/posts\/28408"}],"collection":[{"href":"https:\/\/www.enerjigazetesi.ist\/en\/wp-json\/wp\/v2\/posts"}],"about":[{"href":"https:\/\/www.enerjigazetesi.ist\/en\/wp-json\/wp\/v2\/types\/post"}],"author":[{"embeddable":true,"href":"https:\/\/www.enerjigazetesi.ist\/en\/wp-json\/wp\/v2\/users\/1"}],"replies":[{"embeddable":true,"href":"https:\/\/www.enerjigazetesi.ist\/en\/wp-json\/wp\/v2\/comments?post=28408"}],"version-history":[{"count":5,"href":"https:\/\/www.enerjigazetesi.ist\/en\/wp-json\/wp\/v2\/posts\/28408\/revisions"}],"predecessor-version":[{"id":28414,"href":"https:\/\/www.enerjigazetesi.ist\/en\/wp-json\/wp\/v2\/posts\/28408\/revisions\/28414"}],"wp:featuredmedia":[{"embeddable":true,"href":"https:\/\/www.enerjigazetesi.ist\/en\/wp-json\/wp\/v2\/media\/28409"}],"wp:attachment":[{"href":"https:\/\/www.enerjigazetesi.ist\/en\/wp-json\/wp\/v2\/media?parent=28408"}],"wp:term":[{"taxonomy":"category","embeddable":true,"href":"https:\/\/www.enerjigazetesi.ist\/en\/wp-json\/wp\/v2\/categories?post=28408"},{"taxonomy":"post_tag","embeddable":true,"href":"https:\/\/www.enerjigazetesi.ist\/en\/wp-json\/wp\/v2\/tags?post=28408"}],"curies":[{"name":"wp","href":"https:\/\/api.w.org\/{rel}","templated":true}]}}