{"id":28389,"date":"2014-06-24T09:42:17","date_gmt":"2014-06-24T06:42:17","guid":{"rendered":"https:\/\/www.enerjigazetesi.ist\/?p=28389"},"modified":"2014-06-24T09:42:17","modified_gmt":"2014-06-24T06:42:17","slug":"bulgaristanda-ruzgar-ureticileri-actiklari-davayi-kazandi","status":"publish","type":"post","link":"https:\/\/www.enerjigazetesi.ist\/en\/bulgaristanda-ruzgar-ureticileri-actiklari-davayi-kazandi\/","title":{"rendered":"(Turkish) Bulgaristan\u2019da R\u00fczgar \u00dcreticileri A\u00e7t\u0131klar\u0131 Davay\u0131 Kazand\u0131&#8230;"},"content":{"rendered":"<p class=\"qtranxs-available-languages-message qtranxs-available-languages-message-en\">Sorry, this entry is only available in <a href=\"https:\/\/www.enerjigazetesi.ist\/tr\/wp-json\/wp\/v2\/posts\/28389\" class=\"qtranxs-available-language-link qtranxs-available-language-link-tr\" title=\"Turkish\">Turkish<\/a>. For the sake of viewer convenience, the content is shown below in the alternative language. You may click the link to switch the active language.<\/p><p><strong>Bulgaristan\u2019da R\u00fczgar Enerjisi \u00dcreticileri, \u00fclkede 1 Temmuz 2012 ile 30 Haziran 2013 tarihleri aras\u0131nda yenilenebilir enerji te\u015fvik mekanizmas\u0131 kapsam\u0131nda al\u0131m garantisinin d\u00fc\u015f\u00fcr\u00fclmesine kar\u015f\u0131n a\u00e7t\u0131klar\u0131 davay\u0131 kazand\u0131.<\/strong><span id=\"more-65691\"><\/span><\/p>\n<p>Bulgaristan\u00a0Elektrik ve Su D\u00fczenleme Kurumu (SEWRC), 2012 y\u0131l\u0131nda ald\u0131\u011f\u0131 karar ile\u00a0yenilenebilir enerjide al\u0131m garantisinde sa\u011flanan fiyat\u0131 d\u00fc\u015f\u00fcrm\u00fc\u015ft\u00fc. Bunun \u00fczerine \u00fclkenin r\u00fczgar enerjisi birli\u011fi kurumu (BGWEA) taraf\u0131ndan a\u00e7\u0131lan dav<a href=\"https:\/\/www.enerjigazetesi.ist\/wp-content\/uploads\/2014\/06\/bulgaristan-yenilenebilir-enerji-tesvik-ruzgar-gunes-alim-garantisi-vergi-feed-in-tariff-tax-cut.jpg\"><img loading=\"lazy\" class=\"alignright size-medium wp-image-28390\" src=\"https:\/\/www.enerjigazetesi.ist\/wp-content\/uploads\/2014\/06\/bulgaristan-yenilenebilir-enerji-tesvik-ruzgar-gunes-alim-garantisi-vergi-feed-in-tariff-tax-cut-300x163.jpg\" alt=\"bulgaristan-yenilenebilir-enerji-tesvik-ruzgar-gunes-alim-garantisi-vergi-feed-in-tariff-tax-cut\" width=\"300\" height=\"163\" srcset=\"https:\/\/www.enerjigazetesi.ist\/wp-content\/uploads\/2014\/06\/bulgaristan-yenilenebilir-enerji-tesvik-ruzgar-gunes-alim-garantisi-vergi-feed-in-tariff-tax-cut-300x163.jpg 300w, https:\/\/www.enerjigazetesi.ist\/wp-content\/uploads\/2014\/06\/bulgaristan-yenilenebilir-enerji-tesvik-ruzgar-gunes-alim-garantisi-vergi-feed-in-tariff-tax-cut-500x272.jpg 500w, https:\/\/www.enerjigazetesi.ist\/wp-content\/uploads\/2014\/06\/bulgaristan-yenilenebilir-enerji-tesvik-ruzgar-gunes-alim-garantisi-vergi-feed-in-tariff-tax-cut-80x43.jpg 80w, https:\/\/www.enerjigazetesi.ist\/wp-content\/uploads\/2014\/06\/bulgaristan-yenilenebilir-enerji-tesvik-ruzgar-gunes-alim-garantisi-vergi-feed-in-tariff-tax-cut.jpg 610w\" sizes=\"(max-width: 300px) 100vw, 300px\" \/><\/a>a sonu\u00e7land\u0131. BGWEA taraf\u0131ndan yap\u0131lan a\u00e7\u0131klamya g\u00f6re; Bulgarisan Mahkemesi, 1 Temmuz 2012 ile 30 Haziran 2013 tarihleri aras\u0131nda al\u0131m garantisini d\u00fc\u015f\u00fcrme karar\u0131na kar\u015f\u0131n r\u00fczgar\u00a0\u00fcreticilerinin lehine sonu\u00e7land\u0131rd\u0131. Temmuz 2012 tarihinde, elektrik d\u00fczenleme kurumu r\u00fczgar enerjisinde al\u0131m garantisini y\u00fczde 22-23 oran\u0131nda azaltan karar\u0131 onaylam\u0131\u015ft\u0131.<\/p>\n<p>Mahkeme, 1 Temmuz 2012 ile 30 Haziran 2013 tarihleri aras\u0131nda al\u0131m garantisinin d\u00fc\u015f\u00fcr\u00fclmesiyle, r\u00fczgar yat\u0131r\u0131mlar\u0131nda\u00a0geri d\u00f6n\u00fc\u015f\u00a0y\u00fczdesinin y\u00fczde 9\u2032dan y\u00fczde 7\u2032ye indi\u011fini tespit etti\u00a0ve al\u0131m garantisinde al\u0131nan karar\u0131n; objektif olmayan kriterler, \u015feffaf olmayan fiyat olu\u015fumu ve hatal\u0131 finansal g\u00f6stergeler baz al\u0131narak verildi\u011fi sonucuna\u00a0vard\u0131.<\/p>\n<p>\u00d6te yandan,\u00a0Elektrik ve Su D\u00fczenleme Kurumu ge\u00e7ti\u011fimiz hafta yay\u0131nlad\u0131\u011f\u0131 yeni bir teklifte, 1 Temmuz 2014-1 Haziran 2015 d\u00f6nemi i\u00e7in r\u00fczgar enerjisind al\u0131m garantisinin y\u00fczde 22 d\u00fc\u015f\u00fcr\u00fclmesini istedi. Ayr\u0131ca, ayn\u0131 d\u00f6nem i\u00e7in g\u00fcne\u015f enerjisinde sa\u011flanan al\u0131m garantisinde y\u00fczde 50\u2032nin \u00fcst\u00fcnde azalt\u0131m istenild\u011fi belirtiliyor.<\/p>\n<p>Ge\u00e7ti\u011fimiz Aral\u0131k ay\u0131nda, Bulgaristan Ulusal Elektrik \u015eirketi\u2019nin (NEK) k\u00f6t\u00fc finansal durumu nedeniyle h\u00fck\u00fcmet r\u00fczgar ve g\u00fcne\u015f\u00a0enerji \u00fcreticilerinden ayr\u0131ca y\u00fczde 20 gelir vergisi alma karar\u0131 alm\u0131\u015ft\u0131.<\/p>\n<p>Bulgaristan Fotovoltaik Birli\u011fi (BPVA) taraf\u0131ndan yap\u0131lan bir ba\u015fka a\u00e7\u0131klamada, elektrik kurumu taraf\u0131ndan yap\u0131lan teklifte bir hata olabilece\u011fini belirtildi ve\u00a0ay sonuna kadar toplant\u0131lar\u0131n s\u00fcrece\u011fi \u00a0ifade edildi.<\/p>\n<p>Kaynak: Enerji Enstit\u00fcs\u00fc<\/p>","protected":false},"excerpt":{"rendered":"<p>Sorry, this entry is only available in Turkish. For the sake of viewer convenience, the content is shown below in the alternative language. You may click the link to switch the active language.Bulgaristan\u2019da R\u00fczgar Enerjisi \u00dcreticileri, \u00fclkede 1 Temmuz 2012 ile 30 Haziran 2013 tarihleri aras\u0131nda yenilenebilir enerji te\u015fvik mekanizmas\u0131 kapsam\u0131nda al\u0131m garantisinin d\u00fc\u015f\u00fcr\u00fclmesine kar\u015f\u0131n [&hellip;]<\/p>\n","protected":false},"author":1,"featured_media":28390,"comment_status":"open","ping_status":"open","sticky":false,"template":"","format":"standard","meta":[],"categories":[53],"tags":[16111,16112,16113,16114,16115,16116,16117,8275,16118,16119],"views":703,"_links":{"self":[{"href":"https:\/\/www.enerjigazetesi.ist\/en\/wp-json\/wp\/v2\/posts\/28389"}],"collection":[{"href":"https:\/\/www.enerjigazetesi.ist\/en\/wp-json\/wp\/v2\/posts"}],"about":[{"href":"https:\/\/www.enerjigazetesi.ist\/en\/wp-json\/wp\/v2\/types\/post"}],"author":[{"embeddable":true,"href":"https:\/\/www.enerjigazetesi.ist\/en\/wp-json\/wp\/v2\/users\/1"}],"replies":[{"embeddable":true,"href":"https:\/\/www.enerjigazetesi.ist\/en\/wp-json\/wp\/v2\/comments?post=28389"}],"version-history":[{"count":1,"href":"https:\/\/www.enerjigazetesi.ist\/en\/wp-json\/wp\/v2\/posts\/28389\/revisions"}],"predecessor-version":[{"id":28391,"href":"https:\/\/www.enerjigazetesi.ist\/en\/wp-json\/wp\/v2\/posts\/28389\/revisions\/28391"}],"wp:featuredmedia":[{"embeddable":true,"href":"https:\/\/www.enerjigazetesi.ist\/en\/wp-json\/wp\/v2\/media\/28390"}],"wp:attachment":[{"href":"https:\/\/www.enerjigazetesi.ist\/en\/wp-json\/wp\/v2\/media?parent=28389"}],"wp:term":[{"taxonomy":"category","embeddable":true,"href":"https:\/\/www.enerjigazetesi.ist\/en\/wp-json\/wp\/v2\/categories?post=28389"},{"taxonomy":"post_tag","embeddable":true,"href":"https:\/\/www.enerjigazetesi.ist\/en\/wp-json\/wp\/v2\/tags?post=28389"}],"curies":[{"name":"wp","href":"https:\/\/api.w.org\/{rel}","templated":true}]}}