{"id":28386,"date":"2014-06-24T09:31:43","date_gmt":"2014-06-24T06:31:43","guid":{"rendered":"https:\/\/www.enerjigazetesi.ist\/?p=28386"},"modified":"2014-06-24T09:31:43","modified_gmt":"2014-06-24T06:31:43","slug":"ilk-kez-yerli-buhar-turbin-kanadi-yapti","status":"publish","type":"post","link":"https:\/\/www.enerjigazetesi.ist\/en\/ilk-kez-yerli-buhar-turbin-kanadi-yapti\/","title":{"rendered":"(Turkish) \u0130lk Kez Yerli Buhar T\u00fcrbin Kanad\u0131 Yapt\u0131!"},"content":{"rendered":"<p class=\"qtranxs-available-languages-message qtranxs-available-languages-message-en\">Sorry, this entry is only available in <a href=\"https:\/\/www.enerjigazetesi.ist\/tr\/wp-json\/wp\/v2\/posts\/28386\" class=\"qtranxs-available-language-link qtranxs-available-language-link-tr\" title=\"Turkish\">Turkish<\/a>. For the sake of viewer convenience, the content is shown below in the alternative language. You may click the link to switch the active language.<\/p><p><strong>T\u00fcrkiye Bilimsel ve Teknolojik Ara\u015ft\u0131rma Kurumu (T\u00dcB\u0130TAK) Marmara Ara\u015ft\u0131rma Merkezi (MAM) Yenik\u00f6y Elektrik \u00dcretim A\u015e\u2019nin (YEA\u015e) talebiyle Yenik\u00f6y ve Yata\u011fan Termik Santrallerinde kullan\u0131lmak \u00fczere 92 \u00fc\u00e7\u00fcnc\u00fc kademe buhar t\u00fcrbin kanad\u0131 \u00fcretti.<\/strong><\/p>\n<p><a href=\"https:\/\/www.enerjigazetesi.ist\/wp-content\/uploads\/2014\/06\/t\u00fcrbin.jpg\"><img loading=\"lazy\" class=\"alignright size-full wp-image-28387\" src=\"https:\/\/www.enerjigazetesi.ist\/wp-content\/uploads\/2014\/06\/t\u00fcrbin.jpg\" alt=\"t\u00fcrbin\" width=\"296\" height=\"293\" srcset=\"https:\/\/www.enerjigazetesi.ist\/wp-content\/uploads\/2014\/06\/t\u00fcrbin.jpg 296w, https:\/\/www.enerjigazetesi.ist\/wp-content\/uploads\/2014\/06\/t\u00fcrbin-50x50.jpg 50w\" sizes=\"(max-width: 296px) 100vw, 296px\" \/><\/a>Kanatlar, Yenik\u00f6y Termik Santrali\u2019nde d\u00fczenlenen t\u00f6renle teslim edildi.<\/p>\n<p>T\u00dcB\u0130TAK MAM Ba\u015fkan Yard\u0131mc\u0131s\u0131 Do\u00e7. Dr. Murat Makarac\u0131, gazetecilere yapt\u0131\u011f\u0131 a\u00e7\u0131klamada, projenin T\u00fcrkiye\u2019de bir ilk oldu\u011funu, T\u00dcB\u0130TAK ve payda\u015flar\u0131n\u0131n, YEA\u015e\u2019\u0131n talebiyle ciddi bir ara\u015ft\u0131rma s\u00fcrecine girdi\u011fini s\u00f6yledi.<\/p>\n<p>\u0130thal edilen buhar t\u00fcrbin kanatlar\u0131n\u0131 T\u00fcrkiye\u2019de \u00fcretmeyi ba\u015fard\u0131klar\u0131n\u0131 kaydeden Makarac\u0131, \u00e7al\u0131\u015fman\u0131n yakla\u015f\u0131k 2 y\u0131l s\u00fcrd\u00fc\u011f\u00fcn\u00fc belirterek, eme\u011fi ge\u00e7enlere te\u015fekk\u00fcr etti.<\/p>\n<p>T\u00dcB\u0130TAK MAM Malzeme Enstit\u00fcs\u00fc Kritik Metalik Malzemeler Grup Lideri Do\u00e7. Dr. Havva Kazdal Zeytin, proje sayesinde T\u00fcrkiye\u2019nin yak\u0131n gelecekte kendi motorlar\u0131n\u0131 \u00fcretebilece\u011fine dikkati \u00e7ekerek, \u201c\u00dcretti\u011fimiz teknoloji, u\u00e7ak ve otomobil motorlar\u0131n\u0131n altyap\u0131s\u0131 say\u0131labilir\u201d dedi.<\/p>\n<p>T\u00fcrbin kanatlar\u0131n\u0131n malzeme ve altyap\u0131 y\u00f6n\u00fcnden T\u00fcrkiye\u2019de yap\u0131lamayaca\u011f\u0131 y\u00f6n\u00fcnde alg\u0131lar bulundu\u011funa i\u015faret eden Zeytin, projede T\u00dcB\u0130TAK\u2019\u0131n bilgi birikimiyle Omta\u015f \u00c7elik A\u015e, CNK Havac\u0131l\u0131k ve Termoind\u00fcksiyon firmalar\u0131n\u0131n teknolojisinin kullan\u0131ld\u0131\u011f\u0131n\u0131 belirterek, \u201cMaliyeti de yurt d\u0131\u015f\u0131n\u0131n yar\u0131s\u0131 oldu\u201d diye konu\u015ftu.<\/p>\n<p>YEA\u015e Genel M\u00fcd\u00fcr Yard\u0131mc\u0131s\u0131 Serdar Toprak, T\u00fcrkiye\u2019de yerli teknoloji kullanan ilk termik santral olduklar\u0131n\u0131 bildirdi. Santrallerinde yerli teknolojiyle enerji \u00fcretimi \u00e7al\u0131\u015fmalar\u0131na 2011 y\u0131l\u0131nda T\u00dcB\u0130TAK ile ba\u015flad\u0131klar\u0131n\u0131 belirten Toprak, \u201cK\u0131sa s\u00fcrede elimizdeki \u00f6rneklerden daha iyilerini yapabileceklerini anlad\u0131k. \u0130n\u015fallah montajdan sonra ne kadar faydal\u0131 olduklar\u0131n\u0131 g\u00f6rece\u011fiz. Bu projeyle di\u011fer santrallerde de yerli teknolojinin kullan\u0131lmas\u0131na \u00f6nc\u00fcl\u00fck etmi\u015f olaca\u011f\u0131z\u201d dedi.<\/p>\n<p>Teslim t\u00f6reninin ard\u0131ndan buhar t\u00fcrbin kanatlar\u0131 sisteme entegre edildi.<\/p>\n<p>Kaynak: \u00a0AA<\/p>","protected":false},"excerpt":{"rendered":"<p>Sorry, this entry is only available in Turkish. For the sake of viewer convenience, the content is shown below in the alternative language. You may click the link to switch the active language.T\u00fcrkiye Bilimsel ve Teknolojik Ara\u015ft\u0131rma Kurumu (T\u00dcB\u0130TAK) Marmara Ara\u015ft\u0131rma Merkezi (MAM) Yenik\u00f6y Elektrik \u00dcretim A\u015e\u2019nin (YEA\u015e) talebiyle Yenik\u00f6y ve Yata\u011fan Termik Santrallerinde kullan\u0131lmak [&hellip;]<\/p>\n","protected":false},"author":1,"featured_media":28387,"comment_status":"open","ping_status":"open","sticky":false,"template":"","format":"standard","meta":[],"categories":[53],"tags":[16106,68,16107,16108,1971,4130,10619,16109,16110],"views":1502,"_links":{"self":[{"href":"https:\/\/www.enerjigazetesi.ist\/en\/wp-json\/wp\/v2\/posts\/28386"}],"collection":[{"href":"https:\/\/www.enerjigazetesi.ist\/en\/wp-json\/wp\/v2\/posts"}],"about":[{"href":"https:\/\/www.enerjigazetesi.ist\/en\/wp-json\/wp\/v2\/types\/post"}],"author":[{"embeddable":true,"href":"https:\/\/www.enerjigazetesi.ist\/en\/wp-json\/wp\/v2\/users\/1"}],"replies":[{"embeddable":true,"href":"https:\/\/www.enerjigazetesi.ist\/en\/wp-json\/wp\/v2\/comments?post=28386"}],"version-history":[{"count":1,"href":"https:\/\/www.enerjigazetesi.ist\/en\/wp-json\/wp\/v2\/posts\/28386\/revisions"}],"predecessor-version":[{"id":28388,"href":"https:\/\/www.enerjigazetesi.ist\/en\/wp-json\/wp\/v2\/posts\/28386\/revisions\/28388"}],"wp:featuredmedia":[{"embeddable":true,"href":"https:\/\/www.enerjigazetesi.ist\/en\/wp-json\/wp\/v2\/media\/28387"}],"wp:attachment":[{"href":"https:\/\/www.enerjigazetesi.ist\/en\/wp-json\/wp\/v2\/media?parent=28386"}],"wp:term":[{"taxonomy":"category","embeddable":true,"href":"https:\/\/www.enerjigazetesi.ist\/en\/wp-json\/wp\/v2\/categories?post=28386"},{"taxonomy":"post_tag","embeddable":true,"href":"https:\/\/www.enerjigazetesi.ist\/en\/wp-json\/wp\/v2\/tags?post=28386"}],"curies":[{"name":"wp","href":"https:\/\/api.w.org\/{rel}","templated":true}]}}