{"id":28331,"date":"2014-06-23T15:52:49","date_gmt":"2014-06-23T12:52:49","guid":{"rendered":"https:\/\/www.enerjigazetesi.ist\/?p=28331"},"modified":"2014-06-23T15:53:10","modified_gmt":"2014-06-23T12:53:10","slug":"egeden-zeytinliklerin-enerji-yatirimlarina-acilmasina-sert-tepki","status":"publish","type":"post","link":"https:\/\/www.enerjigazetesi.ist\/en\/egeden-zeytinliklerin-enerji-yatirimlarina-acilmasina-sert-tepki\/","title":{"rendered":"(Turkish) Ege&#8217;den Zeytinliklerin Enerji Yat\u0131r\u0131mlar\u0131na A\u00e7\u0131lmas\u0131na Sert Tepki&#8230;"},"content":{"rendered":"<p class=\"qtranxs-available-languages-message qtranxs-available-languages-message-en\">Sorry, this entry is only available in <a href=\"https:\/\/www.enerjigazetesi.ist\/tr\/wp-json\/wp\/v2\/posts\/28331\" class=\"qtranxs-available-language-link qtranxs-available-language-link-tr\" title=\"Turkish\">Turkish<\/a>. For the sake of viewer convenience, the content is shown below in the alternative language. You may click the link to switch the active language.<\/p><p><\/p>\n<p><strong>Enerji Bakanl\u0131\u011f\u0131\u2019n\u0131n haz\u0131rlad\u0131\u011f\u0131 TBMM\u2019ye g\u00f6nderilen zeytinliklerin enerji yat\u0131r\u0131mlar\u0131na a\u00e7\u0131lmas\u0131n\u0131 \u00f6ng\u00f6ren kanun tasar\u0131s\u0131na, zeytinin ana vatan\u0131ndan sert tepki geldi.<\/strong><span id=\"more-65662\"><\/span><\/p>\n<p><a href=\"https:\/\/www.enerjigazetesi.ist\/wp-content\/uploads\/2014\/06\/zeytinlik.jpg\"><img loading=\"lazy\" class=\"alignright size-medium wp-image-28335\" src=\"https:\/\/www.enerjigazetesi.ist\/wp-content\/uploads\/2014\/06\/zeytinlik-300x186.jpg\" alt=\"zeytinlik\" width=\"300\" height=\"186\" srcset=\"https:\/\/www.enerjigazetesi.ist\/wp-content\/uploads\/2014\/06\/zeytinlik-300x186.jpg 300w, https:\/\/www.enerjigazetesi.ist\/wp-content\/uploads\/2014\/06\/zeytinlik-500x310.jpg 500w, https:\/\/www.enerjigazetesi.ist\/wp-content\/uploads\/2014\/06\/zeytinlik-80x50.jpg 80w, https:\/\/www.enerjigazetesi.ist\/wp-content\/uploads\/2014\/06\/zeytinlik.jpg 703w\" sizes=\"(max-width: 300px) 100vw, 300px\" \/><\/a>T\u00fcrkiye zeytin \u00fcretim alanlar\u0131n\u0131n y\u00fczde 80\u2019ine sahip Ege B\u00f6lgesi\u2019ndeki \u00fcreticiler ve sivil toplum kurulu\u015flar\u0131, Enerji ve Tabii Kaynaklar Bakanl\u0131\u011f\u0131 taraf\u0131ndan haz\u0131rlanarak TBMM\u2019ye g\u00f6nderilen tasla\u011f\u0131n geri \u00e7ekilmesini istiyor. Zeytin bah\u00e7elerinin s\u00f6k\u00fclerek termik santral in\u015fa edilmesinin zeytin \u00fcretimine b\u00fcy\u00fck darbe vuraca\u011f\u0131na dikkat \u00e7eken ve tasar\u0131y\u0131 ihanet olarak nitelendiren sekt\u00f6r temsilcileri, \u201cZeytinlik alanlar\u0131n tahribat\u0131n\u0131n y\u0131llar boyunca yerine konulamayaca\u011f\u0131 bir ger\u00e7ek. Binlerce y\u0131l hizmet edebilece\u011fi bilinen b\u00f6yle bir varl\u0131\u011f\u0131n 20-30 y\u0131ll\u0131k bir zaman dilimi i\u00e7in harcanmas\u0131 da do\u011fru olamaz.\u201d diyor. Ayd\u0131n Ticaret Borsas\u0131 Ba\u015fkan\u0131 Adnan Bosnal\u0131, tepkisini, \u201cZeytinliklerimize dokunmay\u0131n. B\u00f6yle bir kanunu kabul etmiyoruz.\u201d \u015feklinde dile getiriyor.<\/p>\n<p>7 y\u0131ll\u0131k s\u00fcre\u00e7te T\u00fcrkiye, d\u00fcnyada zeytin varl\u0131\u011f\u0131 a\u00e7\u0131s\u0131ndan \u0130spanya ve \u0130talya\u2019dan sonra 3.s\u0131raya y\u00fckseldi. \u00d6n\u00fcm\u00fczdeki 5 y\u0131lda 650 bin ton zeytinya\u011f\u0131 \u00fcretimiyle de d\u00fcnya ikincili\u011fine oturaca\u011f\u0131 \u00f6ng\u00f6r\u00fcl\u00fcyor, ancak zeytinliklerin enerji yat\u0131r\u0131mlar\u0131na a\u00e7\u0131lmas\u0131, T\u00fcrkiye\u2019nin d\u00fcnyadaki bu konumuna ciddi darbe vuracak. Akhisar\u2019da 450 bin dekar zeytinlik bulundu\u011funu ve kay\u0131tl\u0131 27 bin 393 \u00e7ift\u00e7inin zeytin yeti\u015ftirdi\u011fini aktaran Akhisar Ticaret Borsas\u0131 Ba\u015fkan\u0131 Alper Alhat, \u201cGelirimizin en b\u00fcy\u00fck k\u0131sm\u0131n\u0131, zeytin ve zeytinya\u011f\u0131 tescilleri olu\u015fturuyor. Zeytinliklerin azalmas\u0131, hem \u015fehir hem de \u00fclke ekonomisine zarar getirebilir.\u201d dedi.<\/p>\n<p>Borsa Ba\u015fkan\u0131 Bosnal\u0131, tasar\u0131n\u0131n kanunla\u015fmas\u0131 halinde zeytincili\u011fin b\u00fcy\u00fck darbe alaca\u011f\u0131na dikkat \u00e7ekerek \u015funlar\u0131 s\u00f6yledi: \u201cZeytinlikler s\u00fcrekli g\u00fcndeme geliyor. O zaman zeytinlikleri imara a\u00e7al\u0131m, kurtulal\u0131m. B\u00f6yle bir tasar\u0131n\u0131n yasala\u015fmas\u0131, sekt\u00f6re b\u00fcy\u00fck darbe olur. Zeytin hassas bir a\u011fa\u00e7 ve her yerde yeti\u015fmiyor. B\u00f6yle bir kanunu kabul etmiyoruz.\u201d<\/p>\n<p>Ayd\u0131n Ticaret Odas\u0131 Ba\u015fkan\u0131 Hakan \u00dclken de \u201cEnerji politikalar\u0131m\u0131z\u0131 do\u011fru belirleyip T\u00fcrkiye\u2019nin kendi enerji ihtiyac\u0131n\u0131 kar\u015f\u0131layan ve ihra\u00e7 eden konuma gelmesi laz\u0131m ama bunu yaparken de do\u011fal ve ekolojik dengenin bozulmamas\u0131 ve tar\u0131msal zenginliklerin kaybedilmemesi laz\u0131m. Hele ki zeytin gibi stratejik bir \u00fcr\u00fcnde.\u201d dedi. Zeytindostu Derne\u011fi Ba\u015fkan\u0131 Abidin Tatl\u0131 ise tasar\u0131n\u0131n Meclis\u2019te onaylanmas\u0131 halinde sekt\u00f6r i\u00e7in sonun ba\u015flang\u0131c\u0131 olaca\u011f\u0131n\u0131 s\u00f6yledi. Ege Zeytin ve Zeytinya\u011f\u0131 \u0130hracat\u00e7\u0131lar\u0131 Birli\u011fi Ba\u015fkan\u0131 G\u00fcrkan Renklida\u011f da, tasar\u0131n\u0131n \u00e7evreyle ilgili tedbir al\u0131nmadan yap\u0131lmas\u0131 b\u00fcy\u00fck sorunlara yol a\u00e7aca\u011f\u0131n\u0131 s\u00f6yledi.<\/p>\n<p>Devam\u0131 i\u00e7in <a href=\"http:\/\/www.zaman.com.tr\/ekonomi_egeden-enerji-tasarisina-sert-tepki-zeytinliklerimize-dokunmayin_2225958.html\" target=\"_blank\" rel=\"nofollow\">t\u0131klay\u0131n\u0131z<\/a>.<\/p>\n<p><\/p>","protected":false},"excerpt":{"rendered":"<p>Sorry, this entry is only available in Turkish. For the sake of viewer convenience, the content is shown below in the alternative language. You may click the link to switch the active language. Enerji Bakanl\u0131\u011f\u0131\u2019n\u0131n haz\u0131rlad\u0131\u011f\u0131 TBMM\u2019ye g\u00f6nderilen zeytinliklerin enerji yat\u0131r\u0131mlar\u0131na a\u00e7\u0131lmas\u0131n\u0131 \u00f6ng\u00f6ren kanun tasar\u0131s\u0131na, zeytinin ana vatan\u0131ndan sert tepki geldi. T\u00fcrkiye zeytin \u00fcretim alanlar\u0131n\u0131n [&hellip;]<\/p>\n","protected":false},"author":1,"featured_media":28338,"comment_status":"open","ping_status":"open","sticky":false,"template":"","format":"standard","meta":[],"categories":[53],"tags":[9856,63,93,477,1972,3235,2805,15492,16088,16089],"views":673,"_links":{"self":[{"href":"https:\/\/www.enerjigazetesi.ist\/en\/wp-json\/wp\/v2\/posts\/28331"}],"collection":[{"href":"https:\/\/www.enerjigazetesi.ist\/en\/wp-json\/wp\/v2\/posts"}],"about":[{"href":"https:\/\/www.enerjigazetesi.ist\/en\/wp-json\/wp\/v2\/types\/post"}],"author":[{"embeddable":true,"href":"https:\/\/www.enerjigazetesi.ist\/en\/wp-json\/wp\/v2\/users\/1"}],"replies":[{"embeddable":true,"href":"https:\/\/www.enerjigazetesi.ist\/en\/wp-json\/wp\/v2\/comments?post=28331"}],"version-history":[{"count":2,"href":"https:\/\/www.enerjigazetesi.ist\/en\/wp-json\/wp\/v2\/posts\/28331\/revisions"}],"predecessor-version":[{"id":28337,"href":"https:\/\/www.enerjigazetesi.ist\/en\/wp-json\/wp\/v2\/posts\/28331\/revisions\/28337"}],"wp:featuredmedia":[{"embeddable":true,"href":"https:\/\/www.enerjigazetesi.ist\/en\/wp-json\/wp\/v2\/media\/28338"}],"wp:attachment":[{"href":"https:\/\/www.enerjigazetesi.ist\/en\/wp-json\/wp\/v2\/media?parent=28331"}],"wp:term":[{"taxonomy":"category","embeddable":true,"href":"https:\/\/www.enerjigazetesi.ist\/en\/wp-json\/wp\/v2\/categories?post=28331"},{"taxonomy":"post_tag","embeddable":true,"href":"https:\/\/www.enerjigazetesi.ist\/en\/wp-json\/wp\/v2\/tags?post=28331"}],"curies":[{"name":"wp","href":"https:\/\/api.w.org\/{rel}","templated":true}]}}